{"id":94515,"date":"2019-10-02T05:02:50","date_gmt":"2019-10-02T08:02:50","guid":{"rendered":"http:\/\/www.eltrabajo.cl\/portal\/?p=94515"},"modified":"2019-10-01T20:40:56","modified_gmt":"2019-10-01T23:40:56","slug":"grandes-del-enduro-hicieron-roncar-cerros-de-putaendo-en-7a-fecha-del-zonal-centro","status":"publish","type":"post","link":"https:\/\/eltrabajo.cl\/portal\/grandes-del-enduro-hicieron-roncar-cerros-de-putaendo-en-7a-fecha-del-zonal-centro\/","title":{"rendered":"Grandes del Enduro hicieron roncar cerros de Putaendo en 7\u00aa Fecha del Zonal Centro"},"content":{"rendered":"<p>Ruido de motores es el que sacudi\u00f3 este fin de semana los cerros del sector Piguch\u00e9n en Putaendo, en el marco de la S\u00e9ptima Fecha del Zonal Centro Enduro, que organiz\u00f3 en esta oportunidad el Team Polilla de San Felipe. Fueron m\u00e1s 300 los competidores que se dieron cita en el lugar para avanzar en el Ranking del torneo en desarrollo.<\/p>\n<p><span style=\"color: #ff0000;\"><strong>VIENE LA FINAL<\/strong><\/span><br \/>\nQuien habl\u00f3 con Diario El Trabajo para destacar el buen trabajo de los organizadores fue Mario Villanueva, concejal de San Felipe, \u00abesta fue la s\u00e9ptima fecha del Zonal Enduro realizada por el Team Polilla de San Felipe en la comuna de Putaendo, en donde m\u00e1s de 300 competidores lucharon por los primeros lugares de la jornada, llegaron muchas familias a apoyar a sus favoritos, esta jornada signific\u00f3 mover a muchas gente en apoyo de los ni\u00f1os, j\u00f3venes y adultos que compiten en este deporte tan apasionante que nos mueve a quienes amamos el \u2018Deporte Tuerca\u2019 y estamos muy contentos de que esta 7\u00aa Fecha haya sido desarrollada por uno de nuestros clubes del valle en el sector de Piguch\u00e9n hacia arriba. En cuanto a este campeonato puedo decir que s\u00f3lo falta una fecha m\u00e1s y luego viene la Final, las fechas van cambiando de comuna cada vez entre ellas Quillota, Los Vilos, San Felipe, Putaendo, entre otras, a trav\u00e9s de un Circuito creado para la oportunidad, todos estos organizadores del Team Polilla cuentan con mi respaldo en calidad de concejal joven\u00bb, dijo el edil.<\/p>\n<p><span style=\"color: #ff0000;\"><strong>DIRECTIVO AGRADECE<\/strong><\/span><br \/>\nTambi\u00e9n Fernando Martel, presidente del Team Polilla de San Felipe, quiso agradecer a quienes apoyan esta gesti\u00f3n deportiva, \u00abdar las gracias a toda la gente que nos apoy\u00f3, a la alcald\u00eda de San Felipe y concejales, al gerente de Chevrolet San Felipe Giovanni de Paoli, agradecerle por creer en este proyecto, la fecha fue un \u00e9xito total, al concejal gracias al concejal Mario Villanueva por apoyar el Enduro, \u00e9l no se centra s\u00f3lo en el f\u00fatbol, es un gran aporte para nosotros\u00bb, dijo Martel.<br \/>\nSeg\u00fan inform\u00f3 este dirigente deportivo, pr\u00f3ximamente llegar\u00e1 la final y estar\u00e1n dando a conocer la ciudad y la fecha donde se realizar\u00e1 la misma.<br \/>\n<strong>Roberto Gonz\u00e1lez Short<\/strong><\/p>\n<figure id=\"attachment_94516\" aria-describedby=\"caption-attachment-94516\" style=\"width: 580px\" class=\"wp-caption alignnone\"><img data-recalc-dims=\"1\" loading=\"lazy\" decoding=\"async\" class=\"size-full wp-image-94516\" src=\"https:\/\/i0.wp.com\/www.eltrabajo.cl\/portal\/wp-content\/uploads\/2019\/10\/Enduro1.jpg?resize=580%2C360\" alt=\"SUPREMAC\u00cdA DEPORTIVA.- Aqu\u00ed vemos a los mejores de la jornada siendo premiados por los organizadores, entrega el concejal Mario Villanueva.\" width=\"580\" height=\"360\" srcset=\"https:\/\/i0.wp.com\/eltrabajo.cl\/portal\/wp-content\/uploads\/2019\/10\/Enduro1.jpg?w=580&amp;ssl=1 580w, https:\/\/i0.wp.com\/eltrabajo.cl\/portal\/wp-content\/uploads\/2019\/10\/Enduro1.jpg?resize=200%2C124&amp;ssl=1 200w, https:\/\/i0.wp.com\/eltrabajo.cl\/portal\/wp-content\/uploads\/2019\/10\/Enduro1.jpg?resize=300%2C186&amp;ssl=1 300w, https:\/\/i0.wp.com\/eltrabajo.cl\/portal\/wp-content\/uploads\/2019\/10\/Enduro1.jpg?resize=242%2C150&amp;ssl=1 242w, https:\/\/i0.wp.com\/eltrabajo.cl\/portal\/wp-content\/uploads\/2019\/10\/Enduro1.jpg?resize=400%2C248&amp;ssl=1 400w\" sizes=\"auto, (max-width: 580px) 100vw, 580px\" \/><figcaption id=\"caption-attachment-94516\" class=\"wp-caption-text\">SUPREMAC\u00cdA DEPORTIVA.- Aqu\u00ed vemos a los mejores de la jornada siendo premiados por los organizadores, entrega el concejal Mario Villanueva.<\/figcaption><\/figure>\n<figure id=\"attachment_94518\" aria-describedby=\"caption-attachment-94518\" style=\"width: 579px\" class=\"wp-caption alignnone\"><img data-recalc-dims=\"1\" loading=\"lazy\" decoding=\"async\" class=\"size-full wp-image-94518\" src=\"https:\/\/i0.wp.com\/www.eltrabajo.cl\/portal\/wp-content\/uploads\/2019\/10\/Enduro_Mario-Villanueva.jpg?resize=579%2C648\" alt=\"Concejal Mario Villanueva.\" width=\"579\" height=\"648\" srcset=\"https:\/\/i0.wp.com\/eltrabajo.cl\/portal\/wp-content\/uploads\/2019\/10\/Enduro_Mario-Villanueva.jpg?w=579&amp;ssl=1 579w, https:\/\/i0.wp.com\/eltrabajo.cl\/portal\/wp-content\/uploads\/2019\/10\/Enduro_Mario-Villanueva.jpg?resize=134%2C150&amp;ssl=1 134w, https:\/\/i0.wp.com\/eltrabajo.cl\/portal\/wp-content\/uploads\/2019\/10\/Enduro_Mario-Villanueva.jpg?resize=268%2C300&amp;ssl=1 268w, https:\/\/i0.wp.com\/eltrabajo.cl\/portal\/wp-content\/uploads\/2019\/10\/Enduro_Mario-Villanueva.jpg?resize=400%2C448&amp;ssl=1 400w\" sizes=\"auto, (max-width: 579px) 100vw, 579px\" \/><figcaption id=\"caption-attachment-94518\" class=\"wp-caption-text\">Concejal Mario Villanueva.<\/figcaption><\/figure>\n<figure id=\"attachment_94517\" aria-describedby=\"caption-attachment-94517\" style=\"width: 579px\" class=\"wp-caption alignnone\"><img data-recalc-dims=\"1\" loading=\"lazy\" decoding=\"async\" class=\"size-full wp-image-94517\" src=\"https:\/\/i0.wp.com\/www.eltrabajo.cl\/portal\/wp-content\/uploads\/2019\/10\/Enduro2.jpg?resize=579%2C780\" alt=\"DUROS DEL ENDURO.- El empresario Giovanni de Paoli es otro de los impulsores del Enduro en Aconcagua, \u00e9l tambi\u00e9n felicit\u00f3 a los m\u00e1s peque\u00f1itos.\" width=\"579\" height=\"780\" srcset=\"https:\/\/i0.wp.com\/eltrabajo.cl\/portal\/wp-content\/uploads\/2019\/10\/Enduro2.jpg?w=579&amp;ssl=1 579w, https:\/\/i0.wp.com\/eltrabajo.cl\/portal\/wp-content\/uploads\/2019\/10\/Enduro2.jpg?resize=111%2C150&amp;ssl=1 111w, https:\/\/i0.wp.com\/eltrabajo.cl\/portal\/wp-content\/uploads\/2019\/10\/Enduro2.jpg?resize=223%2C300&amp;ssl=1 223w, https:\/\/i0.wp.com\/eltrabajo.cl\/portal\/wp-content\/uploads\/2019\/10\/Enduro2.jpg?resize=400%2C539&amp;ssl=1 400w\" sizes=\"auto, (max-width: 579px) 100vw, 579px\" \/><figcaption id=\"caption-attachment-94517\" class=\"wp-caption-text\">DUROS DEL ENDURO.- El empresario Giovanni de Paoli es otro de los impulsores del Enduro en Aconcagua, \u00e9l tambi\u00e9n felicit\u00f3 a los m\u00e1s peque\u00f1itos.<\/figcaption><\/figure>\n","protected":false},"excerpt":{"rendered":"<p>Ruido de motores es el que sacudi\u00f3 este fin de semana los cerros del sector Piguch\u00e9n en Putaendo, en el marco de la S\u00e9ptima Fecha del Zonal Centro Enduro, que organiz\u00f3 en&#8230;<\/p>\n","protected":false},"author":482,"featured_media":94516,"comment_status":"open","ping_status":"open","sticky":false,"template":"","format":"standard","meta":{"advanced_seo_description":"","jetpack_seo_html_title":"","jetpack_seo_noindex":false,"_jetpack_memberships_contains_paid_content":false,"footnotes":""},"categories":[19],"tags":[],"class_list":["post-94515","post","type-post","status-publish","format-standard","has-post-thumbnail","hentry","category-deportes"],"jetpack_featured_media_url":"https:\/\/i0.wp.com\/eltrabajo.cl\/portal\/wp-content\/uploads\/2019\/10\/Enduro1.jpg?fit=580%2C360&ssl=1","jetpack_sharing_enabled":true,"jetpack_likes_enabled":true,"jetpack-related-posts":[],"_links":{"self":[{"href":"https:\/\/eltrabajo.cl\/portal\/wp-json\/wp\/v2\/posts\/94515","targetHints":{"allow":["GET"]}}],"collection":[{"href":"https:\/\/eltrabajo.cl\/portal\/wp-json\/wp\/v2\/posts"}],"about":[{"href":"https:\/\/eltrabajo.cl\/portal\/wp-json\/wp\/v2\/types\/post"}],"author":[{"embeddable":true,"href":"https:\/\/eltrabajo.cl\/portal\/wp-json\/wp\/v2\/users\/482"}],"replies":[{"embeddable":true,"href":"https:\/\/eltrabajo.cl\/portal\/wp-json\/wp\/v2\/comments?post=94515"}],"version-history":[{"count":0,"href":"https:\/\/eltrabajo.cl\/portal\/wp-json\/wp\/v2\/posts\/94515\/revisions"}],"wp:featuredmedia":[{"embeddable":true,"href":"https:\/\/eltrabajo.cl\/portal\/wp-json\/wp\/v2\/media\/94516"}],"wp:attachment":[{"href":"https:\/\/eltrabajo.cl\/portal\/wp-json\/wp\/v2\/media?parent=94515"}],"wp:term":[{"taxonomy":"category","embeddable":true,"href":"https:\/\/eltrabajo.cl\/portal\/wp-json\/wp\/v2\/categories?post=94515"},{"taxonomy":"post_tag","embeddable":true,"href":"https:\/\/eltrabajo.cl\/portal\/wp-json\/wp\/v2\/tags?post=94515"}],"curies":[{"name":"wp","href":"https:\/\/api.w.org\/{rel}","templated":true}]}}