{"id":94520,"date":"2019-10-02T05:03:03","date_gmt":"2019-10-02T08:03:03","guid":{"rendered":"http:\/\/www.eltrabajo.cl\/portal\/?p=94520"},"modified":"2019-10-01T20:43:53","modified_gmt":"2019-10-01T23:43:53","slug":"ebrio-al-volante-choco-contra-tres-vehiculos-estacionados-en-putaendo","status":"publish","type":"post","link":"https:\/\/eltrabajo.cl\/portal\/ebrio-al-volante-choco-contra-tres-vehiculos-estacionados-en-putaendo\/","title":{"rendered":"Ebrio al volante choc\u00f3 contra tres veh\u00edculos estacionados en Putaendo"},"content":{"rendered":"<p><span style=\"color: #ff0000;\"><strong>Alcotest arroj\u00f3 1,68 gramos de alcohol en la sangre:<\/strong><\/span><\/p>\n<ul>\n<li><strong>Sujeto domiciliado en Santiago fue detenido por Carabineros por conducci\u00f3n en estado de ebriedad y provocar da\u00f1os en las carrocer\u00edas de dos veh\u00edculos particulares y un taxi ejecutivo.<\/strong><\/li>\n<\/ul>\n<p>Un conductor de 26 a\u00f1os de edad fue detenido por Carabineros tras provocar da\u00f1os a tres veh\u00edculos estacionados en calle San Mart\u00edn en la comuna de Putaendo, circulando en su autom\u00f3vil con 1,68 gramos de alcohol en la sangre, seg\u00fan el resultado que arroj\u00f3 el examen alcotest.<br \/>\nEl teniente de Carabineros, Marcelo Gonz\u00e1lez, inform\u00f3 a Diario El Trabajo que el hecho qued\u00f3 al descubierto en horas de la noche de este domingo, cuando el conductor del veh\u00edculo marca Hyundai se desplazaba por dicha arteria, chocando violentamente contra dos veh\u00edculos particulares y un taxi ejecutivo que se encontraban estacionados a un costado de la calle.<br \/>\nA ra\u00edz de este accidente no se registraron personas lesionadas, no obstante tras la llegada de Carabineros se procedi\u00f3 a fiscalizar al automovilista identificado con las iniciales C.J.V.L., domiciliado en la comuna de San Miguel en Santiago, siendo sometido al examen de alcotest que arroj\u00f3 como resultado 1,68 gramos de alcohol por mil de sangre.<br \/>\nEl sujeto, tras permanecer detenido por conducci\u00f3n en estado de ebriedad y originar da\u00f1os materiales, por instrucci\u00f3n del Fiscal de turno fue dejado en libertad, quedando a la espera de ser citado a concurrir ante el Ministerio P\u00fablico de San Felipe para resolver el caso.<br \/>\n<strong>Pablo Salinas Sald\u00edas<\/strong><\/p>\n<figure id=\"attachment_94521\" aria-describedby=\"caption-attachment-94521\" style=\"width: 580px\" class=\"wp-caption alignnone\"><img data-recalc-dims=\"1\" loading=\"lazy\" decoding=\"async\" class=\"size-full wp-image-94521\" src=\"https:\/\/i0.wp.com\/www.eltrabajo.cl\/portal\/wp-content\/uploads\/2019\/10\/AUTOMOVIL-2.jpg?resize=580%2C360\" alt=\"Este taxi ejecutivo estacionado en calle San Mart\u00edn, frente el N\u00ba 683 en Putaendo, result\u00f3 con da\u00f1os en su carrocer\u00eda.\" width=\"580\" height=\"360\" srcset=\"https:\/\/i0.wp.com\/eltrabajo.cl\/portal\/wp-content\/uploads\/2019\/10\/AUTOMOVIL-2.jpg?w=580&amp;ssl=1 580w, https:\/\/i0.wp.com\/eltrabajo.cl\/portal\/wp-content\/uploads\/2019\/10\/AUTOMOVIL-2.jpg?resize=200%2C124&amp;ssl=1 200w, https:\/\/i0.wp.com\/eltrabajo.cl\/portal\/wp-content\/uploads\/2019\/10\/AUTOMOVIL-2.jpg?resize=300%2C186&amp;ssl=1 300w, https:\/\/i0.wp.com\/eltrabajo.cl\/portal\/wp-content\/uploads\/2019\/10\/AUTOMOVIL-2.jpg?resize=242%2C150&amp;ssl=1 242w, https:\/\/i0.wp.com\/eltrabajo.cl\/portal\/wp-content\/uploads\/2019\/10\/AUTOMOVIL-2.jpg?resize=400%2C248&amp;ssl=1 400w\" sizes=\"auto, (max-width: 580px) 100vw, 580px\" \/><figcaption id=\"caption-attachment-94521\" class=\"wp-caption-text\">Este taxi ejecutivo estacionado en calle San Mart\u00edn, frente el N\u00ba 683 en Putaendo, result\u00f3 con da\u00f1os en su carrocer\u00eda.<\/figcaption><\/figure>\n<figure id=\"attachment_94523\" aria-describedby=\"caption-attachment-94523\" style=\"width: 580px\" class=\"wp-caption alignnone\"><img data-recalc-dims=\"1\" loading=\"lazy\" decoding=\"async\" class=\"size-full wp-image-94523\" src=\"https:\/\/i0.wp.com\/www.eltrabajo.cl\/portal\/wp-content\/uploads\/2019\/10\/AUTOMOVIL1.jpg?resize=580%2C358\" alt=\"El imputado circulaba en este veh\u00edculo en estado de ebriedad.\" width=\"580\" height=\"358\" srcset=\"https:\/\/i0.wp.com\/eltrabajo.cl\/portal\/wp-content\/uploads\/2019\/10\/AUTOMOVIL1.jpg?w=580&amp;ssl=1 580w, https:\/\/i0.wp.com\/eltrabajo.cl\/portal\/wp-content\/uploads\/2019\/10\/AUTOMOVIL1.jpg?resize=200%2C123&amp;ssl=1 200w, https:\/\/i0.wp.com\/eltrabajo.cl\/portal\/wp-content\/uploads\/2019\/10\/AUTOMOVIL1.jpg?resize=300%2C185&amp;ssl=1 300w, https:\/\/i0.wp.com\/eltrabajo.cl\/portal\/wp-content\/uploads\/2019\/10\/AUTOMOVIL1.jpg?resize=243%2C150&amp;ssl=1 243w, https:\/\/i0.wp.com\/eltrabajo.cl\/portal\/wp-content\/uploads\/2019\/10\/AUTOMOVIL1.jpg?resize=400%2C247&amp;ssl=1 400w\" sizes=\"auto, (max-width: 580px) 100vw, 580px\" \/><figcaption id=\"caption-attachment-94523\" class=\"wp-caption-text\">El imputado circulaba en este veh\u00edculo en estado de ebriedad.<\/figcaption><\/figure>\n","protected":false},"excerpt":{"rendered":"<p>Alcotest arroj\u00f3 1,68 gramos de alcohol en la sangre: Sujeto domiciliado en Santiago fue detenido por Carabineros por conducci\u00f3n en estado de ebriedad y provocar da\u00f1os en las carrocer\u00edas de dos veh\u00edculos&#8230;<\/p>\n","protected":false},"author":482,"featured_media":94522,"comment_status":"open","ping_status":"open","sticky":false,"template":"","format":"standard","meta":{"advanced_seo_description":"","jetpack_seo_html_title":"","jetpack_seo_noindex":false,"_jetpack_memberships_contains_paid_content":false,"footnotes":""},"categories":[21],"tags":[],"class_list":["post-94520","post","type-post","status-publish","format-standard","has-post-thumbnail","hentry","category-policial"],"jetpack_featured_media_url":"https:\/\/i0.wp.com\/eltrabajo.cl\/portal\/wp-content\/uploads\/2019\/10\/AUTOMOVIL.jpg?fit=580%2C359&ssl=1","jetpack_sharing_enabled":true,"jetpack_likes_enabled":true,"jetpack-related-posts":[],"_links":{"self":[{"href":"https:\/\/eltrabajo.cl\/portal\/wp-json\/wp\/v2\/posts\/94520","targetHints":{"allow":["GET"]}}],"collection":[{"href":"https:\/\/eltrabajo.cl\/portal\/wp-json\/wp\/v2\/posts"}],"about":[{"href":"https:\/\/eltrabajo.cl\/portal\/wp-json\/wp\/v2\/types\/post"}],"author":[{"embeddable":true,"href":"https:\/\/eltrabajo.cl\/portal\/wp-json\/wp\/v2\/users\/482"}],"replies":[{"embeddable":true,"href":"https:\/\/eltrabajo.cl\/portal\/wp-json\/wp\/v2\/comments?post=94520"}],"version-history":[{"count":0,"href":"https:\/\/eltrabajo.cl\/portal\/wp-json\/wp\/v2\/posts\/94520\/revisions"}],"wp:featuredmedia":[{"embeddable":true,"href":"https:\/\/eltrabajo.cl\/portal\/wp-json\/wp\/v2\/media\/94522"}],"wp:attachment":[{"href":"https:\/\/eltrabajo.cl\/portal\/wp-json\/wp\/v2\/media?parent=94520"}],"wp:term":[{"taxonomy":"category","embeddable":true,"href":"https:\/\/eltrabajo.cl\/portal\/wp-json\/wp\/v2\/categories?post=94520"},{"taxonomy":"post_tag","embeddable":true,"href":"https:\/\/eltrabajo.cl\/portal\/wp-json\/wp\/v2\/tags?post=94520"}],"curies":[{"name":"wp","href":"https:\/\/api.w.org\/{rel}","templated":true}]}}