{"id":94525,"date":"2019-10-02T05:04:03","date_gmt":"2019-10-02T08:04:03","guid":{"rendered":"http:\/\/www.eltrabajo.cl\/portal\/?p=94525"},"modified":"2019-10-01T20:46:00","modified_gmt":"2019-10-01T23:46:00","slug":"campeonato-regional-jovenes-por-la-cueca-este-sabado-5-de-octubre","status":"publish","type":"post","link":"https:\/\/eltrabajo.cl\/portal\/campeonato-regional-jovenes-por-la-cueca-este-sabado-5-de-octubre\/","title":{"rendered":"Campeonato Regional \u2018J\u00f3venes por la Cueca\u2019 este s\u00e1bado 5 de octubre"},"content":{"rendered":"<p><span style=\"color: #ff0000;\"><strong>C\u00edrculo de Difusi\u00f3n de Cultura y Folklore:<\/strong> <\/span><\/p>\n<p>Este s\u00e1bado 5 de octubre en el Teatro Municipal de San Felipe, a las 15 horas, se realizar\u00e1 el Campeonato Regional \u2018J\u00f3venes por la Cueca\u2019, organizado por la agrupaci\u00f3n local \u2018C\u00edrculo de Difusi\u00f3n de Cultura y Folklore\u2019, junto a la Delegada Regional Ver\u00f3nica Alvarado P\u00e1ez. Este gran evento cuenta con el auspicio de la Municipalidad de San Felipe.<br \/>\n\u00abEstamos trabajando hace bastante tiempo ya, por realizar este hermoso campeonato, el cual le dar\u00e1 la posibilidad a la pareja campeona de representarnos en la ciudad de Temuco el pr\u00f3ximo mes de enero de 2020. En enero de este a\u00f1o estuvimos en esa ciudad y la verdad que fue un gran y hermoso campeonato, as\u00ed que invitamos a las parejas que quieran participar, y a la comunidad cuequera de nuestro Valle, a acompa\u00f1arnos. Las cuecas estar\u00e1n a cargo de una gran agrupaci\u00f3n como son \u2018A los Cuatro Vientos\u2019 y en la animaci\u00f3n Patricio Chavarr\u00eda\u00bb, se\u00f1al\u00f3 Ver\u00f3nica Alvarado P\u00e1ez, delegada regional.<br \/>\nRecalc\u00f3 que en este campeonato pueden participar j\u00f3venes de la Quinta Regi\u00f3n cuyas edades fluct\u00faen entre los 17 a 24 a\u00f1os. Patricio Chavarr\u00eda, el animador oficial, aprovech\u00f3 para reiterar la invitaci\u00f3n para este s\u00e1bado 5 de octubre a contar desde las 15:00 horas en el Teatro Municipal de San Felipe.<\/p>\n<figure id=\"attachment_94526\" aria-describedby=\"caption-attachment-94526\" style=\"width: 580px\" class=\"wp-caption alignnone\"><img data-recalc-dims=\"1\" loading=\"lazy\" decoding=\"async\" class=\"size-full wp-image-94526\" src=\"https:\/\/i0.wp.com\/www.eltrabajo.cl\/portal\/wp-content\/uploads\/2019\/10\/Cueca_Andrea-AMolina-Dabes-Gomez.jpg?resize=580%2C360\" alt=\"Dabes G\u00f3mez y Andrea Molina, participan por nuestra comuna.\" width=\"580\" height=\"360\" srcset=\"https:\/\/i0.wp.com\/eltrabajo.cl\/portal\/wp-content\/uploads\/2019\/10\/Cueca_Andrea-AMolina-Dabes-Gomez.jpg?w=580&amp;ssl=1 580w, https:\/\/i0.wp.com\/eltrabajo.cl\/portal\/wp-content\/uploads\/2019\/10\/Cueca_Andrea-AMolina-Dabes-Gomez.jpg?resize=200%2C124&amp;ssl=1 200w, https:\/\/i0.wp.com\/eltrabajo.cl\/portal\/wp-content\/uploads\/2019\/10\/Cueca_Andrea-AMolina-Dabes-Gomez.jpg?resize=300%2C186&amp;ssl=1 300w, https:\/\/i0.wp.com\/eltrabajo.cl\/portal\/wp-content\/uploads\/2019\/10\/Cueca_Andrea-AMolina-Dabes-Gomez.jpg?resize=242%2C150&amp;ssl=1 242w, https:\/\/i0.wp.com\/eltrabajo.cl\/portal\/wp-content\/uploads\/2019\/10\/Cueca_Andrea-AMolina-Dabes-Gomez.jpg?resize=400%2C248&amp;ssl=1 400w\" sizes=\"auto, (max-width: 580px) 100vw, 580px\" \/><figcaption id=\"caption-attachment-94526\" class=\"wp-caption-text\">Dabes G\u00f3mez y Andrea Molina, participan por nuestra comuna.<\/figcaption><\/figure>\n<figure id=\"attachment_94528\" aria-describedby=\"caption-attachment-94528\" style=\"width: 580px\" class=\"wp-caption alignnone\"><img data-recalc-dims=\"1\" loading=\"lazy\" decoding=\"async\" class=\"size-full wp-image-94528\" src=\"https:\/\/i0.wp.com\/www.eltrabajo.cl\/portal\/wp-content\/uploads\/2019\/10\/Cueca1.jpg?resize=580%2C359\" alt=\"Daniela y Vicente, actuales campeones regionales 2018.\" width=\"580\" height=\"359\" srcset=\"https:\/\/i0.wp.com\/eltrabajo.cl\/portal\/wp-content\/uploads\/2019\/10\/Cueca1.jpg?w=580&amp;ssl=1 580w, https:\/\/i0.wp.com\/eltrabajo.cl\/portal\/wp-content\/uploads\/2019\/10\/Cueca1.jpg?resize=200%2C124&amp;ssl=1 200w, https:\/\/i0.wp.com\/eltrabajo.cl\/portal\/wp-content\/uploads\/2019\/10\/Cueca1.jpg?resize=300%2C186&amp;ssl=1 300w, https:\/\/i0.wp.com\/eltrabajo.cl\/portal\/wp-content\/uploads\/2019\/10\/Cueca1.jpg?resize=242%2C150&amp;ssl=1 242w, https:\/\/i0.wp.com\/eltrabajo.cl\/portal\/wp-content\/uploads\/2019\/10\/Cueca1.jpg?resize=400%2C248&amp;ssl=1 400w\" sizes=\"auto, (max-width: 580px) 100vw, 580px\" \/><figcaption id=\"caption-attachment-94528\" class=\"wp-caption-text\">Daniela y Vicente, actuales campeones regionales 2018.<\/figcaption><\/figure>\n<figure id=\"attachment_94527\" aria-describedby=\"caption-attachment-94527\" style=\"width: 579px\" class=\"wp-caption alignnone\"><img data-recalc-dims=\"1\" loading=\"lazy\" decoding=\"async\" class=\"size-full wp-image-94527\" src=\"https:\/\/i0.wp.com\/www.eltrabajo.cl\/portal\/wp-content\/uploads\/2019\/10\/Cueca_Veronica-Alvarado.jpg?resize=579%2C622\" alt=\"Ver\u00f3nica Alvarado P\u00e1ez, delegada regional y organizadora del campeonato.\" width=\"579\" height=\"622\" srcset=\"https:\/\/i0.wp.com\/eltrabajo.cl\/portal\/wp-content\/uploads\/2019\/10\/Cueca_Veronica-Alvarado.jpg?w=579&amp;ssl=1 579w, https:\/\/i0.wp.com\/eltrabajo.cl\/portal\/wp-content\/uploads\/2019\/10\/Cueca_Veronica-Alvarado.jpg?resize=140%2C150&amp;ssl=1 140w, https:\/\/i0.wp.com\/eltrabajo.cl\/portal\/wp-content\/uploads\/2019\/10\/Cueca_Veronica-Alvarado.jpg?resize=279%2C300&amp;ssl=1 279w, https:\/\/i0.wp.com\/eltrabajo.cl\/portal\/wp-content\/uploads\/2019\/10\/Cueca_Veronica-Alvarado.jpg?resize=400%2C430&amp;ssl=1 400w\" sizes=\"auto, (max-width: 579px) 100vw, 579px\" \/><figcaption id=\"caption-attachment-94527\" class=\"wp-caption-text\">Ver\u00f3nica Alvarado P\u00e1ez, delegada regional y organizadora del campeonato.<\/figcaption><\/figure>\n","protected":false},"excerpt":{"rendered":"<p>C\u00edrculo de Difusi\u00f3n de Cultura y Folklore: Este s\u00e1bado 5 de octubre en el Teatro Municipal de San Felipe, a las 15 horas, se realizar\u00e1 el Campeonato Regional \u2018J\u00f3venes por la Cueca\u2019,&#8230;<\/p>\n","protected":false},"author":482,"featured_media":94526,"comment_status":"open","ping_status":"open","sticky":false,"template":"","format":"standard","meta":{"advanced_seo_description":"","jetpack_seo_html_title":"","jetpack_seo_noindex":false,"_jetpack_memberships_contains_paid_content":false,"footnotes":""},"categories":[20],"tags":[],"class_list":["post-94525","post","type-post","status-publish","format-standard","has-post-thumbnail","hentry","category-arte-y-cultura"],"jetpack_featured_media_url":"https:\/\/i0.wp.com\/eltrabajo.cl\/portal\/wp-content\/uploads\/2019\/10\/Cueca_Andrea-AMolina-Dabes-Gomez.jpg?fit=580%2C360&ssl=1","jetpack_sharing_enabled":true,"jetpack_likes_enabled":true,"jetpack-related-posts":[],"_links":{"self":[{"href":"https:\/\/eltrabajo.cl\/portal\/wp-json\/wp\/v2\/posts\/94525","targetHints":{"allow":["GET"]}}],"collection":[{"href":"https:\/\/eltrabajo.cl\/portal\/wp-json\/wp\/v2\/posts"}],"about":[{"href":"https:\/\/eltrabajo.cl\/portal\/wp-json\/wp\/v2\/types\/post"}],"author":[{"embeddable":true,"href":"https:\/\/eltrabajo.cl\/portal\/wp-json\/wp\/v2\/users\/482"}],"replies":[{"embeddable":true,"href":"https:\/\/eltrabajo.cl\/portal\/wp-json\/wp\/v2\/comments?post=94525"}],"version-history":[{"count":0,"href":"https:\/\/eltrabajo.cl\/portal\/wp-json\/wp\/v2\/posts\/94525\/revisions"}],"wp:featuredmedia":[{"embeddable":true,"href":"https:\/\/eltrabajo.cl\/portal\/wp-json\/wp\/v2\/media\/94526"}],"wp:attachment":[{"href":"https:\/\/eltrabajo.cl\/portal\/wp-json\/wp\/v2\/media?parent=94525"}],"wp:term":[{"taxonomy":"category","embeddable":true,"href":"https:\/\/eltrabajo.cl\/portal\/wp-json\/wp\/v2\/categories?post=94525"},{"taxonomy":"post_tag","embeddable":true,"href":"https:\/\/eltrabajo.cl\/portal\/wp-json\/wp\/v2\/tags?post=94525"}],"curies":[{"name":"wp","href":"https:\/\/api.w.org\/{rel}","templated":true}]}}