{"id":94530,"date":"2019-10-02T05:05:10","date_gmt":"2019-10-02T08:05:10","guid":{"rendered":"http:\/\/www.eltrabajo.cl\/portal\/?p=94530"},"modified":"2019-10-01T20:47:22","modified_gmt":"2019-10-01T23:47:22","slug":"aumenta-necesidad-de-dadores-de-sangre-para-mujer-de-62-anos-en-riesgo-vital","status":"publish","type":"post","link":"https:\/\/eltrabajo.cl\/portal\/aumenta-necesidad-de-dadores-de-sangre-para-mujer-de-62-anos-en-riesgo-vital\/","title":{"rendered":"Aumenta necesidad de dadores de sangre para mujer de 62 a\u00f1os en riesgo vital"},"content":{"rendered":"<p><span style=\"color: #ff0000;\"><strong>Contin\u00faa internada en el Hospital San Camilo:<\/strong><\/span><\/p>\n<ul>\n<li><strong>Ahora necesita de la solidaridad de m\u00e1s de 200 personas que concurran desinteresadamente a donar su sangre. <\/strong><\/li>\n<\/ul>\n<p>Aumenta la preocupaci\u00f3n, desesperaci\u00f3n y tambi\u00e9n la cantidad de dadores de sangre para Rosa Ema D\u00edaz Calder\u00f3n, de 62 a\u00f1os de edad, domiciliada en Villa Los R\u00edos de la comuna de Putaendo, quien actualmente se encuentra hospitalizada en la UCI del San Camilo, con riesgo vital producto de una enfermedad P\u00farpura Trombocitop\u00e9nica Tromb\u00f3tica, tambi\u00e9n conocida como PTT, enfermedad que tiene relaci\u00f3n con el bajo n\u00famero de plaquetas en la sangre, lo que lleva, seg\u00fan explic\u00f3 su hija, a tener que cambiarle toda la sangre de su cuerpo.<br \/>\nSeg\u00fan nos cuenta su hija J\u00e9ssica, ahora necesita exactamente 208 dadores voluntarios que puedan ir hasta el banco de sangre del hospital San Camilo y donar el vital compuesto.<br \/>\nHay que recordar que su cuadro cr\u00edtico de salud comenz\u00f3 con v\u00f3mitos leves, por lo cual la obligaron a ir al hospital de Putaendo donde se mantuvo unos d\u00edas hasta definitivamente trasladarla hasta el San Camilo donde se encuentra actualmente.<br \/>\nSu hija reitera que en palabras simples, le deben cambiar la sangre del cuerpo a su madre.<br \/>\nPara donar sangre se debe solicitar hora de atenci\u00f3n a los siguientes tel\u00e9fonos 940241739 \u00f3 342493428 a nombre de la paciente Rosa D\u00edaz Calder\u00f3n, Servicio UCI Hospital San Camilo, RUT 7.714.341-6.<br \/>\nCabe recordar que en nuestra edici\u00f3n del d\u00eda 24 de septiembre dimos a conocer este caso donde necesitaba cien. Hasta el momento han llegado 56 personas. Por eso la familia insiste y apela a la solidaridad de las personas que puedan ir al Hospital San Camilo, al banco de sangre.<\/p>\n<p><span style=\"color: #ff0000;\"><strong>\u00bfQU\u00c9 ES PTT?<\/strong><\/span><br \/>\nP\u00farpura Trombocitop\u00e9nica Tromb\u00f3tica (PTT) es una rara condici\u00f3n de la sangre, un trastorno que provoca la formaci\u00f3n de co\u00e1gulos de sangre en peque\u00f1os vasos sangu\u00edneos. Esto lleva a un bajo conteo plaquetario (trombocitopenia), es decir que hay un n\u00famero m\u00e1s bajo de lo normal de plaquetas en la sangre.<br \/>\nCuando las plaquetas presentan niveles anormales afecta a la coagulaci\u00f3n de la sangre. Son las c\u00e9lulas m\u00e1s peque\u00f1as que tenemos en la sangre. Su principal funci\u00f3n es detener los co\u00e1gulos y hemorragias cuando tenemos una herida. Tambi\u00e9n son conocidas como trombocitos y tienen formas irregulares.<br \/>\nPor norma general los humanos tenemos entre 4.5 y 5 litros de sangre, representa entre el 8 y 10% de la masa corporal.<\/p>\n<figure id=\"attachment_94531\" aria-describedby=\"caption-attachment-94531\" style=\"width: 580px\" class=\"wp-caption alignnone\"><img data-recalc-dims=\"1\" loading=\"lazy\" decoding=\"async\" class=\"size-full wp-image-94531\" src=\"https:\/\/i0.wp.com\/www.eltrabajo.cl\/portal\/wp-content\/uploads\/2019\/10\/Rosa-Diaz-Calderon.jpg?resize=580%2C359\" alt=\"Rosa D\u00edaz Calder\u00f3n necesita ahora 206 dadores de sangre.\" width=\"580\" height=\"359\" srcset=\"https:\/\/i0.wp.com\/eltrabajo.cl\/portal\/wp-content\/uploads\/2019\/10\/Rosa-Diaz-Calderon.jpg?w=580&amp;ssl=1 580w, https:\/\/i0.wp.com\/eltrabajo.cl\/portal\/wp-content\/uploads\/2019\/10\/Rosa-Diaz-Calderon.jpg?resize=200%2C124&amp;ssl=1 200w, https:\/\/i0.wp.com\/eltrabajo.cl\/portal\/wp-content\/uploads\/2019\/10\/Rosa-Diaz-Calderon.jpg?resize=300%2C186&amp;ssl=1 300w, https:\/\/i0.wp.com\/eltrabajo.cl\/portal\/wp-content\/uploads\/2019\/10\/Rosa-Diaz-Calderon.jpg?resize=242%2C150&amp;ssl=1 242w, https:\/\/i0.wp.com\/eltrabajo.cl\/portal\/wp-content\/uploads\/2019\/10\/Rosa-Diaz-Calderon.jpg?resize=400%2C248&amp;ssl=1 400w\" sizes=\"auto, (max-width: 580px) 100vw, 580px\" \/><figcaption id=\"caption-attachment-94531\" class=\"wp-caption-text\">Rosa D\u00edaz Calder\u00f3n necesita ahora 206 dadores de sangre.<\/figcaption><\/figure>\n","protected":false},"excerpt":{"rendered":"<p>Contin\u00faa internada en el Hospital San Camilo: Ahora necesita de la solidaridad de m\u00e1s de 200 personas que concurran desinteresadamente a donar su sangre. Aumenta la preocupaci\u00f3n, desesperaci\u00f3n y tambi\u00e9n la cantidad&#8230;<\/p>\n","protected":false},"author":482,"featured_media":94531,"comment_status":"open","ping_status":"open","sticky":false,"template":"","format":"standard","meta":{"advanced_seo_description":"","jetpack_seo_html_title":"","jetpack_seo_noindex":false,"_jetpack_memberships_contains_paid_content":false,"footnotes":""},"categories":[15],"tags":[],"class_list":["post-94530","post","type-post","status-publish","format-standard","has-post-thumbnail","hentry","category-comunidad"],"jetpack_featured_media_url":"https:\/\/i0.wp.com\/eltrabajo.cl\/portal\/wp-content\/uploads\/2019\/10\/Rosa-Diaz-Calderon.jpg?fit=580%2C359&ssl=1","jetpack_sharing_enabled":true,"jetpack_likes_enabled":true,"jetpack-related-posts":[],"_links":{"self":[{"href":"https:\/\/eltrabajo.cl\/portal\/wp-json\/wp\/v2\/posts\/94530","targetHints":{"allow":["GET"]}}],"collection":[{"href":"https:\/\/eltrabajo.cl\/portal\/wp-json\/wp\/v2\/posts"}],"about":[{"href":"https:\/\/eltrabajo.cl\/portal\/wp-json\/wp\/v2\/types\/post"}],"author":[{"embeddable":true,"href":"https:\/\/eltrabajo.cl\/portal\/wp-json\/wp\/v2\/users\/482"}],"replies":[{"embeddable":true,"href":"https:\/\/eltrabajo.cl\/portal\/wp-json\/wp\/v2\/comments?post=94530"}],"version-history":[{"count":0,"href":"https:\/\/eltrabajo.cl\/portal\/wp-json\/wp\/v2\/posts\/94530\/revisions"}],"wp:featuredmedia":[{"embeddable":true,"href":"https:\/\/eltrabajo.cl\/portal\/wp-json\/wp\/v2\/media\/94531"}],"wp:attachment":[{"href":"https:\/\/eltrabajo.cl\/portal\/wp-json\/wp\/v2\/media?parent=94530"}],"wp:term":[{"taxonomy":"category","embeddable":true,"href":"https:\/\/eltrabajo.cl\/portal\/wp-json\/wp\/v2\/categories?post=94530"},{"taxonomy":"post_tag","embeddable":true,"href":"https:\/\/eltrabajo.cl\/portal\/wp-json\/wp\/v2\/tags?post=94530"}],"curies":[{"name":"wp","href":"https:\/\/api.w.org\/{rel}","templated":true}]}}