{"id":94533,"date":"2019-10-02T05:06:34","date_gmt":"2019-10-02T08:06:34","guid":{"rendered":"http:\/\/www.eltrabajo.cl\/portal\/?p=94533"},"modified":"2019-10-01T20:49:47","modified_gmt":"2019-10-01T23:49:47","slug":"delincuentes-ingresan-a-robar-a-vivienda-y-se-llevan-hasta-la-mascota-de-la-casa","status":"publish","type":"post","link":"https:\/\/eltrabajo.cl\/portal\/delincuentes-ingresan-a-robar-a-vivienda-y-se-llevan-hasta-la-mascota-de-la-casa\/","title":{"rendered":"Delincuentes ingresan a robar a vivienda y se llevan hasta la mascota de la casa"},"content":{"rendered":"<p><span style=\"color: #ff0000;\"><strong>Vecina afectada relata lo ocurrido en Villa El Canelo 1:<\/strong><\/span><\/p>\n<ul>\n<li><strong>El hecho ocurri\u00f3 a primeras horas de este lunes, mientras la due\u00f1a de casa se encontraba durmiendo junto a su peque\u00f1a hija. Los antisociales adem\u00e1s provocaron da\u00f1os en el parabrisas del veh\u00edculo de la v\u00edctima.<\/strong><\/li>\n<\/ul>\n<p>Consternada se encuentra una vecina residente de la Villa El Canelo 1 de San Felipe, luego que delincuentes invadieran su propiedad para sustraer diversas especies, provocar da\u00f1os materiales y robar hasta la mascota de la casa a eso de las 07:00 horas de la ma\u00f1ana de este lunes.<br \/>\nLa afectada, en entrevista exclusiva con Diario El Trabajo, detall\u00f3 que aquel d\u00eda se despert\u00f3 ante los ruidos provocados por los ladrones que la asustaron ya que se encontraba junto a su peque\u00f1a hija.<br \/>\nAl salir del inmueble se percat\u00f3 que los sujetos le robaron dos cilindros de gas y diversas prendas de vestir, adem\u00e1s destruyeron el parabrisas de su veh\u00edculo que estaba estacionado, cercior\u00e1ndose que adem\u00e1s la perrita de la casa tampoco estaba, denunciando los hechos a Carabineros.<br \/>\n<strong>&#8211; \u00bfC\u00f3mo sucedieron los hechos?<\/strong><br \/>\n&#8211; Yo estaba en la casa, estaba durmiendo, fue como a las 07:30 horas, sent\u00ed como un golpe y despu\u00e9s vi que el port\u00f3n estaba medio abierto, no estaban los tubos de gas, el canasto con ropa y el auto estaba con el parabrisas trizado y no estaba mi perra.<br \/>\n<strong>&#8211; \u00bfEl veh\u00edculo estaba estacionado dentro de su casa?<\/strong><br \/>\n&#8211; S\u00ed, adentro de mi casa, estaba abierto pero no lo abrieron, estaba la silla de mi hija, pero parece que no tuvieron el tiempo para abrirlo.<br \/>\n<strong>&#8211; \u00bfQui\u00e9nes estaban en el interior de la casa?<\/strong><br \/>\n&#8211; Yo y mi hija de 5 a\u00f1os de edad.<br \/>\n<strong>&#8211; \u00bfCuando sinti\u00f3 los ruidos, logr\u00f3 observar a los delincuentes?<\/strong><br \/>\n&#8211; No logr\u00e9 verlos.<br \/>\n<strong>&#8211; \u00bfLa mascota fue recuperada?<\/strong><br \/>\n&#8211; S\u00ed, fue encontrada en el sector de la UPLA (Universidad de Playa Ancha).<br \/>\n<strong>&#8211; \u00bfCree que fue m\u00e1s de un antisocial que habr\u00eda ingresado a su casa?<\/strong><br \/>\n&#8211; Yo pienso que s\u00ed porque un cilindro (de gas) estaba lleno y el otro estaba a la mitad.<br \/>\n<strong>&#8211; \u00bfHab\u00eda sufrido alguna vez un robo en su casa?<\/strong><br \/>\n&#8211; No, es primera vez.<br \/>\n<strong>&#8211; \u00bfHizo la denuncia a Carabineros?<\/strong><br \/>\n&#8211; S\u00ed, Carabineros vino para ac\u00e1, me tomaron la declaraci\u00f3n.<br \/>\n<strong>&#8211; \u00bfHa logrado obtener alguna informaci\u00f3n por parte de sus vecinos? <\/strong><br \/>\n&#8211; No, yo pens\u00e9 que podr\u00eda haber obtenido informaci\u00f3n por un vecino que tiene c\u00e1maras, pero reci\u00e9n las estaba activando ahora, entonces no puede saber m\u00e1s.<br \/>\n<strong>&#8211; \u00bfSiente inseguridad en su casa?<\/strong><br \/>\n&#8211; Claro, pero siento rabia por la maldad que hicieron en mi auto, lo dem\u00e1s todo se recupera, no ten\u00edan por qu\u00e9 hacerle eso a mi auto.<br \/>\n<strong>&#8211; \u00bfEn cu\u00e1nto aval\u00faa el robo y los da\u00f1os?<\/strong><br \/>\n&#8211; Alrededor de $300.000.<br \/>\n<strong>Pablo Salinas Sald\u00edas<\/strong><\/p>\n<figure id=\"attachment_94534\" aria-describedby=\"caption-attachment-94534\" style=\"width: 580px\" class=\"wp-caption alignnone\"><img data-recalc-dims=\"1\" loading=\"lazy\" decoding=\"async\" class=\"size-full wp-image-94534\" src=\"https:\/\/i0.wp.com\/www.eltrabajo.cl\/portal\/wp-content\/uploads\/2019\/10\/MASCOTA-RECUPERADA.jpg?resize=580%2C359\" alt=\"\u2018Akira\u2019 fue encontrada en las cercan\u00edas de la Universidad de Playa Ancha ayer martes, gracias a la difusi\u00f3n de su fotograf\u00eda por redes sociales.\" width=\"580\" height=\"359\" srcset=\"https:\/\/i0.wp.com\/eltrabajo.cl\/portal\/wp-content\/uploads\/2019\/10\/MASCOTA-RECUPERADA.jpg?w=580&amp;ssl=1 580w, https:\/\/i0.wp.com\/eltrabajo.cl\/portal\/wp-content\/uploads\/2019\/10\/MASCOTA-RECUPERADA.jpg?resize=200%2C124&amp;ssl=1 200w, https:\/\/i0.wp.com\/eltrabajo.cl\/portal\/wp-content\/uploads\/2019\/10\/MASCOTA-RECUPERADA.jpg?resize=300%2C186&amp;ssl=1 300w, https:\/\/i0.wp.com\/eltrabajo.cl\/portal\/wp-content\/uploads\/2019\/10\/MASCOTA-RECUPERADA.jpg?resize=242%2C150&amp;ssl=1 242w, https:\/\/i0.wp.com\/eltrabajo.cl\/portal\/wp-content\/uploads\/2019\/10\/MASCOTA-RECUPERADA.jpg?resize=400%2C248&amp;ssl=1 400w\" sizes=\"auto, (max-width: 580px) 100vw, 580px\" \/><figcaption id=\"caption-attachment-94534\" class=\"wp-caption-text\">\u2018Akira\u2019 fue encontrada en las cercan\u00edas de la Universidad de Playa Ancha ayer martes, gracias a la difusi\u00f3n de su fotograf\u00eda por redes sociales.<\/figcaption><\/figure>\n<figure id=\"attachment_94535\" aria-describedby=\"caption-attachment-94535\" style=\"width: 580px\" class=\"wp-caption alignnone\"><img data-recalc-dims=\"1\" loading=\"lazy\" decoding=\"async\" class=\"size-full wp-image-94535\" src=\"https:\/\/i0.wp.com\/www.eltrabajo.cl\/portal\/wp-content\/uploads\/2019\/10\/VEHICULO-DA%C3%91OS.jpg?resize=580%2C359\" alt=\"El o los delincuentes ocasionaron da\u00f1os en el parabrisas del veh\u00edculo de propiedad de la v\u00edctima residente de la Villa El Canelo 1 de San Felipe.\" width=\"580\" height=\"359\" srcset=\"https:\/\/i0.wp.com\/eltrabajo.cl\/portal\/wp-content\/uploads\/2019\/10\/VEHICULO-DA%C3%91OS.jpg?w=580&amp;ssl=1 580w, https:\/\/i0.wp.com\/eltrabajo.cl\/portal\/wp-content\/uploads\/2019\/10\/VEHICULO-DA%C3%91OS.jpg?resize=200%2C124&amp;ssl=1 200w, https:\/\/i0.wp.com\/eltrabajo.cl\/portal\/wp-content\/uploads\/2019\/10\/VEHICULO-DA%C3%91OS.jpg?resize=300%2C186&amp;ssl=1 300w, https:\/\/i0.wp.com\/eltrabajo.cl\/portal\/wp-content\/uploads\/2019\/10\/VEHICULO-DA%C3%91OS.jpg?resize=242%2C150&amp;ssl=1 242w, https:\/\/i0.wp.com\/eltrabajo.cl\/portal\/wp-content\/uploads\/2019\/10\/VEHICULO-DA%C3%91OS.jpg?resize=400%2C248&amp;ssl=1 400w\" sizes=\"auto, (max-width: 580px) 100vw, 580px\" \/><figcaption id=\"caption-attachment-94535\" class=\"wp-caption-text\">El o los delincuentes ocasionaron da\u00f1os en el parabrisas del veh\u00edculo de propiedad de la v\u00edctima residente de la Villa El Canelo 1 de San Felipe.<\/figcaption><\/figure>\n","protected":false},"excerpt":{"rendered":"<p>Vecina afectada relata lo ocurrido en Villa El Canelo 1: El hecho ocurri\u00f3 a primeras horas de este lunes, mientras la due\u00f1a de casa se encontraba durmiendo junto a su peque\u00f1a hija&#8230;.<\/p>\n","protected":false},"author":482,"featured_media":94534,"comment_status":"open","ping_status":"open","sticky":false,"template":"","format":"standard","meta":{"advanced_seo_description":"","jetpack_seo_html_title":"","jetpack_seo_noindex":false,"_jetpack_memberships_contains_paid_content":false,"footnotes":""},"categories":[21],"tags":[],"class_list":["post-94533","post","type-post","status-publish","format-standard","has-post-thumbnail","hentry","category-policial"],"jetpack_featured_media_url":"https:\/\/i0.wp.com\/eltrabajo.cl\/portal\/wp-content\/uploads\/2019\/10\/MASCOTA-RECUPERADA.jpg?fit=580%2C359&ssl=1","jetpack_sharing_enabled":true,"jetpack_likes_enabled":true,"jetpack-related-posts":[],"_links":{"self":[{"href":"https:\/\/eltrabajo.cl\/portal\/wp-json\/wp\/v2\/posts\/94533","targetHints":{"allow":["GET"]}}],"collection":[{"href":"https:\/\/eltrabajo.cl\/portal\/wp-json\/wp\/v2\/posts"}],"about":[{"href":"https:\/\/eltrabajo.cl\/portal\/wp-json\/wp\/v2\/types\/post"}],"author":[{"embeddable":true,"href":"https:\/\/eltrabajo.cl\/portal\/wp-json\/wp\/v2\/users\/482"}],"replies":[{"embeddable":true,"href":"https:\/\/eltrabajo.cl\/portal\/wp-json\/wp\/v2\/comments?post=94533"}],"version-history":[{"count":0,"href":"https:\/\/eltrabajo.cl\/portal\/wp-json\/wp\/v2\/posts\/94533\/revisions"}],"wp:featuredmedia":[{"embeddable":true,"href":"https:\/\/eltrabajo.cl\/portal\/wp-json\/wp\/v2\/media\/94534"}],"wp:attachment":[{"href":"https:\/\/eltrabajo.cl\/portal\/wp-json\/wp\/v2\/media?parent=94533"}],"wp:term":[{"taxonomy":"category","embeddable":true,"href":"https:\/\/eltrabajo.cl\/portal\/wp-json\/wp\/v2\/categories?post=94533"},{"taxonomy":"post_tag","embeddable":true,"href":"https:\/\/eltrabajo.cl\/portal\/wp-json\/wp\/v2\/tags?post=94533"}],"curies":[{"name":"wp","href":"https:\/\/api.w.org\/{rel}","templated":true}]}}