{"id":94544,"date":"2019-10-03T05:00:28","date_gmt":"2019-10-03T08:00:28","guid":{"rendered":"http:\/\/www.eltrabajo.cl\/portal\/?p=94544"},"modified":"2019-10-02T20:42:36","modified_gmt":"2019-10-02T23:42:36","slug":"bryan-cortes-queda-fuera-del-partido-contra-melipilla","status":"publish","type":"post","link":"https:\/\/eltrabajo.cl\/portal\/bryan-cortes-queda-fuera-del-partido-contra-melipilla\/","title":{"rendered":"Bryan Cort\u00e9s fuera del partido contra Melipilla"},"content":{"rendered":"<p>En Tribunal de Penalidades del f\u00fatbol profesional chileno determin\u00f3 sancionar con una fecha de suspensi\u00f3n al volante Bryan Cort\u00e9s, al llegar \u00e9ste al l\u00edmite de las cinco cartulinas amarillas. La baja del jugador formado en Cobreloa, es muy sensible debido a que es uno de los elementos vitales en el engranaje del conjunto adiestrado por Germ\u00e1n Corengia.<\/p>\n<p><span style=\"color: #ff0000;\"><strong>MART\u00cdNEZ SE SALVA<\/strong><\/span><br \/>\nNo todo fueron malas noticias para el Un\u00ed Un\u00ed en la sesi\u00f3n del organismo encargado de impartir justicia en el balompi\u00e9 criollo, ya que dej\u00f3 sin sanci\u00f3n la expulsi\u00f3n por doble tarjeta amarilla de Jos\u00e9 \u2018Colocho\u2019 Mart\u00ednez.<br \/>\nEl Tribunal elimin\u00f3 una cartulina amarilla, anulando de paso la tarjera roja, medida que fue muy bien recibida a ra\u00edz que Mart\u00ednez se ha convertido en un jugador muy importante en el Un\u00ed Un\u00ed, tanto que en la fecha pasada fue el autor del gol que le dio el triunfo sobre San Luis.<\/p>\n<figure id=\"attachment_94545\" aria-describedby=\"caption-attachment-94545\" style=\"width: 578px\" class=\"wp-caption alignnone\"><img data-recalc-dims=\"1\" loading=\"lazy\" decoding=\"async\" class=\"size-full wp-image-94545\" src=\"https:\/\/i0.wp.com\/www.eltrabajo.cl\/portal\/wp-content\/uploads\/2019\/10\/uni-bryancortes.jpg?resize=578%2C468\" alt=\"Por acumulaci\u00f3n de tarjetas amarillas el volante Bryan Cort\u00e9s no podr\u00e1 jugar contra Melipilla.\" width=\"578\" height=\"468\" srcset=\"https:\/\/i0.wp.com\/eltrabajo.cl\/portal\/wp-content\/uploads\/2019\/10\/uni-bryancortes.jpg?w=578&amp;ssl=1 578w, https:\/\/i0.wp.com\/eltrabajo.cl\/portal\/wp-content\/uploads\/2019\/10\/uni-bryancortes.jpg?resize=185%2C150&amp;ssl=1 185w, https:\/\/i0.wp.com\/eltrabajo.cl\/portal\/wp-content\/uploads\/2019\/10\/uni-bryancortes.jpg?resize=300%2C243&amp;ssl=1 300w, https:\/\/i0.wp.com\/eltrabajo.cl\/portal\/wp-content\/uploads\/2019\/10\/uni-bryancortes.jpg?resize=400%2C324&amp;ssl=1 400w\" sizes=\"auto, (max-width: 578px) 100vw, 578px\" \/><figcaption id=\"caption-attachment-94545\" class=\"wp-caption-text\">Por acumulaci\u00f3n de tarjetas amarillas el volante Bryan Cort\u00e9s no podr\u00e1 jugar contra Melipilla.<\/figcaption><\/figure>\n<figure id=\"attachment_94546\" aria-describedby=\"caption-attachment-94546\" style=\"width: 580px\" class=\"wp-caption alignnone\"><img data-recalc-dims=\"1\" loading=\"lazy\" decoding=\"async\" class=\"size-full wp-image-94546\" src=\"https:\/\/i0.wp.com\/www.eltrabajo.cl\/portal\/wp-content\/uploads\/2019\/10\/uni-jose-martinez.jpg?resize=580%2C360\" alt=\"Jos\u00e9 Mart\u00ednez podr\u00e1 estar ante Melipilla.\" width=\"580\" height=\"360\" srcset=\"https:\/\/i0.wp.com\/eltrabajo.cl\/portal\/wp-content\/uploads\/2019\/10\/uni-jose-martinez.jpg?w=580&amp;ssl=1 580w, https:\/\/i0.wp.com\/eltrabajo.cl\/portal\/wp-content\/uploads\/2019\/10\/uni-jose-martinez.jpg?resize=200%2C124&amp;ssl=1 200w, https:\/\/i0.wp.com\/eltrabajo.cl\/portal\/wp-content\/uploads\/2019\/10\/uni-jose-martinez.jpg?resize=300%2C186&amp;ssl=1 300w, https:\/\/i0.wp.com\/eltrabajo.cl\/portal\/wp-content\/uploads\/2019\/10\/uni-jose-martinez.jpg?resize=242%2C150&amp;ssl=1 242w, https:\/\/i0.wp.com\/eltrabajo.cl\/portal\/wp-content\/uploads\/2019\/10\/uni-jose-martinez.jpg?resize=400%2C248&amp;ssl=1 400w\" sizes=\"auto, (max-width: 580px) 100vw, 580px\" \/><figcaption id=\"caption-attachment-94546\" class=\"wp-caption-text\">Jos\u00e9 Mart\u00ednez podr\u00e1 estar ante Melipilla.<\/figcaption><\/figure>\n","protected":false},"excerpt":{"rendered":"<p>En Tribunal de Penalidades del f\u00fatbol profesional chileno determin\u00f3 sancionar con una fecha de suspensi\u00f3n al volante Bryan Cort\u00e9s, al llegar \u00e9ste al l\u00edmite de las cinco cartulinas amarillas. La baja del&#8230;<\/p>\n","protected":false},"author":482,"featured_media":94549,"comment_status":"open","ping_status":"open","sticky":false,"template":"","format":"standard","meta":{"advanced_seo_description":"","jetpack_seo_html_title":"","jetpack_seo_noindex":false,"_jetpack_memberships_contains_paid_content":false,"footnotes":""},"categories":[19],"tags":[],"class_list":["post-94544","post","type-post","status-publish","format-standard","has-post-thumbnail","hentry","category-deportes"],"jetpack_featured_media_url":"https:\/\/i0.wp.com\/eltrabajo.cl\/portal\/wp-content\/uploads\/2019\/10\/uni-bryan-cortes.jpg?fit=580%2C360&ssl=1","jetpack_sharing_enabled":true,"jetpack_likes_enabled":true,"jetpack-related-posts":[],"_links":{"self":[{"href":"https:\/\/eltrabajo.cl\/portal\/wp-json\/wp\/v2\/posts\/94544","targetHints":{"allow":["GET"]}}],"collection":[{"href":"https:\/\/eltrabajo.cl\/portal\/wp-json\/wp\/v2\/posts"}],"about":[{"href":"https:\/\/eltrabajo.cl\/portal\/wp-json\/wp\/v2\/types\/post"}],"author":[{"embeddable":true,"href":"https:\/\/eltrabajo.cl\/portal\/wp-json\/wp\/v2\/users\/482"}],"replies":[{"embeddable":true,"href":"https:\/\/eltrabajo.cl\/portal\/wp-json\/wp\/v2\/comments?post=94544"}],"version-history":[{"count":0,"href":"https:\/\/eltrabajo.cl\/portal\/wp-json\/wp\/v2\/posts\/94544\/revisions"}],"wp:featuredmedia":[{"embeddable":true,"href":"https:\/\/eltrabajo.cl\/portal\/wp-json\/wp\/v2\/media\/94549"}],"wp:attachment":[{"href":"https:\/\/eltrabajo.cl\/portal\/wp-json\/wp\/v2\/media?parent=94544"}],"wp:term":[{"taxonomy":"category","embeddable":true,"href":"https:\/\/eltrabajo.cl\/portal\/wp-json\/wp\/v2\/categories?post=94544"},{"taxonomy":"post_tag","embeddable":true,"href":"https:\/\/eltrabajo.cl\/portal\/wp-json\/wp\/v2\/tags?post=94544"}],"curies":[{"name":"wp","href":"https:\/\/api.w.org\/{rel}","templated":true}]}}