{"id":94557,"date":"2019-10-03T05:03:26","date_gmt":"2019-10-03T08:03:26","guid":{"rendered":"http:\/\/www.eltrabajo.cl\/portal\/?p=94557"},"modified":"2019-10-02T20:49:03","modified_gmt":"2019-10-02T23:49:03","slug":"vecinos-villa-el-totoral-empenados-en-juntar-agua-para-crianceros-de-putaendo","status":"publish","type":"post","link":"https:\/\/eltrabajo.cl\/portal\/vecinos-villa-el-totoral-empenados-en-juntar-agua-para-crianceros-de-putaendo\/","title":{"rendered":"Vecinos Villa El Totoral empe\u00f1ados en juntar agua para crianceros de Putaendo"},"content":{"rendered":"<p><span style=\"color: #ff0000;\"><strong>Ya entregaron mil litros:<\/strong><\/span><\/p>\n<p>En la Villa El Totoral est\u00e1n empe\u00f1ados en poder ayudar a los crianceros de Putaendo. Para ello est\u00e1n llevando adelante una campa\u00f1a para reunir unos dos mil litros de agua y llevarlos al lugar.<br \/>\nAs\u00ed lo dijo a nuestro medio la presidente de la Junta de Vecinos, Marisol Dom\u00ednguez, quien agreg\u00f3 que ya enviaron una importante cantidad que fue llevada por Danilo Contreras: \u00abQueremos ayudar a los crianceros de Putaendo, a los animales que est\u00e1n sufriendo con esta sequ\u00eda, pero la idea es esa, ayudar. Ya entregamos a nombre de Villa El Totoral, mil litros, ahora vamos con una meta de dos mil litros y ya llevamos 200 litros juntados ayer (lunes) en la tarde solamente, y debemos seguir toda la semana hasta llegar a los dos mil litros. Lo vamos a hacer\u00bb, se\u00f1al\u00f3.<br \/>\n<strong>&#8211; \u00bfC\u00f3mo les ha ido?<\/strong><br \/>\n&#8211; S\u00faper bien, la gente es cooperadora y no solamente de ac\u00e1 de la Villa El Totoral, tengo amistades de afuera de ac\u00e1 de la poblaci\u00f3n que me ha llegado con ag\u00fcita, me traen bidones. Tengo gente de Villa Los \u00c1lamos, Juan Pablo Segundo, Poblaci\u00f3n El Ensue\u00f1o, amistades que han querido ayudarnos a juntar esta meta y nada&#8230; bendecida por eso, porque uno puede tener iniciativa, pero si no es por los vecinos no llegamos a nada, as\u00ed es que muy bendecida y una causa para todas, tengo vecinos que han salido a buscar ellos, van donde sus familiares, entonces llegan todos con ese aporte tan hermoso como es el agua.<br \/>\nReitera que ya entregaron mil litros a los crianceros. El encargado de esa misi\u00f3n fue Danilo Contreras. Ahora la meta es de dos mil litros.<br \/>\n<strong>&#8211; \u00bfC\u00f3mo los reciben los crianceros?<\/strong><br \/>\n&#8211; S\u00ed, ellos est\u00e1n contentos de que tengan vecinos de una poblaci\u00f3n que de repente somos mal mirados o tenemos otra cara, entonces yo como presidenta quiero eso, cambiarle la cara a mi Villa, cambiarle el chip, porque de repente estamos en las noticias policiales, pero no en estas cosas; cambiarle la cara que aqu\u00ed hay gente de esfuerzo, honesta, gente que realmente le gusta ayudar y lo ha demostrado con esto. A veces somos nombrados la Villa El Totoral por esas cosas -hechos delictuales- y no somos nombrados por estas cosas, y no es la primera vez, ac\u00e1 fallece un vecino y estamos todos apoyando con su colecta, de alguna manera lo ayudamos; siempre hemos sido nombrados en la parte delictual y yo lo quiero decir que ac\u00e1 no, que hay gente honrada, gente de esfuerzo y en las cosas puntuales, hay en todas las poblaciones, no solamente en la Villa El Totoral, as\u00ed es que yo me encuentro bendecida de vivir aqu\u00ed&#8230; amo la Villa El Totoral como lo he dicho siempre a mis vecinos. Yo amo la Villa El Totoral con sus caracter\u00edsticas, con sus defectos, como en todos lados, pero como le digo estoy contenta y le doy un aplauso a todos mis vecinos que me han cooperado, unos m\u00e1s que otros como en todos lados, pero yo me saco el sombrero por todos en general.<br \/>\n<strong>&#8211; \u00bfSe viene otra campa\u00f1a o \u00e9sta solamente?<\/strong><br \/>\n&#8211; Es cansadora s\u00ed&#8230;, yo mientras tenga fuerzas, si alguien me lo pide lo voy a hacer, y no solamente en esto en los crianceros, si hay que aportar, ayudar en otra circunstancia, en otra a otros vecinos, yo lo voy a hacer en otras poblaciones, a m\u00ed no me interesa de donde sea, a m\u00ed me interesa el ayudar.<br \/>\nEn la Villa El Totoral son 396 departamentos y 1.600 vecinos, tomando en cuenta cuatro personas por departamento.<\/p>\n<figure id=\"attachment_94558\" aria-describedby=\"caption-attachment-94558\" style=\"width: 580px\" class=\"wp-caption alignnone\"><img data-recalc-dims=\"1\" loading=\"lazy\" decoding=\"async\" class=\"size-full wp-image-94558\" src=\"https:\/\/i0.wp.com\/www.eltrabajo.cl\/portal\/wp-content\/uploads\/2019\/10\/El-Totoral-Vecinos.jpg?resize=580%2C359\" alt=\"Los vecinos est\u00e1n bastante motivados participando en la campa\u00f1a de colectar agua en bidones, botellas, lo que sea.\" width=\"580\" height=\"359\" srcset=\"https:\/\/i0.wp.com\/eltrabajo.cl\/portal\/wp-content\/uploads\/2019\/10\/El-Totoral-Vecinos.jpg?w=580&amp;ssl=1 580w, https:\/\/i0.wp.com\/eltrabajo.cl\/portal\/wp-content\/uploads\/2019\/10\/El-Totoral-Vecinos.jpg?resize=200%2C124&amp;ssl=1 200w, https:\/\/i0.wp.com\/eltrabajo.cl\/portal\/wp-content\/uploads\/2019\/10\/El-Totoral-Vecinos.jpg?resize=300%2C186&amp;ssl=1 300w, https:\/\/i0.wp.com\/eltrabajo.cl\/portal\/wp-content\/uploads\/2019\/10\/El-Totoral-Vecinos.jpg?resize=242%2C150&amp;ssl=1 242w, https:\/\/i0.wp.com\/eltrabajo.cl\/portal\/wp-content\/uploads\/2019\/10\/El-Totoral-Vecinos.jpg?resize=400%2C248&amp;ssl=1 400w\" sizes=\"auto, (max-width: 580px) 100vw, 580px\" \/><figcaption id=\"caption-attachment-94558\" class=\"wp-caption-text\">Los vecinos est\u00e1n bastante motivados participando en la campa\u00f1a de colectar agua en bidones, botellas, lo que sea.<\/figcaption><\/figure>\n<figure id=\"attachment_94559\" aria-describedby=\"caption-attachment-94559\" style=\"width: 580px\" class=\"wp-caption alignnone\"><img data-recalc-dims=\"1\" loading=\"lazy\" decoding=\"async\" class=\"size-full wp-image-94559\" src=\"https:\/\/i0.wp.com\/www.eltrabajo.cl\/portal\/wp-content\/uploads\/2019\/10\/El-Totoral-Marisol-Dominguez.jpg?resize=580%2C629\" alt=\"Marisol Dom\u00ednguez junto a Danilo Contreras y otro vecino rodeados de botellas con agua.\" width=\"580\" height=\"629\" srcset=\"https:\/\/i0.wp.com\/eltrabajo.cl\/portal\/wp-content\/uploads\/2019\/10\/El-Totoral-Marisol-Dominguez.jpg?w=580&amp;ssl=1 580w, https:\/\/i0.wp.com\/eltrabajo.cl\/portal\/wp-content\/uploads\/2019\/10\/El-Totoral-Marisol-Dominguez.jpg?resize=138%2C150&amp;ssl=1 138w, https:\/\/i0.wp.com\/eltrabajo.cl\/portal\/wp-content\/uploads\/2019\/10\/El-Totoral-Marisol-Dominguez.jpg?resize=277%2C300&amp;ssl=1 277w, https:\/\/i0.wp.com\/eltrabajo.cl\/portal\/wp-content\/uploads\/2019\/10\/El-Totoral-Marisol-Dominguez.jpg?resize=400%2C434&amp;ssl=1 400w\" sizes=\"auto, (max-width: 580px) 100vw, 580px\" \/><figcaption id=\"caption-attachment-94559\" class=\"wp-caption-text\">Marisol Dom\u00ednguez junto a Danilo Contreras y otro vecino rodeados de botellas con agua.<\/figcaption><\/figure>\n","protected":false},"excerpt":{"rendered":"<p>Ya entregaron mil litros: En la Villa El Totoral est\u00e1n empe\u00f1ados en poder ayudar a los crianceros de Putaendo. Para ello est\u00e1n llevando adelante una campa\u00f1a para reunir unos dos mil litros&#8230;<\/p>\n","protected":false},"author":482,"featured_media":94558,"comment_status":"open","ping_status":"open","sticky":false,"template":"","format":"standard","meta":{"advanced_seo_description":"","jetpack_seo_html_title":"","jetpack_seo_noindex":false,"_jetpack_memberships_contains_paid_content":false,"footnotes":""},"categories":[15],"tags":[],"class_list":["post-94557","post","type-post","status-publish","format-standard","has-post-thumbnail","hentry","category-comunidad"],"jetpack_featured_media_url":"https:\/\/i0.wp.com\/eltrabajo.cl\/portal\/wp-content\/uploads\/2019\/10\/El-Totoral-Vecinos.jpg?fit=580%2C359&ssl=1","jetpack_sharing_enabled":true,"jetpack_likes_enabled":true,"jetpack-related-posts":[],"_links":{"self":[{"href":"https:\/\/eltrabajo.cl\/portal\/wp-json\/wp\/v2\/posts\/94557","targetHints":{"allow":["GET"]}}],"collection":[{"href":"https:\/\/eltrabajo.cl\/portal\/wp-json\/wp\/v2\/posts"}],"about":[{"href":"https:\/\/eltrabajo.cl\/portal\/wp-json\/wp\/v2\/types\/post"}],"author":[{"embeddable":true,"href":"https:\/\/eltrabajo.cl\/portal\/wp-json\/wp\/v2\/users\/482"}],"replies":[{"embeddable":true,"href":"https:\/\/eltrabajo.cl\/portal\/wp-json\/wp\/v2\/comments?post=94557"}],"version-history":[{"count":0,"href":"https:\/\/eltrabajo.cl\/portal\/wp-json\/wp\/v2\/posts\/94557\/revisions"}],"wp:featuredmedia":[{"embeddable":true,"href":"https:\/\/eltrabajo.cl\/portal\/wp-json\/wp\/v2\/media\/94558"}],"wp:attachment":[{"href":"https:\/\/eltrabajo.cl\/portal\/wp-json\/wp\/v2\/media?parent=94557"}],"wp:term":[{"taxonomy":"category","embeddable":true,"href":"https:\/\/eltrabajo.cl\/portal\/wp-json\/wp\/v2\/categories?post=94557"},{"taxonomy":"post_tag","embeddable":true,"href":"https:\/\/eltrabajo.cl\/portal\/wp-json\/wp\/v2\/tags?post=94557"}],"curies":[{"name":"wp","href":"https:\/\/api.w.org\/{rel}","templated":true}]}}