{"id":94565,"date":"2019-10-03T05:05:49","date_gmt":"2019-10-03T08:05:49","guid":{"rendered":"http:\/\/www.eltrabajo.cl\/portal\/?p=94565"},"modified":"2019-10-02T20:55:20","modified_gmt":"2019-10-02T23:55:20","slug":"a-fin-de-ano-podrian-declarar-inimputable-a-cristian-munoz-por-homicidio-de-susana-sanhueza","status":"publish","type":"post","link":"https:\/\/eltrabajo.cl\/portal\/a-fin-de-ano-podrian-declarar-inimputable-a-cristian-munoz-por-homicidio-de-susana-sanhueza\/","title":{"rendered":"A fin de a\u00f1o podr\u00edan declarar inimputable a Cristian Mu\u00f1oz por homicidio de Susana Sanhueza"},"content":{"rendered":"<p><span style=\"color: #ff0000;\"><strong>Preparaci\u00f3n de juicio oral ser\u00e1 este 21 de noviembre:<\/strong><\/span><\/p>\n<ul>\n<li><strong>En entrevista de Diario El Trabajo con el abogado defensor del acusado, sostiene tres teor\u00edas del caso y perseguir\u00e1 la absoluci\u00f3n del cargo de homicidio imputado por la Fiscal\u00eda.<\/strong><\/li>\n<\/ul>\n<p>Para este pr\u00f3ximo jueves 21 de noviembre fue fijada la audiencia de preparaci\u00f3n de juicio oral en contra de Cristian Andr\u00e9s Mu\u00f1oz Mu\u00f1oz, acusado por la Fiscal\u00eda del homicidio de Susana Estefan\u00eda Sanhueza Aravena, hecho descubierto el 7 de marzo de 2017 en el archivero municipal ubicado en calle Prat de San Felipe.<br \/>\nAs\u00ed lo confirm\u00f3 en exclusiva a Diario El Trabajo el abogado defensor, Mat\u00edas Mundaca Campos, quien de acuerdo a las pericias encomendadas por su parte, Mu\u00f1oz deber\u00eda ser declarado inimputable de estos hechos en el juicio penal que podr\u00eda desarrollarse a fines de este a\u00f1o, ya que la causa de muerte de Susana Sanhueza se habr\u00eda debido a un coma diab\u00e9tico.<br \/>\nCabe se\u00f1alar que en julio de este a\u00f1o, Mu\u00f1oz, quien hasta la actualidad permanece internado en el Hospital Psiqui\u00e1trico Philippe Pinel de Putaendo, fue derivado hasta el Instituto Dr. Jos\u00e9 Horwitz Barak en Santiago, para ser evaluado si mantiene patolog\u00edas psiqui\u00e1tricas, cuyo informe debe contener las metodolog\u00edas utilizadas y las conclusiones que se deriven de ella, se\u00f1alando si el paciente es o no inimputable y si es peligroso para s\u00ed mismo o para terceros.<br \/>\nEsta pericia ser\u00e1 presentada por la Fiscal\u00eda durante el desarrollo de la audiencia de preparaci\u00f3n de juicio oral en el Juzgado de Garant\u00eda de San Felipe, las que ser\u00e1n debatidas con los argumentos de la defensa.<br \/>\n<strong>&#8211; \u00bfEn esta audiencia se debatir\u00e1 si el acusado es o no inimputable?<\/strong><br \/>\n&#8211; No, eso deber\u00e1 determinarlo el Tribunal Oral porque va a pasar a esa instancia, est\u00e1 claro que va a pasar a un juicio oral.<br \/>\n<strong>&#8211; Para la Fiscal\u00eda la imputaci\u00f3n sigue siendo un homicidio.<\/strong><br \/>\n&#8211; Para la defensa no hubo un homicidio. Segundo, Cristian no particip\u00f3 en ese hecho de manera culpable, no realiz\u00f3 ning\u00fan acto tendiente para ponerle fin a la vida de la v\u00edctima; y tercero, es una persona inimputable, eso es la defensa. La Fiscal\u00eda puede sostener lo que quiera, pero tiene que probarlo.<br \/>\n<strong>&#8211; \u00bfCu\u00e1ndo podr\u00eda realizarse el juicio oral?<\/strong><br \/>\n&#8211; Si se llega a preparar juicio en noviembre, porque se podr\u00eda suspender por uno u otro motivo, entiendo que el juicio ser\u00eda en diciembre.<br \/>\n<strong>&#8211; \u00bfQu\u00e9 sostienen las pericias realizadas por la defensa?<\/strong><br \/>\n&#8211; Las tres pericias que hay por el lado de la defensa sostienen que esta persona es inimputable, que son pericias privadas y del Hospital Philippe Pinel, y la Fiscal\u00eda tiene otras que dicen que no. El Tribunal Oral tendr\u00e1 que decidir a cual de todas les da credibilidad (\u2026) si el Tribunal declara que \u00e9l es inimputable, lo tiene que absolver; si el Ministerio P\u00fablico hubiera sido objetivo en decir \u2018vamos a pedir 10 a\u00f1os de internaci\u00f3n definitiva\u2019, pero no, pidi\u00f3 una pena. Para el Ministerio P\u00fablico los informes psiqui\u00e1tricos del Hospital Philippe Pinel no valen nada.<br \/>\n<strong>&#8211; \u00bfEntonces llegar\u00e1 hasta el final para que el Tribunal lo absuelva?<\/strong><br \/>\n&#8211; Claro, efectivamente, porque en primer lugar: No hay homicidio, el sitio del suceso, el cad\u00e1ver indica que hubo homicidio por asfixia y la teor\u00eda de la defensa es que la ni\u00f1a muri\u00f3 por un coma diab\u00e9tico y no por esta acci\u00f3n de terceros. En segundo lugar, que de haber un homicidio, don Cristian no particip\u00f3 de \u00e9l. Y tercero, es una persona inimputable, entonces son tres las teor\u00edas de la defensa.<br \/>\n<strong>Pablo Salinas Sald\u00edas<\/strong><\/p>\n<figure id=\"attachment_94568\" aria-describedby=\"caption-attachment-94568\" style=\"width: 579px\" class=\"wp-caption alignnone\"><img data-recalc-dims=\"1\" loading=\"lazy\" decoding=\"async\" class=\"size-full wp-image-94568\" src=\"https:\/\/i0.wp.com\/www.eltrabajo.cl\/portal\/wp-content\/uploads\/2019\/10\/susana-sanhueza-cuerpo.jpg?resize=579%2C393\" alt=\"Personal de la PDI perici\u00f3 el cuerpo de Susana hallado al interior del archivero municipal de San Felipe ubicado en calle Prat.\" width=\"579\" height=\"393\" srcset=\"https:\/\/i0.wp.com\/eltrabajo.cl\/portal\/wp-content\/uploads\/2019\/10\/susana-sanhueza-cuerpo.jpg?w=579&amp;ssl=1 579w, https:\/\/i0.wp.com\/eltrabajo.cl\/portal\/wp-content\/uploads\/2019\/10\/susana-sanhueza-cuerpo.jpg?resize=200%2C136&amp;ssl=1 200w, https:\/\/i0.wp.com\/eltrabajo.cl\/portal\/wp-content\/uploads\/2019\/10\/susana-sanhueza-cuerpo.jpg?resize=300%2C204&amp;ssl=1 300w, https:\/\/i0.wp.com\/eltrabajo.cl\/portal\/wp-content\/uploads\/2019\/10\/susana-sanhueza-cuerpo.jpg?resize=221%2C150&amp;ssl=1 221w, https:\/\/i0.wp.com\/eltrabajo.cl\/portal\/wp-content\/uploads\/2019\/10\/susana-sanhueza-cuerpo.jpg?resize=400%2C272&amp;ssl=1 400w\" sizes=\"auto, (max-width: 579px) 100vw, 579px\" \/><figcaption id=\"caption-attachment-94568\" class=\"wp-caption-text\">Personal de la PDI perici\u00f3 el cuerpo de Susana hallado al interior del archivero municipal de San Felipe ubicado en calle Prat.<\/figcaption><\/figure>\n<figure id=\"attachment_94566\" aria-describedby=\"caption-attachment-94566\" style=\"width: 580px\" class=\"wp-caption alignnone\"><img data-recalc-dims=\"1\" loading=\"lazy\" decoding=\"async\" class=\"size-full wp-image-94566\" src=\"https:\/\/i0.wp.com\/www.eltrabajo.cl\/portal\/wp-content\/uploads\/2019\/10\/susana-sanhueza-IMPUTADO-CRISTIAN-MUNOZ-1.jpg?resize=580%2C360\" alt=\"Cristian Mu\u00f1oz Mu\u00f1oz fue formalizado por la Fiscal\u00eda en marzo de 2017 por el presunto delito de homicidio.\" width=\"580\" height=\"360\" srcset=\"https:\/\/i0.wp.com\/eltrabajo.cl\/portal\/wp-content\/uploads\/2019\/10\/susana-sanhueza-IMPUTADO-CRISTIAN-MUNOZ-1.jpg?w=580&amp;ssl=1 580w, https:\/\/i0.wp.com\/eltrabajo.cl\/portal\/wp-content\/uploads\/2019\/10\/susana-sanhueza-IMPUTADO-CRISTIAN-MUNOZ-1.jpg?resize=200%2C124&amp;ssl=1 200w, https:\/\/i0.wp.com\/eltrabajo.cl\/portal\/wp-content\/uploads\/2019\/10\/susana-sanhueza-IMPUTADO-CRISTIAN-MUNOZ-1.jpg?resize=300%2C186&amp;ssl=1 300w, https:\/\/i0.wp.com\/eltrabajo.cl\/portal\/wp-content\/uploads\/2019\/10\/susana-sanhueza-IMPUTADO-CRISTIAN-MUNOZ-1.jpg?resize=242%2C150&amp;ssl=1 242w, https:\/\/i0.wp.com\/eltrabajo.cl\/portal\/wp-content\/uploads\/2019\/10\/susana-sanhueza-IMPUTADO-CRISTIAN-MUNOZ-1.jpg?resize=400%2C248&amp;ssl=1 400w\" sizes=\"auto, (max-width: 580px) 100vw, 580px\" \/><figcaption id=\"caption-attachment-94566\" class=\"wp-caption-text\">Cristian Mu\u00f1oz Mu\u00f1oz fue formalizado por la Fiscal\u00eda en marzo de 2017 por el presunto delito de homicidio.<\/figcaption><\/figure>\n<figure id=\"attachment_94567\" aria-describedby=\"caption-attachment-94567\" style=\"width: 578px\" class=\"wp-caption alignnone\"><img data-recalc-dims=\"1\" loading=\"lazy\" decoding=\"async\" class=\"size-full wp-image-94567\" src=\"https:\/\/i0.wp.com\/www.eltrabajo.cl\/portal\/wp-content\/uploads\/2019\/10\/Susana-Sanhueza-1-1.jpg?resize=578%2C600\" alt=\"Susana Sanhueza Aravena fue hallada muerta el 7 de marzo de 2017.\" width=\"578\" height=\"600\" srcset=\"https:\/\/i0.wp.com\/eltrabajo.cl\/portal\/wp-content\/uploads\/2019\/10\/Susana-Sanhueza-1-1.jpg?w=578&amp;ssl=1 578w, https:\/\/i0.wp.com\/eltrabajo.cl\/portal\/wp-content\/uploads\/2019\/10\/Susana-Sanhueza-1-1.jpg?resize=145%2C150&amp;ssl=1 145w, https:\/\/i0.wp.com\/eltrabajo.cl\/portal\/wp-content\/uploads\/2019\/10\/Susana-Sanhueza-1-1.jpg?resize=289%2C300&amp;ssl=1 289w, https:\/\/i0.wp.com\/eltrabajo.cl\/portal\/wp-content\/uploads\/2019\/10\/Susana-Sanhueza-1-1.jpg?resize=400%2C415&amp;ssl=1 400w\" sizes=\"auto, (max-width: 578px) 100vw, 578px\" \/><figcaption id=\"caption-attachment-94567\" class=\"wp-caption-text\">Susana Sanhueza Aravena fue hallada muerta el 7 de marzo de 2017.<\/figcaption><\/figure>\n","protected":false},"excerpt":{"rendered":"<p>Preparaci\u00f3n de juicio oral ser\u00e1 este 21 de noviembre: En entrevista de Diario El Trabajo con el abogado defensor del acusado, sostiene tres teor\u00edas del caso y perseguir\u00e1 la absoluci\u00f3n del cargo&#8230;<\/p>\n","protected":false},"author":482,"featured_media":94566,"comment_status":"open","ping_status":"open","sticky":false,"template":"","format":"standard","meta":{"advanced_seo_description":"","jetpack_seo_html_title":"","jetpack_seo_noindex":false,"_jetpack_memberships_contains_paid_content":false,"footnotes":""},"categories":[97],"tags":[],"class_list":["post-94565","post","type-post","status-publish","format-standard","has-post-thumbnail","hentry","category-tribunales"],"jetpack_featured_media_url":"https:\/\/i0.wp.com\/eltrabajo.cl\/portal\/wp-content\/uploads\/2019\/10\/susana-sanhueza-IMPUTADO-CRISTIAN-MUNOZ-1.jpg?fit=580%2C360&ssl=1","jetpack_sharing_enabled":true,"jetpack_likes_enabled":true,"jetpack-related-posts":[],"_links":{"self":[{"href":"https:\/\/eltrabajo.cl\/portal\/wp-json\/wp\/v2\/posts\/94565","targetHints":{"allow":["GET"]}}],"collection":[{"href":"https:\/\/eltrabajo.cl\/portal\/wp-json\/wp\/v2\/posts"}],"about":[{"href":"https:\/\/eltrabajo.cl\/portal\/wp-json\/wp\/v2\/types\/post"}],"author":[{"embeddable":true,"href":"https:\/\/eltrabajo.cl\/portal\/wp-json\/wp\/v2\/users\/482"}],"replies":[{"embeddable":true,"href":"https:\/\/eltrabajo.cl\/portal\/wp-json\/wp\/v2\/comments?post=94565"}],"version-history":[{"count":0,"href":"https:\/\/eltrabajo.cl\/portal\/wp-json\/wp\/v2\/posts\/94565\/revisions"}],"wp:featuredmedia":[{"embeddable":true,"href":"https:\/\/eltrabajo.cl\/portal\/wp-json\/wp\/v2\/media\/94566"}],"wp:attachment":[{"href":"https:\/\/eltrabajo.cl\/portal\/wp-json\/wp\/v2\/media?parent=94565"}],"wp:term":[{"taxonomy":"category","embeddable":true,"href":"https:\/\/eltrabajo.cl\/portal\/wp-json\/wp\/v2\/categories?post=94565"},{"taxonomy":"post_tag","embeddable":true,"href":"https:\/\/eltrabajo.cl\/portal\/wp-json\/wp\/v2\/tags?post=94565"}],"curies":[{"name":"wp","href":"https:\/\/api.w.org\/{rel}","templated":true}]}}