{"id":94570,"date":"2019-10-03T05:06:39","date_gmt":"2019-10-03T08:06:39","guid":{"rendered":"http:\/\/www.eltrabajo.cl\/portal\/?p=94570"},"modified":"2019-10-02T20:59:43","modified_gmt":"2019-10-02T23:59:43","slug":"consumiendo-10-000-litros-de-agua-al-dia-pretenden-construir-planta-solar","status":"publish","type":"post","link":"https:\/\/eltrabajo.cl\/portal\/consumiendo-10-000-litros-de-agua-al-dia-pretenden-construir-planta-solar\/","title":{"rendered":"Consumiendo 10.000 litros de agua al d\u00eda pretenden construir planta solar"},"content":{"rendered":"<p><span style=\"color: #ff0000;\"><strong>Vecinos de Tabolango indignados con proyecto fotovoltaico:<\/strong><\/span><\/p>\n<ul>\n<li><strong>Empresa desarrolladora ofrece ahora comprar sus propios bidones de agua para no afectar a los vecinos. Cientos de \u00e1rboles est\u00e1n siendo arrancados para instalarse. Documentaci\u00f3n est\u00e1 en regla y plazos para reclamar ya vencieron luego que avisos legales se hicieran supuestamente a trav\u00e9s de \u2018medios vol\u00e1tiles\u2019 como la radio.<\/strong><\/li>\n<\/ul>\n<p><strong>SANTA MAR\u00cdA<\/strong>.- Un malestar por el inicio de operaciones de la empresa Chester Solar 1 en el sector Tabolango de Santa Mar\u00eda, es el que han manifestado algunos vecinos del lugar a ra\u00edz de la construcci\u00f3n de la Planta Fotovoltaica Jahuel 9MW. Estas operaciones en la etapa inicial contemplan remover cientos de \u00e1rboles nativos del lugar y destrucci\u00f3n de h\u00e1bitat silvestre; el consumo diario de 10.000 litros de agua; remover m\u00e1s de 15.000 metros c\u00fabicos de tierra, y finalmente la instalaci\u00f3n de 32.400 paneles solares para producir energ\u00eda el\u00e9ctrica usando energ\u00eda solar, con una inversi\u00f3n de USD $16.200.000.<br \/>\nVarios vecinos solicitaron a Diario El Trabajo hacer p\u00fablico su malestar, pues consideran que las condiciones de sequ\u00eda imperantes en el Valle de Aconcagua no permiten que se gasten 10.000 litros de agua por d\u00eda en este proyecto, si la situaci\u00f3n actual apenas logra sostenerse gracias al racionamiento controlado de todos los vecinos de los sectores Santa Filomena, Jahuel, Jahuelito y La Higuera.<\/p>\n<p><span style=\"color: #ff0000;\"><strong>MALESTAR GENERAL<\/strong><\/span><br \/>\nLeandro Lobos Miranda, vecino del sector, explic\u00f3 a nuestro medio que \u00abeste es un campo fotovoltaico que se va instalar ac\u00e1 en el lugar, por lo que varios vecinos estamos bastante preocupados porque el da\u00f1o ambiental que se est\u00e1 causando ac\u00e1, entendemos que hay contemplada una reforestaci\u00f3n en el Plan Maestro de este proyecto, pero en fin nosotros creemos que no se cumple, por ejemplos estos peque\u00f1os \u00e1rboles tienen entre 25 a 50 a\u00f1os y la concesi\u00f3n de este proyecto est\u00e1 contemplada para 25 a\u00f1os, o sea que reci\u00e9n en esos 25 a\u00f1os los \u00e1rboles apenas llegar\u00e1n a la edad que tienen ahora los que fueron arrancados\u00bb.<br \/>\n<strong>&#8211; \u00bfPero esta empresa no les inform\u00f3 a ustedes lo que estaban haciendo?<\/strong><br \/>\n&#8211; Al parecer en la comunidad no ten\u00edamos conocimiento de esto, nosotros como movimiento estamos tratando de reunir a la gente del sector con apoyo de una junta de vecinos y ya se agend\u00f3 una reuni\u00f3n con la comunidad de El Campo, a la cual esperamos asistir y presentar estos detalles del proyecto directamente ya que tambi\u00e9n a nosotros nos afecta en lo que es el agua pues estamos en sequ\u00eda, pues la cantidad de agua que este proyecto ocupar\u00e1 es el agua que no tenemos.<br \/>\n<strong>&#8211; \u00bfEllos usar\u00edan entonces el agua de los agricultores en construir esta planta?<\/strong><br \/>\n&#8211; Exactamente. Por ejemplo nosotros aqu\u00ed en verano sufrimos escasez h\u00eddrica total, hay momentos en que se nos corta la distribuci\u00f3n de agua porque la verdad que los estanques quedan vac\u00edos, pero mirando ac\u00e1 el Plan Maestro de esa empresa dice que ocupar\u00e1n 10.000 litros de agua por d\u00eda, y nosotros sacando cuentas en 25 a\u00f1os es mucha la cantidad y no sabemos si tenemos reservas para esa demanda, finalmente a los vecinos si es que no les preocupa el tema de los paneles solares, al menos que se preocupen por el agua.<\/p>\n<p><span style=\"color: #ff0000;\"><strong>EMPRESA RESPONDE<\/strong><\/span><br \/>\nDiario El Trabajo habl\u00f3 con Andr\u00e9s Ha de la empresa Chester Solar 1, este funcionario respondi\u00f3 a nuestras consultas, mismas que fueron formuladas por los vecinos de Santa Mar\u00eda.<br \/>\n<strong>&#8211; \u00bfC\u00f3mo es que se lee en el Plan Maestro que ustedes usar\u00e1n 10.000 litros de agua de los agricultores para instalarse con su planta solar?<\/strong><br \/>\n&#8211; En lo del tema del agua usted est\u00e1 en lo correcto, en el sentido que existe una condici\u00f3n de sequ\u00eda, en nuestra empresa estamos enterados, por lo que a efectos de atenuar el impacto en t\u00e9rminos de consumo de agua, nuestra empresa producir\u00e1 una modificaci\u00f3n respecto a lo que est\u00e1 declarado en la RCA y los compromisos que ah\u00ed est\u00e1n escritos, hablando de manera m\u00e1s concreta, para la etapa de construcci\u00f3n de la planta solar no se van a utilizar recursos h\u00eddricos de la zona, sino que se van a comprar bidones a nuestro costo y los llevaremos al lugar de construcci\u00f3n y los vamos a consumir en obra a trav\u00e9s de bidones. Tambi\u00e9n los ba\u00f1os van a ser qu\u00edmicos, tampoco para los ba\u00f1os consumiremos agua de la zona (\u2026) en la etapa de operaci\u00f3n en el estado actual en la RCA se contemplan diez personas para operar la planta, eso es lo que originalmente se contempl\u00f3, quiero dejar en claro que nosotros no necesitamos diez personas para esta operaci\u00f3n, podemos trabajar con una persona y a lo m\u00e1s dos personas en estos a\u00f1os de la planta en operaci\u00f3n.<\/p>\n<p><span style=\"color: #ff0000;\"><strong>TODO EN ORDEN<\/strong><\/span><br \/>\nAndr\u00e9s Ha explic\u00f3 a nuestro medio que s\u00f3lo hab\u00edan hablado con las autoridades de Santa Mar\u00eda, reconoci\u00f3 que nunca se organiz\u00f3 alguna reuni\u00f3n con los vecinos del sector Jahuel, a\u00fan as\u00ed la empresa cumpli\u00f3 con todos los requisitos de Oficio que las leyes exigen para que se aprobara este proyecto, por lo que se podr\u00eda entender que el problema actual tiene m\u00e1s relaci\u00f3n con la nula comunicaci\u00f3n entre Chester Solar 1 SpA y los vecinos. Esta planta solar estar\u00e1 lista para entrar en operaciones para febrero de 2020, y ser\u00e1 la empresa Chilquinta la encargada de distribuir esta energ\u00eda y lucrar con ella.<br \/>\nA\u00fan as\u00ed, en su momento esta empresa public\u00f3 en el Diario Oficial e inform\u00f3 al pa\u00eds sobre la Declaraci\u00f3n de Impacto Ambiental, la anunciaron en algunos medios vol\u00e1tiles como radioemisoras del Valle de Aconcagua, por lo que ellos los empresarios, asum\u00edan que los vecinos estaban ya enterados del alcance del proyecto.<br \/>\nEn cuanto a los \u00e1rboles arrancados por la maquinaria de esta empresa, la titular demuestra con documentos que todos los permisos est\u00e1n en regla; reforestar\u00e1n varias especies y los animales est\u00e1n siendo supuestamente trasladados a sitios seguros para ellos.<br \/>\n<strong>Roberto Gonz\u00e1lez Short<\/strong><\/p>\n<figure id=\"attachment_94576\" aria-describedby=\"caption-attachment-94576\" style=\"width: 580px\" class=\"wp-caption alignnone\"><img data-recalc-dims=\"1\" loading=\"lazy\" decoding=\"async\" class=\"size-full wp-image-94576\" src=\"https:\/\/i0.wp.com\/www.eltrabajo.cl\/portal\/wp-content\/uploads\/2019\/10\/Fotovoltaico2.jpg?resize=580%2C359\" alt=\"TODO EN REGLA.- As\u00ed luce ahora el panorama, algunos de los comuneros arrendaron este terreno y al parecer todos los permisos est\u00e1n en regla.\" width=\"580\" height=\"359\" srcset=\"https:\/\/i0.wp.com\/eltrabajo.cl\/portal\/wp-content\/uploads\/2019\/10\/Fotovoltaico2.jpg?w=580&amp;ssl=1 580w, https:\/\/i0.wp.com\/eltrabajo.cl\/portal\/wp-content\/uploads\/2019\/10\/Fotovoltaico2.jpg?resize=200%2C124&amp;ssl=1 200w, https:\/\/i0.wp.com\/eltrabajo.cl\/portal\/wp-content\/uploads\/2019\/10\/Fotovoltaico2.jpg?resize=300%2C186&amp;ssl=1 300w, https:\/\/i0.wp.com\/eltrabajo.cl\/portal\/wp-content\/uploads\/2019\/10\/Fotovoltaico2.jpg?resize=242%2C150&amp;ssl=1 242w, https:\/\/i0.wp.com\/eltrabajo.cl\/portal\/wp-content\/uploads\/2019\/10\/Fotovoltaico2.jpg?resize=400%2C248&amp;ssl=1 400w\" sizes=\"auto, (max-width: 580px) 100vw, 580px\" \/><figcaption id=\"caption-attachment-94576\" class=\"wp-caption-text\">TODO EN REGLA.- As\u00ed luce ahora el panorama, algunos de los comuneros arrendaron este terreno y al parecer todos los permisos est\u00e1n en regla.<\/figcaption><\/figure>\n<figure id=\"attachment_94571\" aria-describedby=\"caption-attachment-94571\" style=\"width: 580px\" class=\"wp-caption alignnone\"><img data-recalc-dims=\"1\" loading=\"lazy\" decoding=\"async\" class=\"size-full wp-image-94571\" src=\"https:\/\/i0.wp.com\/www.eltrabajo.cl\/portal\/wp-content\/uploads\/2019\/10\/Fotovoltaico3.jpg?resize=580%2C360\" alt=\"TRISTE ESCENARIO.- Son muchos los \u00e1rboles que ser\u00e1n enterrados una vez cortados, seg\u00fan supo nuestro medio.\" width=\"580\" height=\"360\" srcset=\"https:\/\/i0.wp.com\/eltrabajo.cl\/portal\/wp-content\/uploads\/2019\/10\/Fotovoltaico3.jpg?w=580&amp;ssl=1 580w, https:\/\/i0.wp.com\/eltrabajo.cl\/portal\/wp-content\/uploads\/2019\/10\/Fotovoltaico3.jpg?resize=200%2C124&amp;ssl=1 200w, https:\/\/i0.wp.com\/eltrabajo.cl\/portal\/wp-content\/uploads\/2019\/10\/Fotovoltaico3.jpg?resize=300%2C186&amp;ssl=1 300w, https:\/\/i0.wp.com\/eltrabajo.cl\/portal\/wp-content\/uploads\/2019\/10\/Fotovoltaico3.jpg?resize=242%2C150&amp;ssl=1 242w, https:\/\/i0.wp.com\/eltrabajo.cl\/portal\/wp-content\/uploads\/2019\/10\/Fotovoltaico3.jpg?resize=400%2C248&amp;ssl=1 400w\" sizes=\"auto, (max-width: 580px) 100vw, 580px\" \/><figcaption id=\"caption-attachment-94571\" class=\"wp-caption-text\">TRISTE ESCENARIO.- Son muchos los \u00e1rboles que ser\u00e1n enterrados una vez cortados, seg\u00fan supo nuestro medio.<\/figcaption><\/figure>\n<figure id=\"attachment_94575\" aria-describedby=\"caption-attachment-94575\" style=\"width: 580px\" class=\"wp-caption alignnone\"><img data-recalc-dims=\"1\" loading=\"lazy\" decoding=\"async\" class=\"size-full wp-image-94575\" src=\"https:\/\/i0.wp.com\/www.eltrabajo.cl\/portal\/wp-content\/uploads\/2019\/10\/Fotovoltaico1.jpg?resize=580%2C360\" alt=\"VECINOS MOLESTOS.- Varios vecinos del sector muestran a Diario El Trabajo los \u00e1rboles arrancados por los tractores de la empresa a cargo del proyecto.\" width=\"580\" height=\"360\" srcset=\"https:\/\/i0.wp.com\/eltrabajo.cl\/portal\/wp-content\/uploads\/2019\/10\/Fotovoltaico1.jpg?w=580&amp;ssl=1 580w, https:\/\/i0.wp.com\/eltrabajo.cl\/portal\/wp-content\/uploads\/2019\/10\/Fotovoltaico1.jpg?resize=200%2C124&amp;ssl=1 200w, https:\/\/i0.wp.com\/eltrabajo.cl\/portal\/wp-content\/uploads\/2019\/10\/Fotovoltaico1.jpg?resize=300%2C186&amp;ssl=1 300w, https:\/\/i0.wp.com\/eltrabajo.cl\/portal\/wp-content\/uploads\/2019\/10\/Fotovoltaico1.jpg?resize=242%2C150&amp;ssl=1 242w, https:\/\/i0.wp.com\/eltrabajo.cl\/portal\/wp-content\/uploads\/2019\/10\/Fotovoltaico1.jpg?resize=400%2C248&amp;ssl=1 400w\" sizes=\"auto, (max-width: 580px) 100vw, 580px\" \/><figcaption id=\"caption-attachment-94575\" class=\"wp-caption-text\">VECINOS MOLESTOS.- Varios vecinos del sector muestran a Diario El Trabajo los \u00e1rboles arrancados por los tractores de la empresa a cargo del proyecto.<\/figcaption><\/figure>\n<figure id=\"attachment_94572\" aria-describedby=\"caption-attachment-94572\" style=\"width: 578px\" class=\"wp-caption alignnone\"><img data-recalc-dims=\"1\" loading=\"lazy\" decoding=\"async\" class=\"size-full wp-image-94572\" src=\"https:\/\/i0.wp.com\/www.eltrabajo.cl\/portal\/wp-content\/uploads\/2019\/10\/Fotovoltaico4.jpg?resize=578%2C233\" alt=\"Bot\u00edn h\u00eddrico.- As\u00ed se establece en los documentos oficiales y ya aprobados por las instituciones del gobierno, mientras que los vecinos por falta de informaci\u00f3n no pudieron reaccionar a tiempo.\" width=\"578\" height=\"233\" srcset=\"https:\/\/i0.wp.com\/eltrabajo.cl\/portal\/wp-content\/uploads\/2019\/10\/Fotovoltaico4.jpg?w=578&amp;ssl=1 578w, https:\/\/i0.wp.com\/eltrabajo.cl\/portal\/wp-content\/uploads\/2019\/10\/Fotovoltaico4.jpg?resize=200%2C81&amp;ssl=1 200w, https:\/\/i0.wp.com\/eltrabajo.cl\/portal\/wp-content\/uploads\/2019\/10\/Fotovoltaico4.jpg?resize=300%2C121&amp;ssl=1 300w, https:\/\/i0.wp.com\/eltrabajo.cl\/portal\/wp-content\/uploads\/2019\/10\/Fotovoltaico4.jpg?resize=400%2C161&amp;ssl=1 400w\" sizes=\"auto, (max-width: 578px) 100vw, 578px\" \/><figcaption id=\"caption-attachment-94572\" class=\"wp-caption-text\">Bot\u00edn h\u00eddrico.- As\u00ed se establece en los documentos oficiales y ya aprobados por las instituciones del gobierno, mientras que los vecinos por falta de informaci\u00f3n no pudieron reaccionar a tiempo.<\/figcaption><\/figure>\n<figure id=\"attachment_94574\" aria-describedby=\"caption-attachment-94574\" style=\"width: 580px\" class=\"wp-caption alignnone\"><img data-recalc-dims=\"1\" loading=\"lazy\" decoding=\"async\" class=\"size-full wp-image-94574\" src=\"https:\/\/i0.wp.com\/www.eltrabajo.cl\/portal\/wp-content\/uploads\/2019\/10\/Fotovoltaico_Leandro-Lobos.jpg?resize=580%2C600\" alt=\"Leandro Lobos, uno de los vecinos molestos por esta situaci\u00f3n.\" width=\"580\" height=\"600\" srcset=\"https:\/\/i0.wp.com\/eltrabajo.cl\/portal\/wp-content\/uploads\/2019\/10\/Fotovoltaico_Leandro-Lobos.jpg?w=580&amp;ssl=1 580w, https:\/\/i0.wp.com\/eltrabajo.cl\/portal\/wp-content\/uploads\/2019\/10\/Fotovoltaico_Leandro-Lobos.jpg?resize=145%2C150&amp;ssl=1 145w, https:\/\/i0.wp.com\/eltrabajo.cl\/portal\/wp-content\/uploads\/2019\/10\/Fotovoltaico_Leandro-Lobos.jpg?resize=290%2C300&amp;ssl=1 290w, https:\/\/i0.wp.com\/eltrabajo.cl\/portal\/wp-content\/uploads\/2019\/10\/Fotovoltaico_Leandro-Lobos.jpg?resize=400%2C414&amp;ssl=1 400w\" sizes=\"auto, (max-width: 580px) 100vw, 580px\" \/><figcaption id=\"caption-attachment-94574\" class=\"wp-caption-text\">Leandro Lobos, uno de los vecinos molestos por esta situaci\u00f3n.<\/figcaption><\/figure>\n<figure id=\"attachment_94573\" aria-describedby=\"caption-attachment-94573\" style=\"width: 580px\" class=\"wp-caption alignnone\"><img data-recalc-dims=\"1\" loading=\"lazy\" decoding=\"async\" class=\"size-full wp-image-94573\" src=\"https:\/\/i0.wp.com\/www.eltrabajo.cl\/portal\/wp-content\/uploads\/2019\/10\/Fotovoltaico_Andres-Ha.jpg?resize=580%2C598\" alt=\"Andr\u00e9s Ha, representante de la empresa Chester Solar 1.\" width=\"580\" height=\"598\" srcset=\"https:\/\/i0.wp.com\/eltrabajo.cl\/portal\/wp-content\/uploads\/2019\/10\/Fotovoltaico_Andres-Ha.jpg?w=580&amp;ssl=1 580w, https:\/\/i0.wp.com\/eltrabajo.cl\/portal\/wp-content\/uploads\/2019\/10\/Fotovoltaico_Andres-Ha.jpg?resize=145%2C150&amp;ssl=1 145w, https:\/\/i0.wp.com\/eltrabajo.cl\/portal\/wp-content\/uploads\/2019\/10\/Fotovoltaico_Andres-Ha.jpg?resize=291%2C300&amp;ssl=1 291w, https:\/\/i0.wp.com\/eltrabajo.cl\/portal\/wp-content\/uploads\/2019\/10\/Fotovoltaico_Andres-Ha.jpg?resize=400%2C412&amp;ssl=1 400w\" sizes=\"auto, (max-width: 580px) 100vw, 580px\" \/><figcaption id=\"caption-attachment-94573\" class=\"wp-caption-text\">Andr\u00e9s Ha, representante de la empresa Chester Solar 1.<\/figcaption><\/figure>\n","protected":false},"excerpt":{"rendered":"<p>Vecinos de Tabolango indignados con proyecto fotovoltaico: Empresa desarrolladora ofrece ahora comprar sus propios bidones de agua para no afectar a los vecinos. Cientos de \u00e1rboles est\u00e1n siendo arrancados para instalarse. Documentaci\u00f3n&#8230;<\/p>\n","protected":false},"author":482,"featured_media":94576,"comment_status":"open","ping_status":"open","sticky":false,"template":"","format":"standard","meta":{"advanced_seo_description":"","jetpack_seo_html_title":"","jetpack_seo_noindex":false,"_jetpack_memberships_contains_paid_content":false,"footnotes":""},"categories":[15],"tags":[],"class_list":["post-94570","post","type-post","status-publish","format-standard","has-post-thumbnail","hentry","category-comunidad"],"jetpack_featured_media_url":"https:\/\/i0.wp.com\/eltrabajo.cl\/portal\/wp-content\/uploads\/2019\/10\/Fotovoltaico2.jpg?fit=580%2C359&ssl=1","jetpack_sharing_enabled":true,"jetpack_likes_enabled":true,"jetpack-related-posts":[],"_links":{"self":[{"href":"https:\/\/eltrabajo.cl\/portal\/wp-json\/wp\/v2\/posts\/94570","targetHints":{"allow":["GET"]}}],"collection":[{"href":"https:\/\/eltrabajo.cl\/portal\/wp-json\/wp\/v2\/posts"}],"about":[{"href":"https:\/\/eltrabajo.cl\/portal\/wp-json\/wp\/v2\/types\/post"}],"author":[{"embeddable":true,"href":"https:\/\/eltrabajo.cl\/portal\/wp-json\/wp\/v2\/users\/482"}],"replies":[{"embeddable":true,"href":"https:\/\/eltrabajo.cl\/portal\/wp-json\/wp\/v2\/comments?post=94570"}],"version-history":[{"count":0,"href":"https:\/\/eltrabajo.cl\/portal\/wp-json\/wp\/v2\/posts\/94570\/revisions"}],"wp:featuredmedia":[{"embeddable":true,"href":"https:\/\/eltrabajo.cl\/portal\/wp-json\/wp\/v2\/media\/94576"}],"wp:attachment":[{"href":"https:\/\/eltrabajo.cl\/portal\/wp-json\/wp\/v2\/media?parent=94570"}],"wp:term":[{"taxonomy":"category","embeddable":true,"href":"https:\/\/eltrabajo.cl\/portal\/wp-json\/wp\/v2\/categories?post=94570"},{"taxonomy":"post_tag","embeddable":true,"href":"https:\/\/eltrabajo.cl\/portal\/wp-json\/wp\/v2\/tags?post=94570"}],"curies":[{"name":"wp","href":"https:\/\/api.w.org\/{rel}","templated":true}]}}