{"id":94579,"date":"2019-10-04T05:00:09","date_gmt":"2019-10-04T08:00:09","guid":{"rendered":"http:\/\/www.eltrabajo.cl\/portal\/?p=94579"},"modified":"2019-10-03T20:52:59","modified_gmt":"2019-10-03T23:52:59","slug":"asistentes-de-la-educacion-premiados-por-anos-de-servicio-ayer-en-iglesia-catedral","status":"publish","type":"post","link":"https:\/\/eltrabajo.cl\/portal\/asistentes-de-la-educacion-premiados-por-anos-de-servicio-ayer-en-iglesia-catedral\/","title":{"rendered":"Asistentes de la educaci\u00f3n premiados por a\u00f1os de servicio ayer en Iglesia Catedral"},"content":{"rendered":"<p>El pasado 1\u00ba de octubre en todo Chile fue celebrado el D\u00eda Nacional de los Asistentes de la educaci\u00f3n. En Diario El Trabajo para esa oportunidad publicamos una amplia entrevista a la presidenta gremial Mignol Mu\u00f1oz; hoy viernes, en cambio, queremos destacar a los asistentes que fueron ayer premiados por sus 20, 25 y 30 a\u00f1os de labores profesionales. Al acto asistieron el alcalde Patricio Freire y los concejales Mario Villanueva, Dante Rodr\u00edguez, Juan Carlos Sabaj y el Jefe Daem Iv\u00e1n Silva.<\/p>\n<p><span style=\"color: #ff0000;\"><strong>LOS GALARDONADOS<\/strong><\/span><br \/>\nRecibieron su reconocimiento por sus a\u00f1os de servicio entregados a la educaci\u00f3n municipalizada de San Felipe:<br \/>\nElizabeth Bustamante Ahumada, del Liceo Corina Urbina; Rodrigo Duarte Lucero, del Liceo San Felipe; Eliana Guerra Peralta, de la Escuela Buen Pastor; Carolina Hern\u00e1ndez Rivas, de la Escuela Jos\u00e9 de San Mart\u00edn; Eliana Herrera Ojeda, del Liceo Corina Urbina; Mar\u00eda Lepe Castro, del Liceo Corina Urbina; Nora L\u00f3pez Gallardo, del Liceo San Felipe; Ivette Murillo Contador, del Liceo Corina Urbina; Eugenio Olivares Arredondo, de la Daem San Felipe; y Mabel Vergara Lazo, del Liceo Dr. Roberto Humeres.<\/p>\n<p><span style=\"color: #ff0000;\"><strong>CUARTO DE SIGLO<\/strong><\/span><br \/>\nPor sus 25 a\u00f1os fueron destacados Ver\u00f3nica Bibiano S\u00e1ez, del Liceo Roberto Humeres; Arturo Chand\u00eda Montenegro, de la Escuela Jos\u00e9 Bernardo Su\u00e1rez; Yolanda Montoya Soto, de la Daem San Felipe; Juana Salinas Salinas, de la Escuela Mateo Cokjlat; Mar\u00eda Suloaga Cort\u00e9s, del Liceo Juan Francisco Gonz\u00e1lez; y Teresa Verdejo Rojas, de la Escuela Bernardo O\u2019Higgins.<\/p>\n<p><span style=\"color: #ff0000;\"><strong>CON 30 A\u00d1OS<\/strong><\/span><br \/>\nCon 30 a\u00f1os de trabajo en el Sistema fueron destacados Adriana Contreras Tejeda, de la Escuela Jos\u00e9 de San Mart\u00edn; Carmen Leiva Cruz, del Liceo Corina Urbina; Silvia Meneses Palma, de la Escuela Jos\u00e9 de San Mart\u00edn; M\u00f3nica Romero Andrade, de la Daem San Felipe; y Luis Toro Castro, del Liceo Roberto Humeres.<br \/>\n<strong>Roberto Gonz\u00e1lez Short<\/strong><\/p>\n<figure id=\"attachment_94580\" aria-describedby=\"caption-attachment-94580\" style=\"width: 580px\" class=\"wp-caption alignnone\"><img data-recalc-dims=\"1\" loading=\"lazy\" decoding=\"async\" class=\"size-full wp-image-94580\" src=\"https:\/\/i0.wp.com\/www.eltrabajo.cl\/portal\/wp-content\/uploads\/2019\/10\/Asistentes1.jpg?resize=580%2C360\" alt=\"DOS D\u00c9CADAS.- Ellos son los asistentes de educaci\u00f3n destacados por sus dos d\u00e9cadas de trabajo en el sistema municipal de educaci\u00f3n.\" width=\"580\" height=\"360\" srcset=\"https:\/\/i0.wp.com\/eltrabajo.cl\/portal\/wp-content\/uploads\/2019\/10\/Asistentes1.jpg?w=580&amp;ssl=1 580w, https:\/\/i0.wp.com\/eltrabajo.cl\/portal\/wp-content\/uploads\/2019\/10\/Asistentes1.jpg?resize=200%2C124&amp;ssl=1 200w, https:\/\/i0.wp.com\/eltrabajo.cl\/portal\/wp-content\/uploads\/2019\/10\/Asistentes1.jpg?resize=300%2C186&amp;ssl=1 300w, https:\/\/i0.wp.com\/eltrabajo.cl\/portal\/wp-content\/uploads\/2019\/10\/Asistentes1.jpg?resize=242%2C150&amp;ssl=1 242w, https:\/\/i0.wp.com\/eltrabajo.cl\/portal\/wp-content\/uploads\/2019\/10\/Asistentes1.jpg?resize=400%2C248&amp;ssl=1 400w\" sizes=\"auto, (max-width: 580px) 100vw, 580px\" \/><figcaption id=\"caption-attachment-94580\" class=\"wp-caption-text\">DOS D\u00c9CADAS.- Ellos son los asistentes de educaci\u00f3n destacados por sus dos d\u00e9cadas de trabajo en el sistema municipal de educaci\u00f3n.<\/figcaption><\/figure>\n<figure id=\"attachment_94581\" aria-describedby=\"caption-attachment-94581\" style=\"width: 580px\" class=\"wp-caption alignnone\"><img data-recalc-dims=\"1\" loading=\"lazy\" decoding=\"async\" class=\"size-full wp-image-94581\" src=\"https:\/\/i0.wp.com\/www.eltrabajo.cl\/portal\/wp-content\/uploads\/2019\/10\/Asistentes2.jpg?resize=580%2C360\" alt=\"CON 25 A\u00d1OS.- Aqu\u00ed tenemos a quienes llevan un cuarto de siglo al servicio de la educaci\u00f3n en nuestra provincia.\" width=\"580\" height=\"360\" srcset=\"https:\/\/i0.wp.com\/eltrabajo.cl\/portal\/wp-content\/uploads\/2019\/10\/Asistentes2.jpg?w=580&amp;ssl=1 580w, https:\/\/i0.wp.com\/eltrabajo.cl\/portal\/wp-content\/uploads\/2019\/10\/Asistentes2.jpg?resize=200%2C124&amp;ssl=1 200w, https:\/\/i0.wp.com\/eltrabajo.cl\/portal\/wp-content\/uploads\/2019\/10\/Asistentes2.jpg?resize=300%2C186&amp;ssl=1 300w, https:\/\/i0.wp.com\/eltrabajo.cl\/portal\/wp-content\/uploads\/2019\/10\/Asistentes2.jpg?resize=242%2C150&amp;ssl=1 242w, https:\/\/i0.wp.com\/eltrabajo.cl\/portal\/wp-content\/uploads\/2019\/10\/Asistentes2.jpg?resize=400%2C248&amp;ssl=1 400w\" sizes=\"auto, (max-width: 580px) 100vw, 580px\" \/><figcaption id=\"caption-attachment-94581\" class=\"wp-caption-text\">CON 25 A\u00d1OS.- Aqu\u00ed tenemos a quienes llevan un cuarto de siglo al servicio de la educaci\u00f3n en nuestra provincia.<\/figcaption><\/figure>\n<figure id=\"attachment_94582\" aria-describedby=\"caption-attachment-94582\" style=\"width: 580px\" class=\"wp-caption alignnone\"><img data-recalc-dims=\"1\" loading=\"lazy\" decoding=\"async\" class=\"size-full wp-image-94582\" src=\"https:\/\/i0.wp.com\/www.eltrabajo.cl\/portal\/wp-content\/uploads\/2019\/10\/Asistentes3.jpg?resize=580%2C360\" alt=\"LLEVAN 30 A\u00d1OS.- Con tres d\u00e9cadas de trabajo en educaci\u00f3n, ellos son los destacados este a\u00f1o 2019.\" width=\"580\" height=\"360\" srcset=\"https:\/\/i0.wp.com\/eltrabajo.cl\/portal\/wp-content\/uploads\/2019\/10\/Asistentes3.jpg?w=580&amp;ssl=1 580w, https:\/\/i0.wp.com\/eltrabajo.cl\/portal\/wp-content\/uploads\/2019\/10\/Asistentes3.jpg?resize=200%2C124&amp;ssl=1 200w, https:\/\/i0.wp.com\/eltrabajo.cl\/portal\/wp-content\/uploads\/2019\/10\/Asistentes3.jpg?resize=300%2C186&amp;ssl=1 300w, https:\/\/i0.wp.com\/eltrabajo.cl\/portal\/wp-content\/uploads\/2019\/10\/Asistentes3.jpg?resize=242%2C150&amp;ssl=1 242w, https:\/\/i0.wp.com\/eltrabajo.cl\/portal\/wp-content\/uploads\/2019\/10\/Asistentes3.jpg?resize=400%2C248&amp;ssl=1 400w\" sizes=\"auto, (max-width: 580px) 100vw, 580px\" \/><figcaption id=\"caption-attachment-94582\" class=\"wp-caption-text\">LLEVAN 30 A\u00d1OS.- Con tres d\u00e9cadas de trabajo en educaci\u00f3n, ellos son los destacados este a\u00f1o 2019.<\/figcaption><\/figure>\n","protected":false},"excerpt":{"rendered":"<p>El pasado 1\u00ba de octubre en todo Chile fue celebrado el D\u00eda Nacional de los Asistentes de la educaci\u00f3n. En Diario El Trabajo para esa oportunidad publicamos una amplia entrevista a la&#8230;<\/p>\n","protected":false},"author":482,"featured_media":94582,"comment_status":"open","ping_status":"open","sticky":false,"template":"","format":"standard","meta":{"advanced_seo_description":"","jetpack_seo_html_title":"","jetpack_seo_noindex":false,"_jetpack_memberships_contains_paid_content":false,"footnotes":""},"categories":[15],"tags":[],"class_list":["post-94579","post","type-post","status-publish","format-standard","has-post-thumbnail","hentry","category-comunidad"],"jetpack_featured_media_url":"https:\/\/i0.wp.com\/eltrabajo.cl\/portal\/wp-content\/uploads\/2019\/10\/Asistentes3.jpg?fit=580%2C360&ssl=1","jetpack_sharing_enabled":true,"jetpack_likes_enabled":true,"jetpack-related-posts":[],"_links":{"self":[{"href":"https:\/\/eltrabajo.cl\/portal\/wp-json\/wp\/v2\/posts\/94579","targetHints":{"allow":["GET"]}}],"collection":[{"href":"https:\/\/eltrabajo.cl\/portal\/wp-json\/wp\/v2\/posts"}],"about":[{"href":"https:\/\/eltrabajo.cl\/portal\/wp-json\/wp\/v2\/types\/post"}],"author":[{"embeddable":true,"href":"https:\/\/eltrabajo.cl\/portal\/wp-json\/wp\/v2\/users\/482"}],"replies":[{"embeddable":true,"href":"https:\/\/eltrabajo.cl\/portal\/wp-json\/wp\/v2\/comments?post=94579"}],"version-history":[{"count":0,"href":"https:\/\/eltrabajo.cl\/portal\/wp-json\/wp\/v2\/posts\/94579\/revisions"}],"wp:featuredmedia":[{"embeddable":true,"href":"https:\/\/eltrabajo.cl\/portal\/wp-json\/wp\/v2\/media\/94582"}],"wp:attachment":[{"href":"https:\/\/eltrabajo.cl\/portal\/wp-json\/wp\/v2\/media?parent=94579"}],"wp:term":[{"taxonomy":"category","embeddable":true,"href":"https:\/\/eltrabajo.cl\/portal\/wp-json\/wp\/v2\/categories?post=94579"},{"taxonomy":"post_tag","embeddable":true,"href":"https:\/\/eltrabajo.cl\/portal\/wp-json\/wp\/v2\/tags?post=94579"}],"curies":[{"name":"wp","href":"https:\/\/api.w.org\/{rel}","templated":true}]}}