{"id":94587,"date":"2019-10-04T05:02:18","date_gmt":"2019-10-04T08:02:18","guid":{"rendered":"http:\/\/www.eltrabajo.cl\/portal\/?p=94587"},"modified":"2019-10-03T20:55:39","modified_gmt":"2019-10-03T23:55:39","slug":"tension-provocan-continuos-delitos-en-populoso-sector-residencial","status":"publish","type":"post","link":"https:\/\/eltrabajo.cl\/portal\/tension-provocan-continuos-delitos-en-populoso-sector-residencial\/","title":{"rendered":"Tensi\u00f3n provocan continuos delitos en populoso sector residencial"},"content":{"rendered":"<p><span style=\"color: #ff0000;\"><strong>Vecinos de Villa El Carmen:<\/strong><\/span><\/p>\n<p>Los vecinos de Villa El Carmen est\u00e1n tensos, preocupados, por los numerosos hechos delictuales que constantemente les est\u00e1n afectando. Pese a que seg\u00fan uno de los vecinos, Hugo Venegas, tienen buena respuesta por parte de Carabineros.<br \/>\n\u00abEst\u00e1n siempre preocupados y tensionados con esto de la delincuencia, porque se sabe que en San Felipe ha aumentado mucho. Se est\u00e1n dejando caer mucho para all\u00e1, a la Villa El Carmen. Los malandrines rompen las mallas del costado de Avenida Aconcagua y por ah\u00ed entran y por ah\u00ed se fugan, entonces existe preocupaci\u00f3n constantemente, la gente est\u00e1 haciendo sonar las alarmas vecinales para poder espantar a estos compadres, \u2018meterles el cuco\u2019, que se arranquen de ah\u00ed porque todos son sospechosos, la gente nueva que anda por ah\u00ed, porque de repente andan con capucha, qu\u00e9 s\u00e9 yo, entonces es l\u00f3gico, le han robado a los veh\u00edculos, le abren las puertas, les roban las cosas que tienen adentro, si no tienen nada adentro les roban la radio o le destruyen\u00bb, dijo Hugo Venegas.<br \/>\n<strong>&#8211; \u00bfEst\u00e1n c\u00f3mo predilectos en la Villa El Carmen?<\/strong><br \/>\n&#8211; S\u00ed, a la Villa El Carmen le han dado siempre \u2018como caja\u2019. Este \u00faltimo tiempo, es importante, nosotros contra Carabineros no reclamamos porque Carabineros responde a los llamados siempre en forma r\u00e1pida cuando se les ha solicitado.<br \/>\n<strong>&#8211; \u00bfPero han tomado detenidos o no?<\/strong><br \/>\n&#8211; Es que se arrancan\u2026 se arrancan r\u00e1pidamente y se meten entremedio de las malezas del r\u00edo, pero es dif\u00edcil que los pillen, pero si hace un tiempo atr\u00e1s tomaron a unos que iban arrancando con unas cosas de una casa, s\u00ed ha actuado bien Carabineros.<br \/>\n<strong>&#8211; \u00bfPero falta m\u00e1s patrullaje?<\/strong><br \/>\n&#8211; S\u00ed, en la medida que pueda Carabineros, ustedes saben que la dotaci\u00f3n ac\u00e1 en San Felipe es escaza y la delincuencia ha aumentado, porque la delincuencia est\u00e1 viniendo de Santiago para ac\u00e1, delincuentes a robar; de Valpara\u00edso tambi\u00e9n, de La Calera, de todos esos sectores se viene para ac\u00e1, hasta en Santa Mar\u00eda andan robando.<br \/>\n<strong>&#8211; La otra vez la se\u00f1ora Erika, de Villa El Se\u00f1orial, se quejaba por la falta de patrullajes de las camionetas de seguridad, que fue un tema que se implementara. \u00bfHan visto ustedes por all\u00e1 las camionetas de seguridad?<\/strong><br \/>\n&#8211; La verdad que no. La verdad que las camionetas de seguridad nosotros\u2026 porque la verdad no sabemos para qu\u00e9 est\u00e1n dispuestas esas camionetas, no s\u00e9 si es para trasladar el personal de ah\u00ed mismo de las oficinas exteriores del municipio ac\u00e1 de la plaza o para otras cosas. A nosotros como dirigentes nunca se nos ha informado si estas camionetas van a estar patrullando de d\u00eda o de noche, la verdad de las cosas es que no se ven, tal como dec\u00eda la se\u00f1ora Erika, no se ven en realidad en la ciudad o en la misma villa\u2026 meses.<br \/>\n<strong>&#8211; Como para darle tranquilidad a los vecinos.<\/strong><br \/>\n&#8211; S\u00ed, es importante, ser\u00eda importante, pero m\u00e1s se ve a Carabineros que da su ronda en bicicleta o en un furg\u00f3n, RP (radio patrulla) que se dan vueltas por ah\u00ed, es importante.<br \/>\n<strong>&#8211; \u00bfPor qu\u00e9 cree usted tanta fijaci\u00f3n en la Villa El Carmen?<\/strong><br \/>\n&#8211; Es que estamos m\u00e1s cerca. Ah\u00ed todos trabajan. La gran mayor\u00eda de la gente trabaja, a plena luz del d\u00eda se est\u00e1n entrando a robar las casas, entonces, imag\u00ednese, aprovechan el d\u00eda porque la gente trabaja, es gente joven y est\u00e1n trabajando y en ese horario aprovechan de entrar a las casas.<br \/>\n<strong>&#8211; Pero ustedes se han organizado en todo caso.<\/strong><br \/>\n&#8211; S\u00ed, tenemos grupos de \u2018Whats App\u2019 para comunicarnos, todos salen al momento de activar una alarma, es preocupante y lo \u00fanico que el vecino tiene que avisar de qu\u00e9 se trata, porque de repente se tocan las alarmas y nadie sabe de qu\u00e9 se trata, pero en s\u00ed que los vecinos las est\u00e1n tocando para espantar ante cualquier desconocido que vaya al sector de Villa El Carmen.<\/p>\n<figure id=\"attachment_94588\" aria-describedby=\"caption-attachment-94588\" style=\"width: 580px\" class=\"wp-caption alignnone\"><img data-recalc-dims=\"1\" loading=\"lazy\" decoding=\"async\" class=\"size-full wp-image-94588\" src=\"https:\/\/i0.wp.com\/www.eltrabajo.cl\/portal\/wp-content\/uploads\/2019\/10\/hugo-venegas.jpg?resize=580%2C358\" alt=\"Hugo Venegas, vecino del sector y dirigente de la Uni\u00f3n Comunal de Juntas de Vecinos.\" width=\"580\" height=\"358\" srcset=\"https:\/\/i0.wp.com\/eltrabajo.cl\/portal\/wp-content\/uploads\/2019\/10\/hugo-venegas.jpg?w=580&amp;ssl=1 580w, https:\/\/i0.wp.com\/eltrabajo.cl\/portal\/wp-content\/uploads\/2019\/10\/hugo-venegas.jpg?resize=200%2C123&amp;ssl=1 200w, https:\/\/i0.wp.com\/eltrabajo.cl\/portal\/wp-content\/uploads\/2019\/10\/hugo-venegas.jpg?resize=300%2C185&amp;ssl=1 300w, https:\/\/i0.wp.com\/eltrabajo.cl\/portal\/wp-content\/uploads\/2019\/10\/hugo-venegas.jpg?resize=243%2C150&amp;ssl=1 243w, https:\/\/i0.wp.com\/eltrabajo.cl\/portal\/wp-content\/uploads\/2019\/10\/hugo-venegas.jpg?resize=400%2C247&amp;ssl=1 400w\" sizes=\"auto, (max-width: 580px) 100vw, 580px\" \/><figcaption id=\"caption-attachment-94588\" class=\"wp-caption-text\">Hugo Venegas, vecino del sector y dirigente de la Uni\u00f3n Comunal de Juntas de Vecinos.<\/figcaption><\/figure>\n","protected":false},"excerpt":{"rendered":"<p>Vecinos de Villa El Carmen: Los vecinos de Villa El Carmen est\u00e1n tensos, preocupados, por los numerosos hechos delictuales que constantemente les est\u00e1n afectando. Pese a que seg\u00fan uno de los vecinos,&#8230;<\/p>\n","protected":false},"author":482,"featured_media":94588,"comment_status":"open","ping_status":"open","sticky":false,"template":"","format":"standard","meta":{"advanced_seo_description":"","jetpack_seo_html_title":"","jetpack_seo_noindex":false,"_jetpack_memberships_contains_paid_content":false,"footnotes":""},"categories":[15],"tags":[],"class_list":["post-94587","post","type-post","status-publish","format-standard","has-post-thumbnail","hentry","category-comunidad"],"jetpack_featured_media_url":"https:\/\/i0.wp.com\/eltrabajo.cl\/portal\/wp-content\/uploads\/2019\/10\/hugo-venegas.jpg?fit=580%2C358&ssl=1","jetpack_sharing_enabled":true,"jetpack_likes_enabled":true,"jetpack-related-posts":[],"_links":{"self":[{"href":"https:\/\/eltrabajo.cl\/portal\/wp-json\/wp\/v2\/posts\/94587","targetHints":{"allow":["GET"]}}],"collection":[{"href":"https:\/\/eltrabajo.cl\/portal\/wp-json\/wp\/v2\/posts"}],"about":[{"href":"https:\/\/eltrabajo.cl\/portal\/wp-json\/wp\/v2\/types\/post"}],"author":[{"embeddable":true,"href":"https:\/\/eltrabajo.cl\/portal\/wp-json\/wp\/v2\/users\/482"}],"replies":[{"embeddable":true,"href":"https:\/\/eltrabajo.cl\/portal\/wp-json\/wp\/v2\/comments?post=94587"}],"version-history":[{"count":0,"href":"https:\/\/eltrabajo.cl\/portal\/wp-json\/wp\/v2\/posts\/94587\/revisions"}],"wp:featuredmedia":[{"embeddable":true,"href":"https:\/\/eltrabajo.cl\/portal\/wp-json\/wp\/v2\/media\/94588"}],"wp:attachment":[{"href":"https:\/\/eltrabajo.cl\/portal\/wp-json\/wp\/v2\/media?parent=94587"}],"wp:term":[{"taxonomy":"category","embeddable":true,"href":"https:\/\/eltrabajo.cl\/portal\/wp-json\/wp\/v2\/categories?post=94587"},{"taxonomy":"post_tag","embeddable":true,"href":"https:\/\/eltrabajo.cl\/portal\/wp-json\/wp\/v2\/tags?post=94587"}],"curies":[{"name":"wp","href":"https:\/\/api.w.org\/{rel}","templated":true}]}}