{"id":94593,"date":"2019-10-04T05:04:51","date_gmt":"2019-10-04T08:04:51","guid":{"rendered":"http:\/\/www.eltrabajo.cl\/portal\/?p=94593"},"modified":"2019-10-03T20:59:48","modified_gmt":"2019-10-03T23:59:48","slug":"con-lechugas-y-frutas-de-las-ferias-jovenes-auxilian-animales-en-aconcagua","status":"publish","type":"post","link":"https:\/\/eltrabajo.cl\/portal\/con-lechugas-y-frutas-de-las-ferias-jovenes-auxilian-animales-en-aconcagua\/","title":{"rendered":"Con lechugas y frutas de las ferias, j\u00f3venes auxilian animales en Aconcagua"},"content":{"rendered":"<p><span style=\"color: #ff0000;\"><strong>Voluntarios Goodwill lideran campa\u00f1a animalista ante la sequ\u00eda:<\/strong><\/span><\/p>\n<p>Una marat\u00f3n de largo aliento es la que cientos de personas en el Valle de Aconcagua iniciaron hace varios meses para auxiliar a los animales silvestres que est\u00e1n sufriendo los estragos de la sequ\u00eda. En Diario El Trabajo hemos acompa\u00f1ado a los distintos grupos de voluntarios que se han abocado a desarrollar campa\u00f1as solidarias para recolectar agua, afrecho, forraje y hasta alimentos para las familias de crianceros que tambi\u00e9n est\u00e1n padeciendo estos problemas al desaparecer sus ingresos econ\u00f3micos.<br \/>\nUno de estos grupos viene trabajando muy duro en las ferias para solicitar a los agricultores las lechugas, repollos, frutas y otras hortalizas que quedan sin vender, para ellos llevarlas a los hambrientos animalitos de Putaendo y alrededores, lo que ha permitido paliar poco a poco la hambruna animal en nuestro valle.<br \/>\nSe trata del grupo de voluntarios llamado Goodwill (buena voluntad), que est\u00e1 conformado por personas de San Felipe y Los Andes. Estos j\u00f3venes llevan tres meses recogiendo religiosamente cuanta fruta, hortalizas y verduras les donan los feriantes en Los Andes, y a partir de este domingo entrar\u00e1n en acci\u00f3n en la Feria de Almagro ac\u00e1 en San Felipe.<\/p>\n<p><span style=\"color: #ff0000;\"><strong>FERIA DE ALMAGRO<\/strong><\/span><br \/>\nNuestro medio habl\u00f3 con el coordinador en terreno de Goodwill, Ra\u00fal Y\u00e1\u00f1ez C\u00e1diz: \u00abSomos un grupo de unas 20 personas las que trabajamos en este grupo voluntario, llevamos ya varios meses con este proyecto de las ferias, los feriantes andinos nos regalan lechugas y frutas, la experiencia emocional es muy positiva, los animales ya nos conocen, salen corriendo a nuestro encuentro cuando llegamos a sus corrales, se alegran, comen con muchas ganas cuanta legumbre les llevamos, es por los resultados que hemos obtenido en estos meses que empezaremos tambi\u00e9n a trabajar con las ferias de San Felipe, le rogamos a los feriantes que este domingo nos apoyen con lo que les quede para tirar, hay una emergencia muy seria con esta sequ\u00eda y juntos podemos seguir marcando la diferencia. Tambi\u00e9n con el tema del agua estamos trabajando el tema, importante informar a los lectores de Diario El Trabajo que estos alimentos los estamos llevando a Chacayes Alto, Putaendo, San Esteban y El Manzano\u00bb, coment\u00f3 el vocero y activista de Goodwill a Diario El Trabajo.<br \/>\nLos interesados en contactar a este grupo de trabajo social pueden llamar a los fonos: +56 9 6636 4466 con Ra\u00fal, y +56 9 6417 3088 con Camila.<br \/>\n<strong>Roberto Gonz\u00e1lez Short<\/strong><\/p>\n<figure id=\"attachment_94594\" aria-describedby=\"caption-attachment-94594\" style=\"width: 580px\" class=\"wp-caption alignnone\"><img data-recalc-dims=\"1\" loading=\"lazy\" decoding=\"async\" class=\"size-full wp-image-94594\" src=\"https:\/\/i0.wp.com\/www.eltrabajo.cl\/portal\/wp-content\/uploads\/2019\/10\/Hortalizas1.jpg?resize=580%2C360\" alt=\"LA JUVENTUD SE IMPONE.- Ellos son parte del gran voluntariado Goodwill Aconcagua, gente del valle que desde hace tres meses viene trabajando por los animales silvestres y dom\u00e9sticos.\" width=\"580\" height=\"360\" srcset=\"https:\/\/i0.wp.com\/eltrabajo.cl\/portal\/wp-content\/uploads\/2019\/10\/Hortalizas1.jpg?w=580&amp;ssl=1 580w, https:\/\/i0.wp.com\/eltrabajo.cl\/portal\/wp-content\/uploads\/2019\/10\/Hortalizas1.jpg?resize=200%2C124&amp;ssl=1 200w, https:\/\/i0.wp.com\/eltrabajo.cl\/portal\/wp-content\/uploads\/2019\/10\/Hortalizas1.jpg?resize=300%2C186&amp;ssl=1 300w, https:\/\/i0.wp.com\/eltrabajo.cl\/portal\/wp-content\/uploads\/2019\/10\/Hortalizas1.jpg?resize=242%2C150&amp;ssl=1 242w, https:\/\/i0.wp.com\/eltrabajo.cl\/portal\/wp-content\/uploads\/2019\/10\/Hortalizas1.jpg?resize=400%2C248&amp;ssl=1 400w\" sizes=\"auto, (max-width: 580px) 100vw, 580px\" \/><figcaption id=\"caption-attachment-94594\" class=\"wp-caption-text\">LA JUVENTUD SE IMPONE.- Ellos son parte del gran voluntariado Goodwill Aconcagua, gente del valle que desde hace tres meses viene trabajando por los animales silvestres y dom\u00e9sticos.<\/figcaption><\/figure>\n<figure id=\"attachment_94596\" aria-describedby=\"caption-attachment-94596\" style=\"width: 579px\" class=\"wp-caption alignnone\"><img data-recalc-dims=\"1\" loading=\"lazy\" decoding=\"async\" class=\"size-full wp-image-94596\" src=\"https:\/\/i0.wp.com\/www.eltrabajo.cl\/portal\/wp-content\/uploads\/2019\/10\/Hortalizas3.jpg?resize=579%2C450\" alt=\"TRABAJO COORDINADO.- Cada fin de semana muchos son los sacos de legumbres que estos j\u00f3venes recogen para llevarlos a los animales.\" width=\"579\" height=\"450\" srcset=\"https:\/\/i0.wp.com\/eltrabajo.cl\/portal\/wp-content\/uploads\/2019\/10\/Hortalizas3.jpg?w=579&amp;ssl=1 579w, https:\/\/i0.wp.com\/eltrabajo.cl\/portal\/wp-content\/uploads\/2019\/10\/Hortalizas3.jpg?resize=193%2C150&amp;ssl=1 193w, https:\/\/i0.wp.com\/eltrabajo.cl\/portal\/wp-content\/uploads\/2019\/10\/Hortalizas3.jpg?resize=300%2C233&amp;ssl=1 300w, https:\/\/i0.wp.com\/eltrabajo.cl\/portal\/wp-content\/uploads\/2019\/10\/Hortalizas3.jpg?resize=400%2C311&amp;ssl=1 400w\" sizes=\"auto, (max-width: 579px) 100vw, 579px\" \/><figcaption id=\"caption-attachment-94596\" class=\"wp-caption-text\">TRABAJO COORDINADO.- Cada fin de semana muchos son los sacos de legumbres que estos j\u00f3venes recogen para llevarlos a los animales.<\/figcaption><\/figure>\n<figure id=\"attachment_94595\" aria-describedby=\"caption-attachment-94595\" style=\"width: 579px\" class=\"wp-caption alignnone\"><img data-recalc-dims=\"1\" loading=\"lazy\" decoding=\"async\" class=\"size-full wp-image-94595\" src=\"https:\/\/i0.wp.com\/www.eltrabajo.cl\/portal\/wp-content\/uploads\/2019\/10\/Hortalizas2.jpg?resize=579%2C697\" alt=\"ELLOS FELICES.- Estos caballos en Putaendo corren alegres al encuentro con este regalo que los feriantes andinos donan todos los fines de semana.\" width=\"579\" height=\"697\" srcset=\"https:\/\/i0.wp.com\/eltrabajo.cl\/portal\/wp-content\/uploads\/2019\/10\/Hortalizas2.jpg?w=579&amp;ssl=1 579w, https:\/\/i0.wp.com\/eltrabajo.cl\/portal\/wp-content\/uploads\/2019\/10\/Hortalizas2.jpg?resize=125%2C150&amp;ssl=1 125w, https:\/\/i0.wp.com\/eltrabajo.cl\/portal\/wp-content\/uploads\/2019\/10\/Hortalizas2.jpg?resize=249%2C300&amp;ssl=1 249w, https:\/\/i0.wp.com\/eltrabajo.cl\/portal\/wp-content\/uploads\/2019\/10\/Hortalizas2.jpg?resize=400%2C482&amp;ssl=1 400w\" sizes=\"auto, (max-width: 579px) 100vw, 579px\" \/><figcaption id=\"caption-attachment-94595\" class=\"wp-caption-text\">ELLOS FELICES.- Estos caballos en Putaendo corren alegres al encuentro con este regalo que los feriantes andinos donan todos los fines de semana.<\/figcaption><\/figure>\n<figure id=\"attachment_94597\" aria-describedby=\"caption-attachment-94597\" style=\"width: 579px\" class=\"wp-caption alignnone\"><img data-recalc-dims=\"1\" loading=\"lazy\" decoding=\"async\" class=\"size-full wp-image-94597\" src=\"https:\/\/i0.wp.com\/www.eltrabajo.cl\/portal\/wp-content\/uploads\/2019\/10\/Hortalizas4.jpg?resize=579%2C770\" alt=\"MISI\u00d3N CUMPLIDA.- Estas cabritas est\u00e1n vivas gracias a los cuidados de sus due\u00f1os y al apoyo que reciben de los feriantes a trav\u00e9s de Goodwill Aconcagua.\" width=\"579\" height=\"770\" srcset=\"https:\/\/i0.wp.com\/eltrabajo.cl\/portal\/wp-content\/uploads\/2019\/10\/Hortalizas4.jpg?w=579&amp;ssl=1 579w, https:\/\/i0.wp.com\/eltrabajo.cl\/portal\/wp-content\/uploads\/2019\/10\/Hortalizas4.jpg?resize=113%2C150&amp;ssl=1 113w, https:\/\/i0.wp.com\/eltrabajo.cl\/portal\/wp-content\/uploads\/2019\/10\/Hortalizas4.jpg?resize=226%2C300&amp;ssl=1 226w, https:\/\/i0.wp.com\/eltrabajo.cl\/portal\/wp-content\/uploads\/2019\/10\/Hortalizas4.jpg?resize=400%2C532&amp;ssl=1 400w\" sizes=\"auto, (max-width: 579px) 100vw, 579px\" \/><figcaption id=\"caption-attachment-94597\" class=\"wp-caption-text\">MISI\u00d3N CUMPLIDA.- Estas cabritas est\u00e1n vivas gracias a los cuidados de sus due\u00f1os y al apoyo que reciben de los feriantes a trav\u00e9s de Goodwill Aconcagua.<\/figcaption><\/figure>\n<figure id=\"attachment_94598\" aria-describedby=\"caption-attachment-94598\" style=\"width: 579px\" class=\"wp-caption alignnone\"><img data-recalc-dims=\"1\" loading=\"lazy\" decoding=\"async\" class=\"size-full wp-image-94598\" src=\"https:\/\/i0.wp.com\/www.eltrabajo.cl\/portal\/wp-content\/uploads\/2019\/10\/Hortalizas5.jpg?resize=579%2C780\" alt=\"SIGUEN VIVOS.- Siguen flacas esta vaca con su ternerito, pero siguen vivos, comiendo con ganas lo que se les ofrece.\" width=\"579\" height=\"780\" srcset=\"https:\/\/i0.wp.com\/eltrabajo.cl\/portal\/wp-content\/uploads\/2019\/10\/Hortalizas5.jpg?w=579&amp;ssl=1 579w, https:\/\/i0.wp.com\/eltrabajo.cl\/portal\/wp-content\/uploads\/2019\/10\/Hortalizas5.jpg?resize=111%2C150&amp;ssl=1 111w, https:\/\/i0.wp.com\/eltrabajo.cl\/portal\/wp-content\/uploads\/2019\/10\/Hortalizas5.jpg?resize=223%2C300&amp;ssl=1 223w, https:\/\/i0.wp.com\/eltrabajo.cl\/portal\/wp-content\/uploads\/2019\/10\/Hortalizas5.jpg?resize=400%2C539&amp;ssl=1 400w\" sizes=\"auto, (max-width: 579px) 100vw, 579px\" \/><figcaption id=\"caption-attachment-94598\" class=\"wp-caption-text\">SIGUEN VIVOS.- Siguen flacas esta vaca con su ternerito, pero siguen vivos, comiendo con ganas lo que se les ofrece.<\/figcaption><\/figure>\n<figure id=\"attachment_94600\" aria-describedby=\"caption-attachment-94600\" style=\"width: 579px\" class=\"wp-caption alignnone\"><img data-recalc-dims=\"1\" loading=\"lazy\" decoding=\"async\" class=\"size-full wp-image-94600\" src=\"https:\/\/i0.wp.com\/www.eltrabajo.cl\/portal\/wp-content\/uploads\/2019\/10\/Hortalizas_Raul-Yanez.jpg?resize=579%2C645\" alt=\"Coordinador en terreno de Goodwill, Ra\u00fal Y\u00e1\u00f1ez C\u00e1diz.\" width=\"579\" height=\"645\" srcset=\"https:\/\/i0.wp.com\/eltrabajo.cl\/portal\/wp-content\/uploads\/2019\/10\/Hortalizas_Raul-Yanez.jpg?w=579&amp;ssl=1 579w, https:\/\/i0.wp.com\/eltrabajo.cl\/portal\/wp-content\/uploads\/2019\/10\/Hortalizas_Raul-Yanez.jpg?resize=135%2C150&amp;ssl=1 135w, https:\/\/i0.wp.com\/eltrabajo.cl\/portal\/wp-content\/uploads\/2019\/10\/Hortalizas_Raul-Yanez.jpg?resize=269%2C300&amp;ssl=1 269w, https:\/\/i0.wp.com\/eltrabajo.cl\/portal\/wp-content\/uploads\/2019\/10\/Hortalizas_Raul-Yanez.jpg?resize=400%2C446&amp;ssl=1 400w\" sizes=\"auto, (max-width: 579px) 100vw, 579px\" \/><figcaption id=\"caption-attachment-94600\" class=\"wp-caption-text\">Coordinador en terreno de Goodwill, Ra\u00fal Y\u00e1\u00f1ez C\u00e1diz.<\/figcaption><\/figure>\n","protected":false},"excerpt":{"rendered":"<p>Voluntarios Goodwill lideran campa\u00f1a animalista ante la sequ\u00eda: Una marat\u00f3n de largo aliento es la que cientos de personas en el Valle de Aconcagua iniciaron hace varios meses para auxiliar a los&#8230;<\/p>\n","protected":false},"author":482,"featured_media":94599,"comment_status":"open","ping_status":"open","sticky":false,"template":"","format":"standard","meta":{"advanced_seo_description":"","jetpack_seo_html_title":"","jetpack_seo_noindex":false,"_jetpack_memberships_contains_paid_content":false,"footnotes":""},"categories":[15],"tags":[],"class_list":["post-94593","post","type-post","status-publish","format-standard","has-post-thumbnail","hentry","category-comunidad"],"jetpack_featured_media_url":"https:\/\/i0.wp.com\/eltrabajo.cl\/portal\/wp-content\/uploads\/2019\/10\/PORTADA-SUGERIDA.jpg?fit=580%2C359&ssl=1","jetpack_sharing_enabled":true,"jetpack_likes_enabled":true,"jetpack-related-posts":[],"_links":{"self":[{"href":"https:\/\/eltrabajo.cl\/portal\/wp-json\/wp\/v2\/posts\/94593","targetHints":{"allow":["GET"]}}],"collection":[{"href":"https:\/\/eltrabajo.cl\/portal\/wp-json\/wp\/v2\/posts"}],"about":[{"href":"https:\/\/eltrabajo.cl\/portal\/wp-json\/wp\/v2\/types\/post"}],"author":[{"embeddable":true,"href":"https:\/\/eltrabajo.cl\/portal\/wp-json\/wp\/v2\/users\/482"}],"replies":[{"embeddable":true,"href":"https:\/\/eltrabajo.cl\/portal\/wp-json\/wp\/v2\/comments?post=94593"}],"version-history":[{"count":0,"href":"https:\/\/eltrabajo.cl\/portal\/wp-json\/wp\/v2\/posts\/94593\/revisions"}],"wp:featuredmedia":[{"embeddable":true,"href":"https:\/\/eltrabajo.cl\/portal\/wp-json\/wp\/v2\/media\/94599"}],"wp:attachment":[{"href":"https:\/\/eltrabajo.cl\/portal\/wp-json\/wp\/v2\/media?parent=94593"}],"wp:term":[{"taxonomy":"category","embeddable":true,"href":"https:\/\/eltrabajo.cl\/portal\/wp-json\/wp\/v2\/categories?post=94593"},{"taxonomy":"post_tag","embeddable":true,"href":"https:\/\/eltrabajo.cl\/portal\/wp-json\/wp\/v2\/tags?post=94593"}],"curies":[{"name":"wp","href":"https:\/\/api.w.org\/{rel}","templated":true}]}}