{"id":94602,"date":"2019-10-04T05:05:00","date_gmt":"2019-10-04T08:05:00","guid":{"rendered":"http:\/\/www.eltrabajo.cl\/portal\/?p=94602"},"modified":"2019-10-03T21:01:24","modified_gmt":"2019-10-04T00:01:24","slug":"atacan-a-cuchilladas-a-ciudadano-boliviano-para-robarle-dinero-y-su-telefono-celular","status":"publish","type":"post","link":"https:\/\/eltrabajo.cl\/portal\/atacan-a-cuchilladas-a-ciudadano-boliviano-para-robarle-dinero-y-su-telefono-celular\/","title":{"rendered":"Atacan a cuchilladas a ciudadano boliviano para robarle dinero y su tel\u00e9fono celular"},"content":{"rendered":"<p><span style=\"color: #ff0000;\"><strong>Imputados en prisi\u00f3n preventiva:<\/strong><\/span><\/p>\n<ul>\n<li><strong>Carabineros captur\u00f3 a dos delincuentes escondidos en patio de una vivienda. V\u00edctima de 32 a\u00f1os de edad fue asistido en el Hospital San Camilo con diversas lesiones.<\/strong><\/li>\n<\/ul>\n<p>Con diversas lesiones result\u00f3 un ciudadano boliviano de 32 a\u00f1os de edad luego de ser asaltado por dos delincuentes, quienes premunidos de un cuchillo le efectuaron heridas en su cuerpo para arrebatarle su tel\u00e9fono celular y una billetera con dinero en efectivo.<br \/>\nEl hecho se registr\u00f3 alrededor de la una de la madrugada de ayer jueves, luego que funcionarios de Carabineros, al trasladarse hasta la esquina de la avenida Chacabuco con Toro Mazote en San Felipe, constataron que la v\u00edctima identificada como Luis Fernando Monroy Alcazar, de 32 a\u00f1os de edad, se encontraba sangrando en el suelo, manifestando haber sido atacado por dos delincuentes.<br \/>\nDe inmediato una ambulancia del Samu procedi\u00f3 a asistir al lesionado, siendo derivado hasta el servicio de urgencias del Hospital San Camilo de San Felipe para ser intervenido quir\u00fargicamente.<br \/>\nAl mismo tiempo Carabineros inici\u00f3 la b\u00fasqueda de los asaltantes, efectuando patrullajes por arterias cercanas al sitio del suceso, siendo alertados por un testigo que asegur\u00f3 que los delincuentes se encontraban escondidos en el antejard\u00edn de una vivienda ubicada en calle Carlos Condell a la altura del n\u00famero cien.<br \/>\nCarabineros ingres\u00f3 al inmueble tras contactar al due\u00f1o de casa, logrando capturar a los antisociales que fueron hallados en el patio posterior del domicilio, siendo esposados por este delito, encontrando en el suelo las especies sustra\u00eddas a la v\u00edctima.<br \/>\nLos imputados fueron individualizados con las iniciales J.F.D.D., de 34 a\u00f1os de edad, y F.E.V.L. de 20 a\u00f1os, quienes fueron reconocidos por el denunciante como los autores del delito de robo con violencia.<br \/>\nLos sujetos fueron derivados la ma\u00f1ana de ayer jueves hasta el Juzgado de Garant\u00eda de San Felipe para ser formalizados por la Fiscal\u00eda, quedando sujetos a la cautelar de prisi\u00f3n preventiva.<br \/>\nEn tanto la v\u00edctima, tras ser asistida en el Hospital San Camilo, result\u00f3 con lesiones menos graves, siendo dado de alta.<br \/>\n<strong>Pablo Salinas Sald\u00edas<\/strong><\/p>\n<figure id=\"attachment_94603\" aria-describedby=\"caption-attachment-94603\" style=\"width: 580px\" class=\"wp-caption alignnone\"><img data-recalc-dims=\"1\" loading=\"lazy\" decoding=\"async\" class=\"size-full wp-image-94603\" src=\"https:\/\/i0.wp.com\/www.eltrabajo.cl\/portal\/wp-content\/uploads\/2019\/10\/CUCHILLO1.jpg?resize=580%2C360\" alt=\"Carabineros incaut\u00f3 este cuchillo en poder de los asaltantes, el que habr\u00eda sido utilizado para agredir a la v\u00edctima la madrugada de este jueves.\" width=\"580\" height=\"360\" srcset=\"https:\/\/i0.wp.com\/eltrabajo.cl\/portal\/wp-content\/uploads\/2019\/10\/CUCHILLO1.jpg?w=580&amp;ssl=1 580w, https:\/\/i0.wp.com\/eltrabajo.cl\/portal\/wp-content\/uploads\/2019\/10\/CUCHILLO1.jpg?resize=200%2C124&amp;ssl=1 200w, https:\/\/i0.wp.com\/eltrabajo.cl\/portal\/wp-content\/uploads\/2019\/10\/CUCHILLO1.jpg?resize=300%2C186&amp;ssl=1 300w, https:\/\/i0.wp.com\/eltrabajo.cl\/portal\/wp-content\/uploads\/2019\/10\/CUCHILLO1.jpg?resize=242%2C150&amp;ssl=1 242w, https:\/\/i0.wp.com\/eltrabajo.cl\/portal\/wp-content\/uploads\/2019\/10\/CUCHILLO1.jpg?resize=400%2C248&amp;ssl=1 400w\" sizes=\"auto, (max-width: 580px) 100vw, 580px\" \/><figcaption id=\"caption-attachment-94603\" class=\"wp-caption-text\">Carabineros incaut\u00f3 este cuchillo en poder de los asaltantes, el que habr\u00eda sido utilizado para agredir a la v\u00edctima la madrugada de este jueves.<\/figcaption><\/figure>\n","protected":false},"excerpt":{"rendered":"<p>Imputados en prisi\u00f3n preventiva: Carabineros captur\u00f3 a dos delincuentes escondidos en patio de una vivienda. V\u00edctima de 32 a\u00f1os de edad fue asistido en el Hospital San Camilo con diversas lesiones. Con&#8230;<\/p>\n","protected":false},"author":482,"featured_media":94603,"comment_status":"open","ping_status":"open","sticky":false,"template":"","format":"standard","meta":{"advanced_seo_description":"","jetpack_seo_html_title":"","jetpack_seo_noindex":false,"_jetpack_memberships_contains_paid_content":false,"footnotes":""},"categories":[21],"tags":[],"class_list":["post-94602","post","type-post","status-publish","format-standard","has-post-thumbnail","hentry","category-policial"],"jetpack_featured_media_url":"https:\/\/i0.wp.com\/eltrabajo.cl\/portal\/wp-content\/uploads\/2019\/10\/CUCHILLO1.jpg?fit=580%2C360&ssl=1","jetpack_sharing_enabled":true,"jetpack_likes_enabled":true,"jetpack-related-posts":[],"_links":{"self":[{"href":"https:\/\/eltrabajo.cl\/portal\/wp-json\/wp\/v2\/posts\/94602","targetHints":{"allow":["GET"]}}],"collection":[{"href":"https:\/\/eltrabajo.cl\/portal\/wp-json\/wp\/v2\/posts"}],"about":[{"href":"https:\/\/eltrabajo.cl\/portal\/wp-json\/wp\/v2\/types\/post"}],"author":[{"embeddable":true,"href":"https:\/\/eltrabajo.cl\/portal\/wp-json\/wp\/v2\/users\/482"}],"replies":[{"embeddable":true,"href":"https:\/\/eltrabajo.cl\/portal\/wp-json\/wp\/v2\/comments?post=94602"}],"version-history":[{"count":0,"href":"https:\/\/eltrabajo.cl\/portal\/wp-json\/wp\/v2\/posts\/94602\/revisions"}],"wp:featuredmedia":[{"embeddable":true,"href":"https:\/\/eltrabajo.cl\/portal\/wp-json\/wp\/v2\/media\/94603"}],"wp:attachment":[{"href":"https:\/\/eltrabajo.cl\/portal\/wp-json\/wp\/v2\/media?parent=94602"}],"wp:term":[{"taxonomy":"category","embeddable":true,"href":"https:\/\/eltrabajo.cl\/portal\/wp-json\/wp\/v2\/categories?post=94602"},{"taxonomy":"post_tag","embeddable":true,"href":"https:\/\/eltrabajo.cl\/portal\/wp-json\/wp\/v2\/tags?post=94602"}],"curies":[{"name":"wp","href":"https:\/\/api.w.org\/{rel}","templated":true}]}}