{"id":94615,"date":"2019-10-07T05:03:12","date_gmt":"2019-10-07T08:03:12","guid":{"rendered":"http:\/\/www.eltrabajo.cl\/portal\/?p=94615"},"modified":"2019-10-06T20:07:17","modified_gmt":"2019-10-06T23:07:17","slug":"capturado-presunto-autor-de-disparos-y-danos-a-una-vivienda","status":"publish","type":"post","link":"https:\/\/eltrabajo.cl\/portal\/capturado-presunto-autor-de-disparos-y-danos-a-una-vivienda\/","title":{"rendered":"Capturado presunto autor de disparos y da\u00f1os a una vivienda"},"content":{"rendered":"<p><span style=\"color: #ff0000;\"><strong>Capturado por Carabineros en Llay Llay:<\/strong><\/span><\/p>\n<ul>\n<li><strong>Vecinos atemorizados denunciaron a Carabineros para lograr su detenci\u00f3n. El imputado qued\u00f3 a disposici\u00f3n de la Fiscal\u00eda tras Audiencia de Control de Detenci\u00f3n en Tribunales.<\/strong><\/li>\n<\/ul>\n<p>Por el delito de Da\u00f1os a una vivienda y presunto autor de disparos fue detenido por Carabineros un sujeto de 28 a\u00f1os de edad, quien movilizado en una motocicleta habr\u00eda cometido estos delitos en Villa El Sauce de la comuna de Llay Llay.<br \/>\nCarabineros inform\u00f3 que a eso de las 10:45 horas del pasado jueves 3 de octubre, vecinos del sector atemorizados denunciaban que un conocido antisocial, habr\u00eda disparado en varias ocasiones en la v\u00eda p\u00fablica provocando da\u00f1os en una ventana de un domicilio, informando el nombre y caracter\u00edsticas f\u00edsicas del acusado.<br \/>\nLos funcionarios policiales al efectuar patrullajes por Poblaci\u00f3n Eliecer Estay de esa localidad, observaron a un sujeto con las mismas caracter\u00edsticas procediendo a su detenci\u00f3n.<br \/>\nEl imputado fue identificado con las iniciales N.P.S.S. de 28 a\u00f1os edad, quien mantiene un nutrido prontuario delictual, encontr\u00e1ndose sujeto a una medida cautelar judicial de firma quincenal en Carabineros.<br \/>\nEl antisocial fue derivado hasta el Juzgado de Garant\u00eda de San Felipe para ser formalizado por la Fiscal\u00eda tras audiencia de control de detenci\u00f3n.<br \/>\n<strong>Pablo Salinas Sald\u00edas<\/strong><\/p>\n<figure id=\"attachment_94616\" aria-describedby=\"caption-attachment-94616\" style=\"width: 580px\" class=\"wp-caption alignnone\"><img data-recalc-dims=\"1\" loading=\"lazy\" decoding=\"async\" class=\"size-full wp-image-94616\" src=\"https:\/\/i0.wp.com\/www.eltrabajo.cl\/portal\/wp-content\/uploads\/2019\/10\/DETENIDO-ARCHIVO.jpg?resize=580%2C358\" alt=\"El imputado fue detenido por Carabineros de la Subcomisar\u00eda de Llay Llay. (Fotograf\u00eda Referencial).\" width=\"580\" height=\"358\" srcset=\"https:\/\/i0.wp.com\/eltrabajo.cl\/portal\/wp-content\/uploads\/2019\/10\/DETENIDO-ARCHIVO.jpg?w=580&amp;ssl=1 580w, https:\/\/i0.wp.com\/eltrabajo.cl\/portal\/wp-content\/uploads\/2019\/10\/DETENIDO-ARCHIVO.jpg?resize=200%2C123&amp;ssl=1 200w, https:\/\/i0.wp.com\/eltrabajo.cl\/portal\/wp-content\/uploads\/2019\/10\/DETENIDO-ARCHIVO.jpg?resize=300%2C185&amp;ssl=1 300w, https:\/\/i0.wp.com\/eltrabajo.cl\/portal\/wp-content\/uploads\/2019\/10\/DETENIDO-ARCHIVO.jpg?resize=243%2C150&amp;ssl=1 243w, https:\/\/i0.wp.com\/eltrabajo.cl\/portal\/wp-content\/uploads\/2019\/10\/DETENIDO-ARCHIVO.jpg?resize=400%2C247&amp;ssl=1 400w\" sizes=\"auto, (max-width: 580px) 100vw, 580px\" \/><figcaption id=\"caption-attachment-94616\" class=\"wp-caption-text\">El imputado fue detenido por Carabineros de la Subcomisar\u00eda de Llay Llay. (Fotograf\u00eda Referencial).<\/figcaption><\/figure>\n","protected":false},"excerpt":{"rendered":"<p>Capturado por Carabineros en Llay Llay: Vecinos atemorizados denunciaron a Carabineros para lograr su detenci\u00f3n. El imputado qued\u00f3 a disposici\u00f3n de la Fiscal\u00eda tras Audiencia de Control de Detenci\u00f3n en Tribunales. Por&#8230;<\/p>\n","protected":false},"author":482,"featured_media":94616,"comment_status":"open","ping_status":"open","sticky":false,"template":"","format":"standard","meta":{"advanced_seo_description":"","jetpack_seo_html_title":"","jetpack_seo_noindex":false,"_jetpack_memberships_contains_paid_content":false,"footnotes":""},"categories":[21],"tags":[],"class_list":["post-94615","post","type-post","status-publish","format-standard","has-post-thumbnail","hentry","category-policial"],"jetpack_featured_media_url":"https:\/\/i0.wp.com\/eltrabajo.cl\/portal\/wp-content\/uploads\/2019\/10\/DETENIDO-ARCHIVO.jpg?fit=580%2C358&ssl=1","jetpack_sharing_enabled":true,"jetpack_likes_enabled":true,"jetpack-related-posts":[],"_links":{"self":[{"href":"https:\/\/eltrabajo.cl\/portal\/wp-json\/wp\/v2\/posts\/94615","targetHints":{"allow":["GET"]}}],"collection":[{"href":"https:\/\/eltrabajo.cl\/portal\/wp-json\/wp\/v2\/posts"}],"about":[{"href":"https:\/\/eltrabajo.cl\/portal\/wp-json\/wp\/v2\/types\/post"}],"author":[{"embeddable":true,"href":"https:\/\/eltrabajo.cl\/portal\/wp-json\/wp\/v2\/users\/482"}],"replies":[{"embeddable":true,"href":"https:\/\/eltrabajo.cl\/portal\/wp-json\/wp\/v2\/comments?post=94615"}],"version-history":[{"count":0,"href":"https:\/\/eltrabajo.cl\/portal\/wp-json\/wp\/v2\/posts\/94615\/revisions"}],"wp:featuredmedia":[{"embeddable":true,"href":"https:\/\/eltrabajo.cl\/portal\/wp-json\/wp\/v2\/media\/94616"}],"wp:attachment":[{"href":"https:\/\/eltrabajo.cl\/portal\/wp-json\/wp\/v2\/media?parent=94615"}],"wp:term":[{"taxonomy":"category","embeddable":true,"href":"https:\/\/eltrabajo.cl\/portal\/wp-json\/wp\/v2\/categories?post=94615"},{"taxonomy":"post_tag","embeddable":true,"href":"https:\/\/eltrabajo.cl\/portal\/wp-json\/wp\/v2\/tags?post=94615"}],"curies":[{"name":"wp","href":"https:\/\/api.w.org\/{rel}","templated":true}]}}