{"id":94621,"date":"2019-10-07T05:05:44","date_gmt":"2019-10-07T08:05:44","guid":{"rendered":"http:\/\/www.eltrabajo.cl\/portal\/?p=94621"},"modified":"2019-10-06T20:11:15","modified_gmt":"2019-10-06T23:11:15","slug":"buen-pastor-lanza-al-publico-su-nuevo-servicio-de-restaurante","status":"publish","type":"post","link":"https:\/\/eltrabajo.cl\/portal\/buen-pastor-lanza-al-publico-su-nuevo-servicio-de-restaurante\/","title":{"rendered":"Buen Pastor lanza al p\u00fablico su nuevo servicio de restaurante"},"content":{"rendered":"<p><span style=\"color: #ff0000;\"><strong>Aranza Banqueter\u00eda a cargo de las exquisiteces:<\/strong><\/span><\/p>\n<p>Una s\u00f3lida propuesta en materia de servicios de banqueter\u00eda es la que fue presentada este fin de semana en el Conjunto Patrimonial Buen Pastor, en donde se dio de manera oficial por instalada la etapa de restaurante en ese moderno lugar de nuestra ciudad. Se trata de una alianza entre Museo Buen Pastor y Aranza Banqueter\u00eda, servicio que se ofrece a empresas, instituciones y tambi\u00e9n a las familias que quieran contratar todo el paquete para sus reuniones, bodas, congresos y cursos.<br \/>\nFue en el marco de dicha presentaci\u00f3n que cerca de 60 ex\u00f3ticos platillos diferentes y cocteles fueron ofrecidos a un selecto grupo de invitados para ser degustados. Este es tambi\u00e9n un esfuerzo en el que participan las Hermanas de la comunidad religiosa Buen Pastor a cargo de la Hermana Nelly Le\u00f3n.<\/p>\n<p><span style=\"color: #ff0000;\"><strong>ALIANZA PERFECTA<\/strong><\/span><br \/>\nDiario El Trabajo habl\u00f3 con Leda Chopitea, directora ejecutiva de Fundaci\u00f3n Buen Pastor, \u00abestamos concretando la etapa de apertura del servicio de restaurante y banqueter\u00eda que tenemos en el Conjunto Buen Pastor, por lo que estoy invitando a toda la comunidad del Valle de Aconcagua a que se acerque a conocer nuestros servicios y el local, es el Servicio de Banqueter\u00eda Aranza con el que firmamos este convenio y ya hemos comenzado a trabajar de manera unificada para el disfrute de la ciudadan\u00eda\u00bb, dijo la ejecutiva.<\/p>\n<p><span style=\"color: #ff0000;\"><strong>SERVICIO VIP<\/strong><\/span><br \/>\nPor su parte el chef internacional Miguel Arancibia Lobos, propietario de Aranza Banqueter\u00eda, nos explic\u00f3 que \u00abla idea de este proyecto es poder abrir una nueva oportunidad y ubicaci\u00f3n para desarrollar eventos aqu\u00ed en la zona, en este caso estamos hablando que estamos en un lugar c\u00e9ntrico, patrimonial y lleno de historia, por lo que estamos enfocados en cumplir objetivos claros de empresas, eventos sociales, privados, matrimonios, congresos, talleres y celebraciones familiares, contamos con servicios como desayunos, coffe break, almuerzos, cenas y todo lo que nos solicite el cliente, tenemos mucho para poder ofrecer, estamos ubicados en instalaciones de primer nivel y contamos tambi\u00e9n con una terraza al aire libre y dos salones espectaculares con muy buenas terminaciones y estacionamiento para veh\u00edculos (\u2026) podemos ofrecer una Carta bastante amplia y adecuar los platillos a todos los gustos, comida chilena y de vanguardia e internacional especialmente la peruana, nuestro nicho principal es satisfacer el gusto personal de cada cliente\u00bb, indic\u00f3 Arancibia.<br \/>\nLos interesados en contactar directamente a Miguel, pueden llamarlo al +56949297920, o bien contratar los servicios directamente en Buen Pastor. Importante se\u00f1alar que no se trata de un restaurante al que ir a almorzar a cualquier hora, significa m\u00e1s bien que cada actividad deber\u00e1 ser ordenada y contratada por los respectivos clientes con anticipaci\u00f3n, Buen Pastor se encargar\u00e1 de organizarlo todo al gusto del cliente.<br \/>\n<strong>Roberto Gonz\u00e1lez Short<\/strong><\/p>\n<figure id=\"attachment_94627\" aria-describedby=\"caption-attachment-94627\" style=\"width: 580px\" class=\"wp-caption alignnone\"><img data-recalc-dims=\"1\" loading=\"lazy\" decoding=\"async\" class=\"size-full wp-image-94627\" src=\"https:\/\/i0.wp.com\/www.eltrabajo.cl\/portal\/wp-content\/uploads\/2019\/10\/Pastor2.jpg?resize=580%2C359\" alt=\"EQUIPO DE LUJO.- Ricos y variados bocadillos fueron los que present\u00f3 Miguel y su personal durante el lanzamiento de este nuevo servicio de restaurante y banqueter\u00eda.\" width=\"580\" height=\"359\" srcset=\"https:\/\/i0.wp.com\/eltrabajo.cl\/portal\/wp-content\/uploads\/2019\/10\/Pastor2.jpg?w=580&amp;ssl=1 580w, https:\/\/i0.wp.com\/eltrabajo.cl\/portal\/wp-content\/uploads\/2019\/10\/Pastor2.jpg?resize=200%2C124&amp;ssl=1 200w, https:\/\/i0.wp.com\/eltrabajo.cl\/portal\/wp-content\/uploads\/2019\/10\/Pastor2.jpg?resize=300%2C186&amp;ssl=1 300w, https:\/\/i0.wp.com\/eltrabajo.cl\/portal\/wp-content\/uploads\/2019\/10\/Pastor2.jpg?resize=242%2C150&amp;ssl=1 242w, https:\/\/i0.wp.com\/eltrabajo.cl\/portal\/wp-content\/uploads\/2019\/10\/Pastor2.jpg?resize=400%2C248&amp;ssl=1 400w\" sizes=\"auto, (max-width: 580px) 100vw, 580px\" \/><figcaption id=\"caption-attachment-94627\" class=\"wp-caption-text\">EQUIPO DE LUJO.- Ricos y variados bocadillos fueron los que present\u00f3 Miguel y su personal durante el lanzamiento de este nuevo servicio de restaurante y banqueter\u00eda.<\/figcaption><\/figure>\n<figure id=\"attachment_94622\" aria-describedby=\"caption-attachment-94622\" style=\"width: 580px\" class=\"wp-caption alignnone\"><img data-recalc-dims=\"1\" loading=\"lazy\" decoding=\"async\" class=\"size-full wp-image-94622\" src=\"https:\/\/i0.wp.com\/www.eltrabajo.cl\/portal\/wp-content\/uploads\/2019\/10\/Pastor3.jpg?resize=580%2C359\" alt=\"ARANZA BANQUETER\u00cdA.- Aqu\u00ed tenemos a Miguel Arancibia con todo su experto personal de trabajo, con quienes acept\u00f3 este nuevo desaf\u00edo profesional.\" width=\"580\" height=\"359\" srcset=\"https:\/\/i0.wp.com\/eltrabajo.cl\/portal\/wp-content\/uploads\/2019\/10\/Pastor3.jpg?w=580&amp;ssl=1 580w, https:\/\/i0.wp.com\/eltrabajo.cl\/portal\/wp-content\/uploads\/2019\/10\/Pastor3.jpg?resize=200%2C124&amp;ssl=1 200w, https:\/\/i0.wp.com\/eltrabajo.cl\/portal\/wp-content\/uploads\/2019\/10\/Pastor3.jpg?resize=300%2C186&amp;ssl=1 300w, https:\/\/i0.wp.com\/eltrabajo.cl\/portal\/wp-content\/uploads\/2019\/10\/Pastor3.jpg?resize=242%2C150&amp;ssl=1 242w, https:\/\/i0.wp.com\/eltrabajo.cl\/portal\/wp-content\/uploads\/2019\/10\/Pastor3.jpg?resize=400%2C248&amp;ssl=1 400w\" sizes=\"auto, (max-width: 580px) 100vw, 580px\" \/><figcaption id=\"caption-attachment-94622\" class=\"wp-caption-text\">ARANZA BANQUETER\u00cdA.- Aqu\u00ed tenemos a Miguel Arancibia con todo su experto personal de trabajo, con quienes acept\u00f3 este nuevo desaf\u00edo profesional.<\/figcaption><\/figure>\n<figure id=\"attachment_94626\" aria-describedby=\"caption-attachment-94626\" style=\"width: 580px\" class=\"wp-caption alignnone\"><img data-recalc-dims=\"1\" loading=\"lazy\" decoding=\"async\" class=\"size-full wp-image-94626\" src=\"https:\/\/i0.wp.com\/www.eltrabajo.cl\/portal\/wp-content\/uploads\/2019\/10\/Pastor1.jpg?resize=580%2C359\" alt=\"JUECES DE LA NOCHE.- Un selecto grupo de invitados degustaron amenamente del gran banquete de platillos y exquisiteces ofrecidas por el anfitri\u00f3n del evento.\" width=\"580\" height=\"359\" srcset=\"https:\/\/i0.wp.com\/eltrabajo.cl\/portal\/wp-content\/uploads\/2019\/10\/Pastor1.jpg?w=580&amp;ssl=1 580w, https:\/\/i0.wp.com\/eltrabajo.cl\/portal\/wp-content\/uploads\/2019\/10\/Pastor1.jpg?resize=200%2C124&amp;ssl=1 200w, https:\/\/i0.wp.com\/eltrabajo.cl\/portal\/wp-content\/uploads\/2019\/10\/Pastor1.jpg?resize=300%2C186&amp;ssl=1 300w, https:\/\/i0.wp.com\/eltrabajo.cl\/portal\/wp-content\/uploads\/2019\/10\/Pastor1.jpg?resize=242%2C150&amp;ssl=1 242w, https:\/\/i0.wp.com\/eltrabajo.cl\/portal\/wp-content\/uploads\/2019\/10\/Pastor1.jpg?resize=400%2C248&amp;ssl=1 400w\" sizes=\"auto, (max-width: 580px) 100vw, 580px\" \/><figcaption id=\"caption-attachment-94626\" class=\"wp-caption-text\">JUECES DE LA NOCHE.- Un selecto grupo de invitados degustaron amenamente del gran banquete de platillos y exquisiteces ofrecidas por el anfitri\u00f3n del evento.<\/figcaption><\/figure>\n<figure id=\"attachment_94625\" aria-describedby=\"caption-attachment-94625\" style=\"width: 579px\" class=\"wp-caption alignnone\"><img data-recalc-dims=\"1\" loading=\"lazy\" decoding=\"async\" class=\"size-full wp-image-94625\" src=\"https:\/\/i0.wp.com\/www.eltrabajo.cl\/portal\/wp-content\/uploads\/2019\/10\/Pastor_Miguel-Aeancibia.jpg?resize=579%2C600\" alt=\"Miguel Arancibia Lobos, propietario de Aranza Banqueter\u00eda.\" width=\"579\" height=\"600\" srcset=\"https:\/\/i0.wp.com\/eltrabajo.cl\/portal\/wp-content\/uploads\/2019\/10\/Pastor_Miguel-Aeancibia.jpg?w=579&amp;ssl=1 579w, https:\/\/i0.wp.com\/eltrabajo.cl\/portal\/wp-content\/uploads\/2019\/10\/Pastor_Miguel-Aeancibia.jpg?resize=145%2C150&amp;ssl=1 145w, https:\/\/i0.wp.com\/eltrabajo.cl\/portal\/wp-content\/uploads\/2019\/10\/Pastor_Miguel-Aeancibia.jpg?resize=290%2C300&amp;ssl=1 290w, https:\/\/i0.wp.com\/eltrabajo.cl\/portal\/wp-content\/uploads\/2019\/10\/Pastor_Miguel-Aeancibia.jpg?resize=400%2C415&amp;ssl=1 400w\" sizes=\"auto, (max-width: 579px) 100vw, 579px\" \/><figcaption id=\"caption-attachment-94625\" class=\"wp-caption-text\">Miguel Arancibia Lobos, propietario de Aranza Banqueter\u00eda.<\/figcaption><\/figure>\n<figure id=\"attachment_94623\" aria-describedby=\"caption-attachment-94623\" style=\"width: 580px\" class=\"wp-caption alignnone\"><img data-recalc-dims=\"1\" loading=\"lazy\" decoding=\"async\" class=\"size-full wp-image-94623\" src=\"https:\/\/i0.wp.com\/www.eltrabajo.cl\/portal\/wp-content\/uploads\/2019\/10\/Pastor_Hermana.jpg?resize=580%2C598\" alt=\"Hermana Nelly Le\u00f3n, titular del directorio de Fundaci\u00f3n Buen Pastor, destac\u00f3 lo positivo de esta importante alianza operativa para el beneficio de la comunidad sanfelipe\u00f1a.\" width=\"580\" height=\"598\" srcset=\"https:\/\/i0.wp.com\/eltrabajo.cl\/portal\/wp-content\/uploads\/2019\/10\/Pastor_Hermana.jpg?w=580&amp;ssl=1 580w, https:\/\/i0.wp.com\/eltrabajo.cl\/portal\/wp-content\/uploads\/2019\/10\/Pastor_Hermana.jpg?resize=145%2C150&amp;ssl=1 145w, https:\/\/i0.wp.com\/eltrabajo.cl\/portal\/wp-content\/uploads\/2019\/10\/Pastor_Hermana.jpg?resize=291%2C300&amp;ssl=1 291w, https:\/\/i0.wp.com\/eltrabajo.cl\/portal\/wp-content\/uploads\/2019\/10\/Pastor_Hermana.jpg?resize=400%2C412&amp;ssl=1 400w\" sizes=\"auto, (max-width: 580px) 100vw, 580px\" \/><figcaption id=\"caption-attachment-94623\" class=\"wp-caption-text\">Hermana Nelly Le\u00f3n, titular del directorio de Fundaci\u00f3n Buen Pastor, destac\u00f3 lo positivo de esta importante alianza operativa para el beneficio de la comunidad sanfelipe\u00f1a.<\/figcaption><\/figure>\n<figure id=\"attachment_94624\" aria-describedby=\"caption-attachment-94624\" style=\"width: 579px\" class=\"wp-caption alignnone\"><img data-recalc-dims=\"1\" loading=\"lazy\" decoding=\"async\" class=\"size-full wp-image-94624\" src=\"https:\/\/i0.wp.com\/www.eltrabajo.cl\/portal\/wp-content\/uploads\/2019\/10\/Pastor_Leda-Chopitea.jpg?resize=579%2C600\" alt=\"Leda Chopitea, directora ejecutiva de Fundaci\u00f3n Buen Pastor.\" width=\"579\" height=\"600\" srcset=\"https:\/\/i0.wp.com\/eltrabajo.cl\/portal\/wp-content\/uploads\/2019\/10\/Pastor_Leda-Chopitea.jpg?w=579&amp;ssl=1 579w, https:\/\/i0.wp.com\/eltrabajo.cl\/portal\/wp-content\/uploads\/2019\/10\/Pastor_Leda-Chopitea.jpg?resize=145%2C150&amp;ssl=1 145w, https:\/\/i0.wp.com\/eltrabajo.cl\/portal\/wp-content\/uploads\/2019\/10\/Pastor_Leda-Chopitea.jpg?resize=290%2C300&amp;ssl=1 290w, https:\/\/i0.wp.com\/eltrabajo.cl\/portal\/wp-content\/uploads\/2019\/10\/Pastor_Leda-Chopitea.jpg?resize=400%2C415&amp;ssl=1 400w\" sizes=\"auto, (max-width: 579px) 100vw, 579px\" \/><figcaption id=\"caption-attachment-94624\" class=\"wp-caption-text\">Leda Chopitea, directora ejecutiva de Fundaci\u00f3n Buen Pastor.<\/figcaption><\/figure>\n","protected":false},"excerpt":{"rendered":"<p>Aranza Banqueter\u00eda a cargo de las exquisiteces: Una s\u00f3lida propuesta en materia de servicios de banqueter\u00eda es la que fue presentada este fin de semana en el Conjunto Patrimonial Buen Pastor, en&#8230;<\/p>\n","protected":false},"author":482,"featured_media":94627,"comment_status":"open","ping_status":"open","sticky":false,"template":"","format":"standard","meta":{"advanced_seo_description":"","jetpack_seo_html_title":"","jetpack_seo_noindex":false,"_jetpack_memberships_contains_paid_content":false,"footnotes":""},"categories":[15],"tags":[],"class_list":["post-94621","post","type-post","status-publish","format-standard","has-post-thumbnail","hentry","category-comunidad"],"jetpack_featured_media_url":"https:\/\/i0.wp.com\/eltrabajo.cl\/portal\/wp-content\/uploads\/2019\/10\/Pastor2.jpg?fit=580%2C359&ssl=1","jetpack_sharing_enabled":true,"jetpack_likes_enabled":true,"jetpack-related-posts":[],"_links":{"self":[{"href":"https:\/\/eltrabajo.cl\/portal\/wp-json\/wp\/v2\/posts\/94621","targetHints":{"allow":["GET"]}}],"collection":[{"href":"https:\/\/eltrabajo.cl\/portal\/wp-json\/wp\/v2\/posts"}],"about":[{"href":"https:\/\/eltrabajo.cl\/portal\/wp-json\/wp\/v2\/types\/post"}],"author":[{"embeddable":true,"href":"https:\/\/eltrabajo.cl\/portal\/wp-json\/wp\/v2\/users\/482"}],"replies":[{"embeddable":true,"href":"https:\/\/eltrabajo.cl\/portal\/wp-json\/wp\/v2\/comments?post=94621"}],"version-history":[{"count":0,"href":"https:\/\/eltrabajo.cl\/portal\/wp-json\/wp\/v2\/posts\/94621\/revisions"}],"wp:featuredmedia":[{"embeddable":true,"href":"https:\/\/eltrabajo.cl\/portal\/wp-json\/wp\/v2\/media\/94627"}],"wp:attachment":[{"href":"https:\/\/eltrabajo.cl\/portal\/wp-json\/wp\/v2\/media?parent=94621"}],"wp:term":[{"taxonomy":"category","embeddable":true,"href":"https:\/\/eltrabajo.cl\/portal\/wp-json\/wp\/v2\/categories?post=94621"},{"taxonomy":"post_tag","embeddable":true,"href":"https:\/\/eltrabajo.cl\/portal\/wp-json\/wp\/v2\/tags?post=94621"}],"curies":[{"name":"wp","href":"https:\/\/api.w.org\/{rel}","templated":true}]}}