{"id":94629,"date":"2019-10-07T05:06:22","date_gmt":"2019-10-07T08:06:22","guid":{"rendered":"http:\/\/www.eltrabajo.cl\/portal\/?p=94629"},"modified":"2019-10-08T21:42:55","modified_gmt":"2019-10-09T00:42:55","slug":"muere-baterista-de-garras-de-amor-en-tragica-colision-vehicular-en-rinconada","status":"publish","type":"post","link":"https:\/\/eltrabajo.cl\/portal\/muere-baterista-de-garras-de-amor-en-tragica-colision-vehicular-en-rinconada\/","title":{"rendered":"Muere baterista de \u2018Garras de Amor\u2019 en tr\u00e1gica colisi\u00f3n vehicular en Rinconada"},"content":{"rendered":"<p><span style=\"color: #ff0000;\"><strong>La madrugada de ayer domingo en carretera San Mart\u00edn:<\/strong><\/span><\/p>\n<ul>\n<li><strong>Segundo conductor involucrado de 21 a\u00f1os de edad, permanece grave en el Hospital San Juan de Dios de Los Andes. La SIAT de Carabineros de San Felipe investiga las causas basales de este terrible accidente de tr\u00e1nsito.<\/strong><\/li>\n<\/ul>\n<p>Tras un fatal accidente de tr\u00e1nsito entre dos veh\u00edculos menores falleci\u00f3 un ciudadano argentino identificado como <strong>Juan Gabriel Rodr\u00edguez<\/strong>, de 38 a\u00f1os de edad, integrante del conjunto popular de m\u00fasica tropical <strong>\u2018Garras de Amor\u2019<\/strong> en medio de una colisi\u00f3n frontal ocurrida alrededor de las 05:35 horas de ayer domingo en la carretera San Mart\u00edn de San Felipe.<br \/>\nPor causas que se investigan, Rodr\u00edguez conduc\u00eda por dicha carretera en su veh\u00edculo marca Suzuki Baleno de color negro, produci\u00e9ndose una violenta colisi\u00f3n frontal con el autom\u00f3vil marca Nissan de color blanco, conducido por <strong>L\u00edan Crist\u00f3bal Aravena Osses<\/strong>, de 21 a\u00f1os de edad.<\/p>\n<p><span style=\"color: #ff0000;\"><strong>CONTIN\u00daA GRAVE<\/strong><\/span><br \/>\nA ra\u00edz de este accidente Aravena fue rescatado por personal de Bomberos para luego ser derivado por personal del Samu en estado grave, tras sufrir m\u00faltiples lesiones y fracturas hasta la Unidad de Traumatolog\u00eda del Hospital San Juan de Dios de Los Andes.<br \/>\nEn tanto, en el lugar de los hechos, se confirm\u00f3 el deceso del m\u00fasico de 38 a\u00f1os de edad. La Polic\u00eda uniformada confirm\u00f3 que en ambos veh\u00edculos tripulaban s\u00f3lo sus conductores. El Fiscal de Turno dispuso de las pericias del personal de la Subcomisar\u00eda Investigadora de Accidentes de Tr\u00e1nsito (SIAT) de Carabineros de San Felipe, a fin de lograr establecer las causas basales de este tr\u00e1gico accidente.<\/p>\n<p><span style=\"color: #ff0000;\"><strong>FANS CONSTERNADOS<\/strong><\/span><br \/>\nEnorme consternaci\u00f3n provoc\u00f3 la noticia entre los seguidores de la banda, quienes expresaron sus condolencias a la familia del fallecido y al resto del conjunto musical, tomando en cuenta que el 2 de octubre la p\u00e1gina oficial de \u2018Garras de Amor\u2019 anunciaba su presentaci\u00f3n en vivo en la pr\u00f3xima edici\u00f3n del Festival del Huaso de Olmu\u00e9 el 17 de enero del 2020 que transmite Televisi\u00f3n Nacional de Chile.<br \/>\n<strong>Pablo Salinas Sald\u00edas<\/strong><\/p>\n<figure id=\"attachment_94631\" aria-describedby=\"caption-attachment-94631\" style=\"width: 580px\" class=\"wp-caption alignnone\"><img data-recalc-dims=\"1\" loading=\"lazy\" decoding=\"async\" class=\"size-full wp-image-94631\" src=\"https:\/\/i0.wp.com\/www.eltrabajo.cl\/portal\/wp-content\/uploads\/2019\/10\/ACCIDENTE-2.jpg?resize=580%2C360\" alt=\"El veh\u00edculo conducido por el integrante del grupo musical \u2018Garras de Amor\u2019.\" width=\"580\" height=\"360\" srcset=\"https:\/\/i0.wp.com\/eltrabajo.cl\/portal\/wp-content\/uploads\/2019\/10\/ACCIDENTE-2.jpg?w=580&amp;ssl=1 580w, https:\/\/i0.wp.com\/eltrabajo.cl\/portal\/wp-content\/uploads\/2019\/10\/ACCIDENTE-2.jpg?resize=200%2C124&amp;ssl=1 200w, https:\/\/i0.wp.com\/eltrabajo.cl\/portal\/wp-content\/uploads\/2019\/10\/ACCIDENTE-2.jpg?resize=300%2C186&amp;ssl=1 300w, https:\/\/i0.wp.com\/eltrabajo.cl\/portal\/wp-content\/uploads\/2019\/10\/ACCIDENTE-2.jpg?resize=242%2C150&amp;ssl=1 242w, https:\/\/i0.wp.com\/eltrabajo.cl\/portal\/wp-content\/uploads\/2019\/10\/ACCIDENTE-2.jpg?resize=400%2C248&amp;ssl=1 400w\" sizes=\"auto, (max-width: 580px) 100vw, 580px\" \/><figcaption id=\"caption-attachment-94631\" class=\"wp-caption-text\">El veh\u00edculo conducido por el integrante del grupo musical \u2018Garras de Amor\u2019.<\/figcaption><\/figure>\n<figure id=\"attachment_94632\" aria-describedby=\"caption-attachment-94632\" style=\"width: 580px\" class=\"wp-caption alignnone\"><img data-recalc-dims=\"1\" loading=\"lazy\" decoding=\"async\" class=\"size-full wp-image-94632\" src=\"https:\/\/i0.wp.com\/www.eltrabajo.cl\/portal\/wp-content\/uploads\/2019\/10\/ACCIDENTE-3.jpg?resize=580%2C360\" alt=\"El fatal accidente de tr\u00e1nsito ocurri\u00f3 la madrugada de ayer domingo en la carretera San Mart\u00edn de San Felipe.\" width=\"580\" height=\"360\" srcset=\"https:\/\/i0.wp.com\/eltrabajo.cl\/portal\/wp-content\/uploads\/2019\/10\/ACCIDENTE-3.jpg?w=580&amp;ssl=1 580w, https:\/\/i0.wp.com\/eltrabajo.cl\/portal\/wp-content\/uploads\/2019\/10\/ACCIDENTE-3.jpg?resize=200%2C124&amp;ssl=1 200w, https:\/\/i0.wp.com\/eltrabajo.cl\/portal\/wp-content\/uploads\/2019\/10\/ACCIDENTE-3.jpg?resize=300%2C186&amp;ssl=1 300w, https:\/\/i0.wp.com\/eltrabajo.cl\/portal\/wp-content\/uploads\/2019\/10\/ACCIDENTE-3.jpg?resize=242%2C150&amp;ssl=1 242w, https:\/\/i0.wp.com\/eltrabajo.cl\/portal\/wp-content\/uploads\/2019\/10\/ACCIDENTE-3.jpg?resize=400%2C248&amp;ssl=1 400w\" sizes=\"auto, (max-width: 580px) 100vw, 580px\" \/><figcaption id=\"caption-attachment-94632\" class=\"wp-caption-text\">El fatal accidente de tr\u00e1nsito ocurri\u00f3 la madrugada de ayer domingo en la carretera San Mart\u00edn.<\/figcaption><\/figure>\n<figure id=\"attachment_94630\" aria-describedby=\"caption-attachment-94630\" style=\"width: 580px\" class=\"wp-caption alignnone\"><img data-recalc-dims=\"1\" loading=\"lazy\" decoding=\"async\" class=\"size-full wp-image-94630\" src=\"https:\/\/i0.wp.com\/www.eltrabajo.cl\/portal\/wp-content\/uploads\/2019\/10\/ACCIDENTE-1.jpg?resize=580%2C358\" alt=\"El veh\u00edculo conducido por un joven de 21 a\u00f1os de edad, quien permanece grave en el Hospital San Juan de Dios de Los Andes.\" width=\"580\" height=\"358\" srcset=\"https:\/\/i0.wp.com\/eltrabajo.cl\/portal\/wp-content\/uploads\/2019\/10\/ACCIDENTE-1.jpg?w=580&amp;ssl=1 580w, https:\/\/i0.wp.com\/eltrabajo.cl\/portal\/wp-content\/uploads\/2019\/10\/ACCIDENTE-1.jpg?resize=200%2C123&amp;ssl=1 200w, https:\/\/i0.wp.com\/eltrabajo.cl\/portal\/wp-content\/uploads\/2019\/10\/ACCIDENTE-1.jpg?resize=300%2C185&amp;ssl=1 300w, https:\/\/i0.wp.com\/eltrabajo.cl\/portal\/wp-content\/uploads\/2019\/10\/ACCIDENTE-1.jpg?resize=243%2C150&amp;ssl=1 243w, https:\/\/i0.wp.com\/eltrabajo.cl\/portal\/wp-content\/uploads\/2019\/10\/ACCIDENTE-1.jpg?resize=400%2C247&amp;ssl=1 400w\" sizes=\"auto, (max-width: 580px) 100vw, 580px\" \/><figcaption id=\"caption-attachment-94630\" class=\"wp-caption-text\">El veh\u00edculo conducido por un joven de 21 a\u00f1os de edad, quien permanece grave en el Hospital San Juan de Dios de Los Andes.<\/figcaption><\/figure>\n<figure id=\"attachment_94633\" aria-describedby=\"caption-attachment-94633\" style=\"width: 579px\" class=\"wp-caption alignnone\"><img data-recalc-dims=\"1\" loading=\"lazy\" decoding=\"async\" class=\"size-full wp-image-94633\" src=\"https:\/\/i0.wp.com\/www.eltrabajo.cl\/portal\/wp-content\/uploads\/2019\/10\/JUAN-RODRIGUEZ.jpg?resize=579%2C725\" alt=\"Juan Gabriel Rodr\u00edguez, argentino de 38 a\u00f1os de edad, muri\u00f3 a consecuencia de un tr\u00e1gico accidente de tr\u00e1nsito.\" width=\"579\" height=\"725\" srcset=\"https:\/\/i0.wp.com\/eltrabajo.cl\/portal\/wp-content\/uploads\/2019\/10\/JUAN-RODRIGUEZ.jpg?w=579&amp;ssl=1 579w, https:\/\/i0.wp.com\/eltrabajo.cl\/portal\/wp-content\/uploads\/2019\/10\/JUAN-RODRIGUEZ.jpg?resize=120%2C150&amp;ssl=1 120w, https:\/\/i0.wp.com\/eltrabajo.cl\/portal\/wp-content\/uploads\/2019\/10\/JUAN-RODRIGUEZ.jpg?resize=240%2C300&amp;ssl=1 240w, https:\/\/i0.wp.com\/eltrabajo.cl\/portal\/wp-content\/uploads\/2019\/10\/JUAN-RODRIGUEZ.jpg?resize=400%2C501&amp;ssl=1 400w\" sizes=\"auto, (max-width: 579px) 100vw, 579px\" \/><figcaption id=\"caption-attachment-94633\" class=\"wp-caption-text\">Juan Gabriel Rodr\u00edguez, argentino de 38 a\u00f1os de edad, muri\u00f3 a consecuencia de un tr\u00e1gico accidente de tr\u00e1nsito.<\/figcaption><\/figure>\n","protected":false},"excerpt":{"rendered":"<p>La madrugada de ayer domingo en carretera San Mart\u00edn: Segundo conductor involucrado de 21 a\u00f1os de edad, permanece grave en el Hospital San Juan de Dios de Los Andes. La SIAT de&#8230;<\/p>\n","protected":false},"author":482,"featured_media":94632,"comment_status":"open","ping_status":"open","sticky":false,"template":"","format":"standard","meta":{"advanced_seo_description":"","jetpack_seo_html_title":"","jetpack_seo_noindex":false,"_jetpack_memberships_contains_paid_content":false,"footnotes":""},"categories":[21],"tags":[],"class_list":["post-94629","post","type-post","status-publish","format-standard","has-post-thumbnail","hentry","category-policial"],"jetpack_featured_media_url":"https:\/\/i0.wp.com\/eltrabajo.cl\/portal\/wp-content\/uploads\/2019\/10\/ACCIDENTE-3.jpg?fit=580%2C360&ssl=1","jetpack_sharing_enabled":true,"jetpack_likes_enabled":true,"jetpack-related-posts":[],"_links":{"self":[{"href":"https:\/\/eltrabajo.cl\/portal\/wp-json\/wp\/v2\/posts\/94629","targetHints":{"allow":["GET"]}}],"collection":[{"href":"https:\/\/eltrabajo.cl\/portal\/wp-json\/wp\/v2\/posts"}],"about":[{"href":"https:\/\/eltrabajo.cl\/portal\/wp-json\/wp\/v2\/types\/post"}],"author":[{"embeddable":true,"href":"https:\/\/eltrabajo.cl\/portal\/wp-json\/wp\/v2\/users\/482"}],"replies":[{"embeddable":true,"href":"https:\/\/eltrabajo.cl\/portal\/wp-json\/wp\/v2\/comments?post=94629"}],"version-history":[{"count":0,"href":"https:\/\/eltrabajo.cl\/portal\/wp-json\/wp\/v2\/posts\/94629\/revisions"}],"wp:featuredmedia":[{"embeddable":true,"href":"https:\/\/eltrabajo.cl\/portal\/wp-json\/wp\/v2\/media\/94632"}],"wp:attachment":[{"href":"https:\/\/eltrabajo.cl\/portal\/wp-json\/wp\/v2\/media?parent=94629"}],"wp:term":[{"taxonomy":"category","embeddable":true,"href":"https:\/\/eltrabajo.cl\/portal\/wp-json\/wp\/v2\/categories?post=94629"},{"taxonomy":"post_tag","embeddable":true,"href":"https:\/\/eltrabajo.cl\/portal\/wp-json\/wp\/v2\/tags?post=94629"}],"curies":[{"name":"wp","href":"https:\/\/api.w.org\/{rel}","templated":true}]}}