{"id":94635,"date":"2019-10-08T05:00:49","date_gmt":"2019-10-08T08:00:49","guid":{"rendered":"http:\/\/www.eltrabajo.cl\/portal\/?p=94635"},"modified":"2019-10-07T20:53:33","modified_gmt":"2019-10-07T23:53:33","slug":"pequenos-del-jardin-burbujitas-de-colores-desfilaron-felices-en-colectivos-por-la-ciudad","status":"publish","type":"post","link":"https:\/\/eltrabajo.cl\/portal\/pequenos-del-jardin-burbujitas-de-colores-desfilaron-felices-en-colectivos-por-la-ciudad\/","title":{"rendered":"Peque\u00f1os del jard\u00edn &#8216;Burbujitas de Colores&#8217; desfilaron felices en colectivos por la ciudad"},"content":{"rendered":"<p><span style=\"color: #ff0000;\"><strong>L\u00ednea 8 Ruta 4 siguen regaloneando a sus ahijados:<\/strong><\/span><\/p>\n<p>Un m\u00e1gico paseo por las c\u00e9ntricas calles de San Felipe es el que hicieron ayer los 104 peque\u00f1itos del Jard\u00edn Infantil Burbujas de Colores, ubicado en Villa La Estancia, gracias al padrinazgo que desde hace nueve a\u00f1os mantiene activo la L\u00ednea 8 Ruta 4 a favor de ese santuario del aprendizaje parvulario.<br \/>\nLa jornada empez\u00f3 desde las 9:30 horas con un estruendoso desfile de 35 choferes y colectivos en caravana, los que hicieron sentir sus bocinas para sorpresa de otros conductores y peatones al pasar. Los ni\u00f1os en su fantas\u00eda e inocencia asomaron sus caritas y sacaron las manos para saludar a todos a su paso, el carnaval hab\u00eda empezado.<br \/>\nCada colectivo iba con su carga de coloridos globos, mientras que unidades de Carabineros brindaron seguridad y facilitaron el paso de la caravana en todo su recorrido, luego del alegre viaje los colectivos retornaron desde la Plaza de Armas por Salinas, Avenida Bernardo O\u2019Higgins y subieron por Michimalongo hasta el jard\u00edn.<br \/>\nDiario El Trabajo habl\u00f3 con Fernando Leones, secretario de L\u00ednea 8 Ruta 4, quien nos coment\u00f3 que \u00abes para todos nosotros un enorme placer el poder realizar esta y otras iniciativas durante todo el a\u00f1o, somos los padrinos de este jard\u00edn, casualmente el aniversario de este jard\u00edn infantil coincide con el aniversario de nuestra l\u00ednea de colectivos, estamos tambi\u00e9n cumpliendo 24 a\u00f1os, y el jard\u00edn cumple nueve\u00bb, dijo el dirigente.<br \/>\nPor su parte la directora de Burbujitas de Colores, Patricia Pe\u00f1a, se mostr\u00f3 agradecida por el cari\u00f1o y apoyo que siempre reciben de la comunidad de colectiveros, por el Centro de Padres, por el esfuerzo de sus apoderados y por la dicha de contar con esta clase de padrinos. Durante este mes se estar\u00e1n desarrollando actividades dentro del jard\u00edn, habr\u00e1 pintacaritas, juegos infantiles y sana alimentaci\u00f3n. El cumplea\u00f1os oficial es el 10 de octubre.<br \/>\n<strong>Roberto Gonz\u00e1lez Short<\/strong><\/p>\n<figure id=\"attachment_94637\" aria-describedby=\"caption-attachment-94637\" style=\"width: 580px\" class=\"wp-caption alignnone\"><img data-recalc-dims=\"1\" loading=\"lazy\" decoding=\"async\" class=\"size-full wp-image-94637\" src=\"https:\/\/i0.wp.com\/www.eltrabajo.cl\/portal\/wp-content\/uploads\/2019\/10\/Burbujitas2.jpg?resize=580%2C359\" alt=\"M\u00c1GICO PASEO.- Estas caritas nos dejan bien claro el impacto emocional positivo que en la vida de estos peque\u00f1itos imprimi\u00f3 el paseo por la ciudad.\" width=\"580\" height=\"359\" srcset=\"https:\/\/i0.wp.com\/eltrabajo.cl\/portal\/wp-content\/uploads\/2019\/10\/Burbujitas2.jpg?w=580&amp;ssl=1 580w, https:\/\/i0.wp.com\/eltrabajo.cl\/portal\/wp-content\/uploads\/2019\/10\/Burbujitas2.jpg?resize=200%2C124&amp;ssl=1 200w, https:\/\/i0.wp.com\/eltrabajo.cl\/portal\/wp-content\/uploads\/2019\/10\/Burbujitas2.jpg?resize=300%2C186&amp;ssl=1 300w, https:\/\/i0.wp.com\/eltrabajo.cl\/portal\/wp-content\/uploads\/2019\/10\/Burbujitas2.jpg?resize=242%2C150&amp;ssl=1 242w, https:\/\/i0.wp.com\/eltrabajo.cl\/portal\/wp-content\/uploads\/2019\/10\/Burbujitas2.jpg?resize=400%2C248&amp;ssl=1 400w\" sizes=\"auto, (max-width: 580px) 100vw, 580px\" \/><figcaption id=\"caption-attachment-94637\" class=\"wp-caption-text\">M\u00c1GICO PASEO.- Estas caritas nos dejan bien claro el impacto emocional positivo que en la vida de estos peque\u00f1itos imprimi\u00f3 el paseo por la ciudad.<\/figcaption><\/figure>\n<figure id=\"attachment_94636\" aria-describedby=\"caption-attachment-94636\" style=\"width: 580px\" class=\"wp-caption alignnone\"><img data-recalc-dims=\"1\" loading=\"lazy\" decoding=\"async\" class=\"size-full wp-image-94636\" src=\"https:\/\/i0.wp.com\/www.eltrabajo.cl\/portal\/wp-content\/uploads\/2019\/10\/Burbujitas1.jpg?resize=580%2C359\" alt=\"UN D\u00cdA ESPECIAL.- Desde tempranas horas de ayer lunes los apoderados del Burbujitas llegaron a su jard\u00edn infantil para acompa\u00f1ar a sus peque\u00f1os en este m\u00e1gico paseo.\" width=\"580\" height=\"359\" srcset=\"https:\/\/i0.wp.com\/eltrabajo.cl\/portal\/wp-content\/uploads\/2019\/10\/Burbujitas1.jpg?w=580&amp;ssl=1 580w, https:\/\/i0.wp.com\/eltrabajo.cl\/portal\/wp-content\/uploads\/2019\/10\/Burbujitas1.jpg?resize=200%2C124&amp;ssl=1 200w, https:\/\/i0.wp.com\/eltrabajo.cl\/portal\/wp-content\/uploads\/2019\/10\/Burbujitas1.jpg?resize=300%2C186&amp;ssl=1 300w, https:\/\/i0.wp.com\/eltrabajo.cl\/portal\/wp-content\/uploads\/2019\/10\/Burbujitas1.jpg?resize=242%2C150&amp;ssl=1 242w, https:\/\/i0.wp.com\/eltrabajo.cl\/portal\/wp-content\/uploads\/2019\/10\/Burbujitas1.jpg?resize=400%2C248&amp;ssl=1 400w\" sizes=\"auto, (max-width: 580px) 100vw, 580px\" \/><figcaption id=\"caption-attachment-94636\" class=\"wp-caption-text\">UN D\u00cdA ESPECIAL.- Desde tempranas horas de ayer lunes los apoderados del Burbujitas llegaron a su jard\u00edn infantil para acompa\u00f1ar a sus peque\u00f1os en este m\u00e1gico paseo.<\/figcaption><\/figure>\n<figure id=\"attachment_94638\" aria-describedby=\"caption-attachment-94638\" style=\"width: 580px\" class=\"wp-caption alignnone\"><img data-recalc-dims=\"1\" loading=\"lazy\" decoding=\"async\" class=\"size-full wp-image-94638\" src=\"https:\/\/i0.wp.com\/www.eltrabajo.cl\/portal\/wp-content\/uploads\/2019\/10\/Burbujitas3.jpg?resize=580%2C360\" alt=\"DUE\u00d1OS DE LA V\u00cdA.- La caravana de colectivos por el centro de nuestra ciudad anunci\u00f3 con sus bocinas que los peque\u00f1os del Burbujitas eran due\u00f1os de la v\u00eda.\" width=\"580\" height=\"360\" srcset=\"https:\/\/i0.wp.com\/eltrabajo.cl\/portal\/wp-content\/uploads\/2019\/10\/Burbujitas3.jpg?w=580&amp;ssl=1 580w, https:\/\/i0.wp.com\/eltrabajo.cl\/portal\/wp-content\/uploads\/2019\/10\/Burbujitas3.jpg?resize=200%2C124&amp;ssl=1 200w, https:\/\/i0.wp.com\/eltrabajo.cl\/portal\/wp-content\/uploads\/2019\/10\/Burbujitas3.jpg?resize=300%2C186&amp;ssl=1 300w, https:\/\/i0.wp.com\/eltrabajo.cl\/portal\/wp-content\/uploads\/2019\/10\/Burbujitas3.jpg?resize=242%2C150&amp;ssl=1 242w, https:\/\/i0.wp.com\/eltrabajo.cl\/portal\/wp-content\/uploads\/2019\/10\/Burbujitas3.jpg?resize=400%2C248&amp;ssl=1 400w\" sizes=\"auto, (max-width: 580px) 100vw, 580px\" \/><figcaption id=\"caption-attachment-94638\" class=\"wp-caption-text\">DUE\u00d1OS DE LA V\u00cdA.- La caravana de colectivos por el centro de nuestra ciudad anunci\u00f3 con sus bocinas que los peque\u00f1os del Burbujitas eran due\u00f1os de la v\u00eda.<\/figcaption><\/figure>\n<figure id=\"attachment_94640\" aria-describedby=\"caption-attachment-94640\" style=\"width: 580px\" class=\"wp-caption alignnone\"><img data-recalc-dims=\"1\" loading=\"lazy\" decoding=\"async\" class=\"size-full wp-image-94640\" src=\"https:\/\/i0.wp.com\/www.eltrabajo.cl\/portal\/wp-content\/uploads\/2019\/10\/Burbujitas5.jpg?resize=580%2C360\" alt=\"FAMILIA BURBUJITAS.- Aqu\u00ed tenemos a los colectiveros y asistentes de p\u00e1rvulos celebrando esta alianza amistosa por el bien de los ni\u00f1os del jard\u00edn.\" width=\"580\" height=\"360\" srcset=\"https:\/\/i0.wp.com\/eltrabajo.cl\/portal\/wp-content\/uploads\/2019\/10\/Burbujitas5.jpg?w=580&amp;ssl=1 580w, https:\/\/i0.wp.com\/eltrabajo.cl\/portal\/wp-content\/uploads\/2019\/10\/Burbujitas5.jpg?resize=200%2C124&amp;ssl=1 200w, https:\/\/i0.wp.com\/eltrabajo.cl\/portal\/wp-content\/uploads\/2019\/10\/Burbujitas5.jpg?resize=300%2C186&amp;ssl=1 300w, https:\/\/i0.wp.com\/eltrabajo.cl\/portal\/wp-content\/uploads\/2019\/10\/Burbujitas5.jpg?resize=242%2C150&amp;ssl=1 242w, https:\/\/i0.wp.com\/eltrabajo.cl\/portal\/wp-content\/uploads\/2019\/10\/Burbujitas5.jpg?resize=400%2C248&amp;ssl=1 400w\" sizes=\"auto, (max-width: 580px) 100vw, 580px\" \/><figcaption id=\"caption-attachment-94640\" class=\"wp-caption-text\">FAMILIA BURBUJITAS.- Aqu\u00ed tenemos a los colectiveros y asistentes de p\u00e1rvulos celebrando esta alianza amistosa por el bien de los ni\u00f1os del jard\u00edn.<\/figcaption><\/figure>\n<figure id=\"attachment_94639\" aria-describedby=\"caption-attachment-94639\" style=\"width: 580px\" class=\"wp-caption alignnone\"><img data-recalc-dims=\"1\" loading=\"lazy\" decoding=\"async\" class=\"size-full wp-image-94639\" src=\"https:\/\/i0.wp.com\/www.eltrabajo.cl\/portal\/wp-content\/uploads\/2019\/10\/Burbujitas4.jpg?resize=580%2C656\" alt=\"D\u00cdA INOLVIDABLE.- Los pap\u00e1s tambi\u00e9n estaban felices con el regalo que los colectiveros hacen todos los a\u00f1os a estos peque\u00f1itos.\" width=\"580\" height=\"656\" srcset=\"https:\/\/i0.wp.com\/eltrabajo.cl\/portal\/wp-content\/uploads\/2019\/10\/Burbujitas4.jpg?w=580&amp;ssl=1 580w, https:\/\/i0.wp.com\/eltrabajo.cl\/portal\/wp-content\/uploads\/2019\/10\/Burbujitas4.jpg?resize=133%2C150&amp;ssl=1 133w, https:\/\/i0.wp.com\/eltrabajo.cl\/portal\/wp-content\/uploads\/2019\/10\/Burbujitas4.jpg?resize=265%2C300&amp;ssl=1 265w, https:\/\/i0.wp.com\/eltrabajo.cl\/portal\/wp-content\/uploads\/2019\/10\/Burbujitas4.jpg?resize=400%2C452&amp;ssl=1 400w\" sizes=\"auto, (max-width: 580px) 100vw, 580px\" \/><figcaption id=\"caption-attachment-94639\" class=\"wp-caption-text\">D\u00cdA INOLVIDABLE.- Los pap\u00e1s tambi\u00e9n estaban felices con el regalo que los colectiveros hacen todos los a\u00f1os a estos peque\u00f1itos.<\/figcaption><\/figure>\n","protected":false},"excerpt":{"rendered":"<p>L\u00ednea 8 Ruta 4 siguen regaloneando a sus ahijados: Un m\u00e1gico paseo por las c\u00e9ntricas calles de San Felipe es el que hicieron ayer los 104 peque\u00f1itos del Jard\u00edn Infantil Burbujas de&#8230;<\/p>\n","protected":false},"author":482,"featured_media":94637,"comment_status":"open","ping_status":"open","sticky":false,"template":"","format":"standard","meta":{"advanced_seo_description":"","jetpack_seo_html_title":"","jetpack_seo_noindex":false,"_jetpack_memberships_contains_paid_content":false,"footnotes":""},"categories":[15],"tags":[],"class_list":["post-94635","post","type-post","status-publish","format-standard","has-post-thumbnail","hentry","category-comunidad"],"jetpack_featured_media_url":"https:\/\/i0.wp.com\/eltrabajo.cl\/portal\/wp-content\/uploads\/2019\/10\/Burbujitas2.jpg?fit=580%2C359&ssl=1","jetpack_sharing_enabled":true,"jetpack_likes_enabled":true,"jetpack-related-posts":[],"_links":{"self":[{"href":"https:\/\/eltrabajo.cl\/portal\/wp-json\/wp\/v2\/posts\/94635","targetHints":{"allow":["GET"]}}],"collection":[{"href":"https:\/\/eltrabajo.cl\/portal\/wp-json\/wp\/v2\/posts"}],"about":[{"href":"https:\/\/eltrabajo.cl\/portal\/wp-json\/wp\/v2\/types\/post"}],"author":[{"embeddable":true,"href":"https:\/\/eltrabajo.cl\/portal\/wp-json\/wp\/v2\/users\/482"}],"replies":[{"embeddable":true,"href":"https:\/\/eltrabajo.cl\/portal\/wp-json\/wp\/v2\/comments?post=94635"}],"version-history":[{"count":0,"href":"https:\/\/eltrabajo.cl\/portal\/wp-json\/wp\/v2\/posts\/94635\/revisions"}],"wp:featuredmedia":[{"embeddable":true,"href":"https:\/\/eltrabajo.cl\/portal\/wp-json\/wp\/v2\/media\/94637"}],"wp:attachment":[{"href":"https:\/\/eltrabajo.cl\/portal\/wp-json\/wp\/v2\/media?parent=94635"}],"wp:term":[{"taxonomy":"category","embeddable":true,"href":"https:\/\/eltrabajo.cl\/portal\/wp-json\/wp\/v2\/categories?post=94635"},{"taxonomy":"post_tag","embeddable":true,"href":"https:\/\/eltrabajo.cl\/portal\/wp-json\/wp\/v2\/tags?post=94635"}],"curies":[{"name":"wp","href":"https:\/\/api.w.org\/{rel}","templated":true}]}}