{"id":94648,"date":"2019-10-08T05:03:50","date_gmt":"2019-10-08T08:03:50","guid":{"rendered":"http:\/\/www.eltrabajo.cl\/portal\/?p=94648"},"modified":"2019-10-07T20:58:29","modified_gmt":"2019-10-07T23:58:29","slug":"de-nuevo-equipo-de-voleibol-sub-18-de-mujeres-logra-el-primer-lugar-en-torneo-internacional","status":"publish","type":"post","link":"https:\/\/eltrabajo.cl\/portal\/de-nuevo-equipo-de-voleibol-sub-18-de-mujeres-logra-el-primer-lugar-en-torneo-internacional\/","title":{"rendered":"\u00a1De nuevo! Equipo de voleibol sub 18 de mujeres logra el primer lugar en torneo internacional"},"content":{"rendered":"<p><span style=\"color: #ff0000;\"><strong>A cargo del profesor Eduardo Ch\u00e1vez:<\/strong><\/span><\/p>\n<p>Una vez m\u00e1s un equipo de voleibol dirigido por el destacado profesor Eduardo Ch\u00e1vez logr\u00f3 un primer lugar. En esta ocasi\u00f3n en el torneo internacional ARV realizado en Santiago para ya partir a San Juan a participar del Binacional.<br \/>\n\u00abNos fue muy bien, estamos muy contentos porque \u00edbamos al torneo internacional ARV Damas Sub-18 con varios equipos de Argentina y Uruguay en la categor\u00eda Sub-18, estamos ya en la \u00faltima etapa en la preparaci\u00f3n de nuestro equipo binacional y afortunadamente para nosotros ocupamos el primer lugar, no perdimos ning\u00fan set, jugamos un muy buen v\u00f3ley, hab\u00edan m\u00e1s de 18 equipos de todo Chile y el extranjero, de hecho los cuatro lugares todos argentinos, a excepci\u00f3n de nosotros que fuimos campeones, ganamos a Uruguay que tuvimos una revancha porque el equipo uruguayo era el equipo que nos dej\u00f3 fuera del podio en Colombia 2016, y la vida nos dio la posibilidad de encontrarnos de nuevo y jugamos, jugamos un muy buen v\u00f3ley ganamos 2 a 0.<br \/>\n<strong>&#8211; \u00bfCu\u00e1ndo fue este campeonato?<\/strong><br \/>\n&#8211; Esto fue del 4 al 6 de octubre en Santiago, estuvimos ah\u00ed compitiendo a full esa semana, as\u00ed es que te vuelvo a reiterar, estamos muy contentos y conformes, ahora nos quedan un par de eventos importantes antes de viajar a San Juan (Argentina).<br \/>\n<strong>&#8211; \u00bfLa selecci\u00f3n Sub-18 comprende s\u00f3lo alumnas del Liceo Bicentenario Cordillera?<\/strong><br \/>\n&#8211; No, tenemos de las doce nominadas, est\u00e1n en n\u00f3mina definitiva para viajar a Argentina, ocho son del Bicentenario y cuatro representan a otros colegios u otros clubes, que son, est\u00e1n en calidad de refuerzos y una de esas cuatro es jugadora del club, pero no es del colegio espec\u00edficamente.<br \/>\n<strong>&#8211; \u00bfLas ni\u00f1as contentas con estos logros?<\/strong><br \/>\n&#8211; S\u00ed, estaban contentas, supimos que nos toc\u00f3 un grupo bastante asequible, ya se hizo el sorteo y estamos en el grupo del local que es San Juan, San Luis, que jugamos la final con San Luis en este torneo y ganamos dos a cero, relativamente c\u00f3modo, m\u00e1s O\u2019Higgins que lo enfrentamos en Arica, que tambi\u00e9n le hab\u00edamos ganado, entonces todo se ve bien para la primera parte de este torneo tan importante a nivel internacional, as\u00ed es que felices por el logro, despu\u00e9s de una semana exitos\u00edsima en Arica, llegar y subirse al bus y partir, volver a ganar, as\u00ed es que eso por lo menos nos da buenas vibras, sobre todo ahora que vamos viajando ma\u00f1ana (hoy) al nacional escolar, nos vamos a las cuatro de la tarde desde la plaza c\u00edvica. El torneo para mi gusto es el m\u00e1s importante en el cual participamos como colegio, tiene un premio importante, un premio mayor que es representar a Chile en un Sudamericano, as\u00ed es que estamos bien confiados en que nos va a ir, hemos entrenado mucho, hemos competido mucho, adem\u00e1s estamos en racha, ya llevamos tres semanas siendo campeones.<br \/>\n<strong>&#8211; \u00bfLos Juegos Binacionales cu\u00e1ndo son?<\/strong><br \/>\n&#8211; Desde el 10 de noviembre al 16 de noviembre y los juegos escolares a partir del 08 -que es ma\u00f1ana (hoy)- de octubre al 15 de octubre en Santiago y tambi\u00e9n aprovecho este medio, Diario El Trabajo, para invitarlos a todos, tenemos nuestro evento anual como Voleibol del Liceo Bicentenario que es nuestra copa aniversario n\u00famero 6, se va a jugar en tres categor\u00edas; Sub 17, Sub 14, Sub 12, que tambi\u00e9n aprovecho de comentarte el equipo Sub-12 que dirige Daniela Badilla tambi\u00e9n estuvimos paralelamente compitiendo en Santiago Copa Bambini en el Stadio Italiano, los mejores clubes de Chile en la categor\u00eda y obtuvo el primer lugar, as\u00ed es que tambi\u00e9n nos sentimos contentos con eso porque el recambio se viene, tenemos una buena base de jugadoras, se est\u00e1 haciendo un trabajo importante ah\u00ed, tenemos m\u00e1s de setenta ni\u00f1as jugando v\u00f3ley y todas esas ni\u00f1itas en sub 12-14-17 vamos a estar entre el 18 y el 20 de octubre, es decir la pr\u00f3xima semana compitiendo ac\u00e1 en San Felipe en la Sala M\u00faltiple, Liceo Corina Urbina y Escuela Manuel Rodr\u00edguez, las tres categor\u00edas con nuestra sexta copa aniversario.<br \/>\n<strong>&#8211; Nunca nos acordamos de las familias de las ni\u00f1as, \u00bfes fundamental?<\/strong><br \/>\n&#8211; La familia es importante, porque tienen un costo de partida econ\u00f3mico que no deja de ser importante, a pesar que nosotros contamos con un apoyo realmente notable de parte del municipio que es el tema del transporte, que es lo m\u00e1s caro, pero cuando uno viaja hay que comer, hay que pagar inscripciones, hay que trasladarse internamente, hay que pagarse una serie de cosas y eso est\u00e1 la familia ah\u00ed, y sobre todo levantarse temprano, el domingo nos fuimos a las siete de la ma\u00f1ana, llegamos el s\u00e1bado a la una y media de la ma\u00f1ana, entonces si la familia no est\u00e1 ah\u00ed apoyando, es poco lo que uno puede hacer, y si la familia de uno no lo est\u00e1 apoyando, la verdad estar\u00eda separado hace rato ya.<\/p>\n<figure id=\"attachment_94649\" aria-describedby=\"caption-attachment-94649\" style=\"width: 580px\" class=\"wp-caption alignnone\"><img data-recalc-dims=\"1\" loading=\"lazy\" decoding=\"async\" class=\"size-full wp-image-94649\" src=\"https:\/\/i0.wp.com\/www.eltrabajo.cl\/portal\/wp-content\/uploads\/2019\/10\/Sub-18-voleybol-mujeres.jpg?resize=580%2C360\" alt=\"Ac\u00e1 vemos al equipo campe\u00f3n del torneo internacional ARV desarrollado en Santiago, a cargo del profesor Eduardo Ch\u00e1vez.\" width=\"580\" height=\"360\" srcset=\"https:\/\/i0.wp.com\/eltrabajo.cl\/portal\/wp-content\/uploads\/2019\/10\/Sub-18-voleybol-mujeres.jpg?w=580&amp;ssl=1 580w, https:\/\/i0.wp.com\/eltrabajo.cl\/portal\/wp-content\/uploads\/2019\/10\/Sub-18-voleybol-mujeres.jpg?resize=200%2C124&amp;ssl=1 200w, https:\/\/i0.wp.com\/eltrabajo.cl\/portal\/wp-content\/uploads\/2019\/10\/Sub-18-voleybol-mujeres.jpg?resize=300%2C186&amp;ssl=1 300w, https:\/\/i0.wp.com\/eltrabajo.cl\/portal\/wp-content\/uploads\/2019\/10\/Sub-18-voleybol-mujeres.jpg?resize=242%2C150&amp;ssl=1 242w, https:\/\/i0.wp.com\/eltrabajo.cl\/portal\/wp-content\/uploads\/2019\/10\/Sub-18-voleybol-mujeres.jpg?resize=400%2C248&amp;ssl=1 400w\" sizes=\"auto, (max-width: 580px) 100vw, 580px\" \/><figcaption id=\"caption-attachment-94649\" class=\"wp-caption-text\">Ac\u00e1 vemos al equipo campe\u00f3n del torneo internacional ARV desarrollado en Santiago, a cargo del profesor Eduardo Ch\u00e1vez.<\/figcaption><\/figure>\n","protected":false},"excerpt":{"rendered":"<p>A cargo del profesor Eduardo Ch\u00e1vez: Una vez m\u00e1s un equipo de voleibol dirigido por el destacado profesor Eduardo Ch\u00e1vez logr\u00f3 un primer lugar. En esta ocasi\u00f3n en el torneo internacional ARV&#8230;<\/p>\n","protected":false},"author":482,"featured_media":94649,"comment_status":"open","ping_status":"open","sticky":false,"template":"","format":"standard","meta":{"advanced_seo_description":"","jetpack_seo_html_title":"","jetpack_seo_noindex":false,"_jetpack_memberships_contains_paid_content":false,"footnotes":""},"categories":[15],"tags":[],"class_list":["post-94648","post","type-post","status-publish","format-standard","has-post-thumbnail","hentry","category-comunidad"],"jetpack_featured_media_url":"https:\/\/i0.wp.com\/eltrabajo.cl\/portal\/wp-content\/uploads\/2019\/10\/Sub-18-voleybol-mujeres.jpg?fit=580%2C360&ssl=1","jetpack_sharing_enabled":true,"jetpack_likes_enabled":true,"jetpack-related-posts":[],"_links":{"self":[{"href":"https:\/\/eltrabajo.cl\/portal\/wp-json\/wp\/v2\/posts\/94648","targetHints":{"allow":["GET"]}}],"collection":[{"href":"https:\/\/eltrabajo.cl\/portal\/wp-json\/wp\/v2\/posts"}],"about":[{"href":"https:\/\/eltrabajo.cl\/portal\/wp-json\/wp\/v2\/types\/post"}],"author":[{"embeddable":true,"href":"https:\/\/eltrabajo.cl\/portal\/wp-json\/wp\/v2\/users\/482"}],"replies":[{"embeddable":true,"href":"https:\/\/eltrabajo.cl\/portal\/wp-json\/wp\/v2\/comments?post=94648"}],"version-history":[{"count":0,"href":"https:\/\/eltrabajo.cl\/portal\/wp-json\/wp\/v2\/posts\/94648\/revisions"}],"wp:featuredmedia":[{"embeddable":true,"href":"https:\/\/eltrabajo.cl\/portal\/wp-json\/wp\/v2\/media\/94649"}],"wp:attachment":[{"href":"https:\/\/eltrabajo.cl\/portal\/wp-json\/wp\/v2\/media?parent=94648"}],"wp:term":[{"taxonomy":"category","embeddable":true,"href":"https:\/\/eltrabajo.cl\/portal\/wp-json\/wp\/v2\/categories?post=94648"},{"taxonomy":"post_tag","embeddable":true,"href":"https:\/\/eltrabajo.cl\/portal\/wp-json\/wp\/v2\/tags?post=94648"}],"curies":[{"name":"wp","href":"https:\/\/api.w.org\/{rel}","templated":true}]}}