{"id":94651,"date":"2019-10-08T05:04:38","date_gmt":"2019-10-08T08:04:38","guid":{"rendered":"http:\/\/www.eltrabajo.cl\/portal\/?p=94651"},"modified":"2019-10-07T21:00:18","modified_gmt":"2019-10-08T00:00:18","slug":"competencia-world-skills-chile-2019-este-ano-se-disputara-en-la-escuela-industrial","status":"publish","type":"post","link":"https:\/\/eltrabajo.cl\/portal\/competencia-world-skills-chile-2019-este-ano-se-disputara-en-la-escuela-industrial\/","title":{"rendered":"Competencia World Skills Chile 2019 este a\u00f1o se disputar\u00e1 en la Escuela Industrial"},"content":{"rendered":"<p><span style=\"color: #ff0000;\"><strong>Fontaner\u00eda, Mecatr\u00f3nica e Instalaciones de paneles fotovoltaicos:<\/strong><\/span><\/p>\n<p>Nuevamente la creatividad, destreza y deseos de ser los mejores en su campo se apoderar\u00e1n de cada estudiante chileno que participar\u00e1 en la competencia nacional World Skills Chile 2019, torneo de habilidades t\u00e9cnicas que se desarrollar\u00e1 por cuarta oportunidad en el patio techado de la Escuela Industrial de San Felipe, y este a\u00f1o en las especialidades de Fontaner\u00eda, Mecatr\u00f3nica e Instalaciones de paneles fotovoltaicos.<\/p>\n<p><span style=\"color: #ff0000;\"><strong>SUE\u00d1AN CON AM\u00c9RICA<\/strong><\/span><br \/>\nDiario El Trabajo habl\u00f3 ayer lunes con el profesor Jorge Mu\u00f1oz Madrid, jefe de la especialidad de Electricidad. \u00abA esta actividad asisten competidores de todo nuestro pa\u00eds, la competencia se realizar\u00e1 del martes 22 al jueves 24 de octubre, de 9:00 a las 13:00 horas y de las 14:00 a las 18:00 horas, luego de la deliberaci\u00f3n de los expertos, el viernes 25 de octubre se realizar\u00e1 la Clausura y premiaci\u00f3n en \u2018La C\u00fapula\u2019 del Parque O\u00b4Higgins, en Santiago. De nuestra escuela son como doce los estudiantes que competir\u00e1n este a\u00f1o, no todos lo har\u00e1n ac\u00e1 en San Felipe, algunos viajar\u00e1n a las otras sedes del SNA Educa, pues son cuatro: Alto Auspicio, Temuco, San Felipe y La Uni\u00f3n. En el caso puntual de San Felipe, nuestra Escuela Industrial albergar\u00e1 a unas 60 personas entre estudiantes competidores y expertos supervisores de las pruebas a ejecutar en el patio techado. Importante se\u00f1alar que adem\u00e1s de disputarse el t\u00edtulo y los mejores lugares de la World Skills Chile 2019, cada estudiante tambi\u00e9n lucha por uno o varios boletos al World Skills Am\u00e9rica, todo es posible, siempre nos ha ido bien y creemos que este a\u00f1o lograremos nuevos avances\u00bb, dijo Mu\u00f1oz.<\/p>\n<p><span style=\"color: #ff0000;\"><strong>PUNTA DE LANZA<\/strong><\/span><br \/>\nHay que tomar en cuenta que WorldSkills Chile ya es \u2018Punta de Lanza\u2019 con respecto a la instancia de medir las destrezas de los distintos estudiantes t\u00e9cnicos del pa\u00eds. En estas competencias ellos compiten de igual a igual cuando se trata de alcanzar la medalla de oro en las distintas disciplinas que cada a\u00f1o re\u00fanen los torneos. En 2019 el torneo nacional contar\u00e1 con 28 habilidades en competencia, las cuales se disputar\u00e1n en 15 sedes a lo largo del pa\u00eds (cuatro son de SNA Educa), abarcando desde la ciudad de Alto Hospicio hasta la localidad de Osorno en el sur del pa\u00eds.<\/p>\n<p><span style=\"color: #ff0000;\"><strong>LAS COMPETENCIAS<\/strong><\/span><br \/>\nSeg\u00fan datos oficiales, las competencias para 2019 son muy variadas, entre ellas est\u00e1n Cocina, Miner\u00eda, Rob\u00f3tica M\u00f3vil, Mecatr\u00f3nica, Soldadura, Energ\u00edas Renovables y Riego Tecnificado, entre otras, permitiendo as\u00ed dar continuidad a la competencia, investigaci\u00f3n y visibilidad a \u00e1reas que tienen gran inter\u00e9s entre la comunidad educativa.<br \/>\nEn cuanto a los lugares de competencia dispuestos para el torneo, WorldSkills Chile sigue trabajando bajo la premisa de abarcar cada a\u00f1o m\u00e1s localidades y descentralizar las competencias, llegando este 2019 a la importante cantidad de 15 sedes a nivel pa\u00eds, con presencia en el norte, centro y sur de Chile. Para esta tremenda gesti\u00f3n, WorldSkills Chile ha visto en distintas casas de estudio un socio colaborador estrat\u00e9gico, sum\u00e1ndose nuevamente Inacap, Ipchile, SNA Educa, Ciisa, Lichan e IDMA.<br \/>\n<strong>Roberto Gonz\u00e1lez Short<\/strong><\/p>\n<figure id=\"attachment_94652\" aria-describedby=\"caption-attachment-94652\" style=\"width: 580px\" class=\"wp-caption alignnone\"><img data-recalc-dims=\"1\" loading=\"lazy\" decoding=\"async\" class=\"size-full wp-image-94652\" src=\"https:\/\/i0.wp.com\/www.eltrabajo.cl\/portal\/wp-content\/uploads\/2019\/10\/WorldSkill1.jpg?resize=580%2C360\" alt=\"FUERZA INDUSTRIALINA.- Ellos son los industrialinos que del 22 al 25 de octubre representar\u00e1n a la Escuela Industrial en la WorldSkills Chile 2019. Les acompa\u00f1an algunos profesores.\" width=\"580\" height=\"360\" srcset=\"https:\/\/i0.wp.com\/eltrabajo.cl\/portal\/wp-content\/uploads\/2019\/10\/WorldSkill1.jpg?w=580&amp;ssl=1 580w, https:\/\/i0.wp.com\/eltrabajo.cl\/portal\/wp-content\/uploads\/2019\/10\/WorldSkill1.jpg?resize=200%2C124&amp;ssl=1 200w, https:\/\/i0.wp.com\/eltrabajo.cl\/portal\/wp-content\/uploads\/2019\/10\/WorldSkill1.jpg?resize=300%2C186&amp;ssl=1 300w, https:\/\/i0.wp.com\/eltrabajo.cl\/portal\/wp-content\/uploads\/2019\/10\/WorldSkill1.jpg?resize=242%2C150&amp;ssl=1 242w, https:\/\/i0.wp.com\/eltrabajo.cl\/portal\/wp-content\/uploads\/2019\/10\/WorldSkill1.jpg?resize=400%2C248&amp;ssl=1 400w\" sizes=\"auto, (max-width: 580px) 100vw, 580px\" \/><figcaption id=\"caption-attachment-94652\" class=\"wp-caption-text\">FUERZA INDUSTRIALINA.- Ellos son los industrialinos que del 22 al 25 de octubre representar\u00e1n a la Escuela Industrial en la WorldSkills Chile 2019. Les acompa\u00f1an algunos profesores.<\/figcaption><\/figure>\n<figure id=\"attachment_94653\" aria-describedby=\"caption-attachment-94653\" style=\"width: 580px\" class=\"wp-caption alignnone\"><img data-recalc-dims=\"1\" loading=\"lazy\" decoding=\"async\" class=\"size-full wp-image-94653\" src=\"https:\/\/i0.wp.com\/www.eltrabajo.cl\/portal\/wp-content\/uploads\/2019\/10\/WorldSkill_Jorge-Munoz.jpg?resize=580%2C552\" alt=\"Profesor Jorge Mu\u00f1oz Madrid, jefe de la especialidad de Electricidad.\" width=\"580\" height=\"552\" srcset=\"https:\/\/i0.wp.com\/eltrabajo.cl\/portal\/wp-content\/uploads\/2019\/10\/WorldSkill_Jorge-Munoz.jpg?w=580&amp;ssl=1 580w, https:\/\/i0.wp.com\/eltrabajo.cl\/portal\/wp-content\/uploads\/2019\/10\/WorldSkill_Jorge-Munoz.jpg?resize=158%2C150&amp;ssl=1 158w, https:\/\/i0.wp.com\/eltrabajo.cl\/portal\/wp-content\/uploads\/2019\/10\/WorldSkill_Jorge-Munoz.jpg?resize=300%2C286&amp;ssl=1 300w, https:\/\/i0.wp.com\/eltrabajo.cl\/portal\/wp-content\/uploads\/2019\/10\/WorldSkill_Jorge-Munoz.jpg?resize=400%2C381&amp;ssl=1 400w\" sizes=\"auto, (max-width: 580px) 100vw, 580px\" \/><figcaption id=\"caption-attachment-94653\" class=\"wp-caption-text\">Profesor Jorge Mu\u00f1oz Madrid, jefe de la especialidad de Electricidad.<\/figcaption><\/figure>\n","protected":false},"excerpt":{"rendered":"<p>Fontaner\u00eda, Mecatr\u00f3nica e Instalaciones de paneles fotovoltaicos: Nuevamente la creatividad, destreza y deseos de ser los mejores en su campo se apoderar\u00e1n de cada estudiante chileno que participar\u00e1 en la competencia nacional&#8230;<\/p>\n","protected":false},"author":482,"featured_media":94652,"comment_status":"open","ping_status":"open","sticky":false,"template":"","format":"standard","meta":{"advanced_seo_description":"","jetpack_seo_html_title":"","jetpack_seo_noindex":false,"_jetpack_memberships_contains_paid_content":false,"footnotes":""},"categories":[15],"tags":[],"class_list":["post-94651","post","type-post","status-publish","format-standard","has-post-thumbnail","hentry","category-comunidad"],"jetpack_featured_media_url":"https:\/\/i0.wp.com\/eltrabajo.cl\/portal\/wp-content\/uploads\/2019\/10\/WorldSkill1.jpg?fit=580%2C360&ssl=1","jetpack_sharing_enabled":true,"jetpack_likes_enabled":true,"jetpack-related-posts":[],"_links":{"self":[{"href":"https:\/\/eltrabajo.cl\/portal\/wp-json\/wp\/v2\/posts\/94651","targetHints":{"allow":["GET"]}}],"collection":[{"href":"https:\/\/eltrabajo.cl\/portal\/wp-json\/wp\/v2\/posts"}],"about":[{"href":"https:\/\/eltrabajo.cl\/portal\/wp-json\/wp\/v2\/types\/post"}],"author":[{"embeddable":true,"href":"https:\/\/eltrabajo.cl\/portal\/wp-json\/wp\/v2\/users\/482"}],"replies":[{"embeddable":true,"href":"https:\/\/eltrabajo.cl\/portal\/wp-json\/wp\/v2\/comments?post=94651"}],"version-history":[{"count":0,"href":"https:\/\/eltrabajo.cl\/portal\/wp-json\/wp\/v2\/posts\/94651\/revisions"}],"wp:featuredmedia":[{"embeddable":true,"href":"https:\/\/eltrabajo.cl\/portal\/wp-json\/wp\/v2\/media\/94652"}],"wp:attachment":[{"href":"https:\/\/eltrabajo.cl\/portal\/wp-json\/wp\/v2\/media?parent=94651"}],"wp:term":[{"taxonomy":"category","embeddable":true,"href":"https:\/\/eltrabajo.cl\/portal\/wp-json\/wp\/v2\/categories?post=94651"},{"taxonomy":"post_tag","embeddable":true,"href":"https:\/\/eltrabajo.cl\/portal\/wp-json\/wp\/v2\/tags?post=94651"}],"curies":[{"name":"wp","href":"https:\/\/api.w.org\/{rel}","templated":true}]}}