{"id":94655,"date":"2019-10-08T05:05:22","date_gmt":"2019-10-08T08:05:22","guid":{"rendered":"http:\/\/www.eltrabajo.cl\/portal\/?p=94655"},"modified":"2019-10-07T21:01:53","modified_gmt":"2019-10-08T00:01:53","slug":"motociclista-ebrio-choca-contra-senaletica-caminera-resultando-lesionado","status":"publish","type":"post","link":"https:\/\/eltrabajo.cl\/portal\/motociclista-ebrio-choca-contra-senaletica-caminera-resultando-lesionado\/","title":{"rendered":"Motociclista ebrio choca contra se\u00f1al\u00e9tica caminera resultando lesionado"},"content":{"rendered":"<p><span style=\"color: #ff0000;\"><strong>Accidente ocurri\u00f3 la ma\u00f1ana de ayer en Tabolango:<\/strong><\/span><\/p>\n<ul>\n<li><strong>Carabineros confirm\u00f3 que el imputado circular\u00eda por la ruta con 1.2 gramos de alcohol en la sangre, siendo derivado hasta el Hospital San Camilo para ser asistido de sus lesiones.<\/strong><\/li>\n<\/ul>\n<p>Con diversas lesiones result\u00f3 un motociclista de 49 a\u00f1os de edad, quien aparentemente circulaba ebrio por la ruta hacia Tabolango, en Santa Mar\u00eda, chocando contra una se\u00f1al\u00e9tica de tr\u00e1nsito para luego volcarse a un costado de la calzada.<br \/>\nSeg\u00fan informaci\u00f3n proporcionada por Carabineros, el accidente ocurri\u00f3 la ma\u00f1ana de ayer, alrededor de las 10:30 horas, cuando el conductor de la motocicleta placa patente OU \u2013 388 circulaba por dicha ruta, perdiendo el control del m\u00f3vil para finalmente volcarse en la carretera.<br \/>\nEn esos instantes, un camionero que circulaba por el lugar observ\u00f3 al motociclista tendido en la calzada, requiriendo el auxilio del personal de Bomberos, quienes asistieron en primera instancia al lesionado para luego trasladarlo en ambulancia del Samu hasta el Hospital San Camilo de San Felipe.<br \/>\nCarabineros, al constituirse en el lugar de los hechos, adopt\u00f3 el procedimiento de rigor, confirmando que el conductor del m\u00f3vil de iniciales O.C.V., de 49 a\u00f1os de edad, fue sometido a un alcotest, arrojando como resultado 1,2 gramos de alcohol en la sangre.<br \/>\nEl imputado, tras ser asistido de sus lesiones en el Hospital San Camilo de San Felipe, por instrucci\u00f3n del Fiscal de turno fue dejado en libertad, quedando a la espera de ser citado a comparecer al Ministerio P\u00fablico por el delito de conducci\u00f3n en estado de ebriedad.<br \/>\nAsimismo Carabineros curs\u00f3 una infracci\u00f3n al imputado por no mantener la licencia clase C que permite la conducci\u00f3n de motocicletas.<br \/>\n<strong>Pablo Salinas Sald\u00edas<\/strong><\/p>\n<figure id=\"attachment_94656\" aria-describedby=\"caption-attachment-94656\" style=\"width: 580px\" class=\"wp-caption alignnone\"><img data-recalc-dims=\"1\" loading=\"lazy\" decoding=\"async\" class=\"size-full wp-image-94656\" src=\"https:\/\/i0.wp.com\/www.eltrabajo.cl\/portal\/wp-content\/uploads\/2019\/10\/MOTOCICLISTA-2.jpg?resize=580%2C360\" alt=\"Personal de Bomberos de la comuna de Santa Mar\u00eda asisti\u00f3 al motociclista a la espera de la ambulancia del Samu.\" width=\"580\" height=\"360\" srcset=\"https:\/\/i0.wp.com\/eltrabajo.cl\/portal\/wp-content\/uploads\/2019\/10\/MOTOCICLISTA-2.jpg?w=580&amp;ssl=1 580w, https:\/\/i0.wp.com\/eltrabajo.cl\/portal\/wp-content\/uploads\/2019\/10\/MOTOCICLISTA-2.jpg?resize=200%2C124&amp;ssl=1 200w, https:\/\/i0.wp.com\/eltrabajo.cl\/portal\/wp-content\/uploads\/2019\/10\/MOTOCICLISTA-2.jpg?resize=300%2C186&amp;ssl=1 300w, https:\/\/i0.wp.com\/eltrabajo.cl\/portal\/wp-content\/uploads\/2019\/10\/MOTOCICLISTA-2.jpg?resize=242%2C150&amp;ssl=1 242w, https:\/\/i0.wp.com\/eltrabajo.cl\/portal\/wp-content\/uploads\/2019\/10\/MOTOCICLISTA-2.jpg?resize=400%2C248&amp;ssl=1 400w\" sizes=\"auto, (max-width: 580px) 100vw, 580px\" \/><figcaption id=\"caption-attachment-94656\" class=\"wp-caption-text\">Personal de Bomberos de la comuna de Santa Mar\u00eda asisti\u00f3 al motociclista a la espera de la ambulancia del Samu.<\/figcaption><\/figure>\n<figure id=\"attachment_94657\" aria-describedby=\"caption-attachment-94657\" style=\"width: 580px\" class=\"wp-caption alignnone\"><img data-recalc-dims=\"1\" loading=\"lazy\" decoding=\"async\" class=\"size-full wp-image-94657\" src=\"https:\/\/i0.wp.com\/www.eltrabajo.cl\/portal\/wp-content\/uploads\/2019\/10\/MOTOCLISTA-1.jpg?resize=580%2C359\" alt=\"El accidente ocurri\u00f3 alrededor de las 10:30 horas de la ma\u00f1ana de ayer lunes en el sector de Tabolango en Santa Mar\u00eda. (Fotograf\u00edas: Emergencias Santa Mar\u00eda).\" width=\"580\" height=\"359\" srcset=\"https:\/\/i0.wp.com\/eltrabajo.cl\/portal\/wp-content\/uploads\/2019\/10\/MOTOCLISTA-1.jpg?w=580&amp;ssl=1 580w, https:\/\/i0.wp.com\/eltrabajo.cl\/portal\/wp-content\/uploads\/2019\/10\/MOTOCLISTA-1.jpg?resize=200%2C124&amp;ssl=1 200w, https:\/\/i0.wp.com\/eltrabajo.cl\/portal\/wp-content\/uploads\/2019\/10\/MOTOCLISTA-1.jpg?resize=300%2C186&amp;ssl=1 300w, https:\/\/i0.wp.com\/eltrabajo.cl\/portal\/wp-content\/uploads\/2019\/10\/MOTOCLISTA-1.jpg?resize=242%2C150&amp;ssl=1 242w, https:\/\/i0.wp.com\/eltrabajo.cl\/portal\/wp-content\/uploads\/2019\/10\/MOTOCLISTA-1.jpg?resize=400%2C248&amp;ssl=1 400w\" sizes=\"auto, (max-width: 580px) 100vw, 580px\" \/><figcaption id=\"caption-attachment-94657\" class=\"wp-caption-text\">El accidente ocurri\u00f3 alrededor de las 10:30 horas de la ma\u00f1ana de ayer lunes en el sector de Tabolango en Santa Mar\u00eda. (Fotograf\u00edas: Emergencias Santa Mar\u00eda).<\/figcaption><\/figure>\n","protected":false},"excerpt":{"rendered":"<p>Accidente ocurri\u00f3 la ma\u00f1ana de ayer en Tabolango: Carabineros confirm\u00f3 que el imputado circular\u00eda por la ruta con 1.2 gramos de alcohol en la sangre, siendo derivado hasta el Hospital San Camilo&#8230;<\/p>\n","protected":false},"author":482,"featured_media":94656,"comment_status":"open","ping_status":"open","sticky":false,"template":"","format":"standard","meta":{"advanced_seo_description":"","jetpack_seo_html_title":"","jetpack_seo_noindex":false,"_jetpack_memberships_contains_paid_content":false,"footnotes":""},"categories":[21],"tags":[],"class_list":["post-94655","post","type-post","status-publish","format-standard","has-post-thumbnail","hentry","category-policial"],"jetpack_featured_media_url":"https:\/\/i0.wp.com\/eltrabajo.cl\/portal\/wp-content\/uploads\/2019\/10\/MOTOCICLISTA-2.jpg?fit=580%2C360&ssl=1","jetpack_sharing_enabled":true,"jetpack_likes_enabled":true,"jetpack-related-posts":[],"_links":{"self":[{"href":"https:\/\/eltrabajo.cl\/portal\/wp-json\/wp\/v2\/posts\/94655","targetHints":{"allow":["GET"]}}],"collection":[{"href":"https:\/\/eltrabajo.cl\/portal\/wp-json\/wp\/v2\/posts"}],"about":[{"href":"https:\/\/eltrabajo.cl\/portal\/wp-json\/wp\/v2\/types\/post"}],"author":[{"embeddable":true,"href":"https:\/\/eltrabajo.cl\/portal\/wp-json\/wp\/v2\/users\/482"}],"replies":[{"embeddable":true,"href":"https:\/\/eltrabajo.cl\/portal\/wp-json\/wp\/v2\/comments?post=94655"}],"version-history":[{"count":0,"href":"https:\/\/eltrabajo.cl\/portal\/wp-json\/wp\/v2\/posts\/94655\/revisions"}],"wp:featuredmedia":[{"embeddable":true,"href":"https:\/\/eltrabajo.cl\/portal\/wp-json\/wp\/v2\/media\/94656"}],"wp:attachment":[{"href":"https:\/\/eltrabajo.cl\/portal\/wp-json\/wp\/v2\/media?parent=94655"}],"wp:term":[{"taxonomy":"category","embeddable":true,"href":"https:\/\/eltrabajo.cl\/portal\/wp-json\/wp\/v2\/categories?post=94655"},{"taxonomy":"post_tag","embeddable":true,"href":"https:\/\/eltrabajo.cl\/portal\/wp-json\/wp\/v2\/tags?post=94655"}],"curies":[{"name":"wp","href":"https:\/\/api.w.org\/{rel}","templated":true}]}}