{"id":94659,"date":"2019-10-08T05:06:59","date_gmt":"2019-10-08T08:06:59","guid":{"rendered":"http:\/\/www.eltrabajo.cl\/portal\/?p=94659"},"modified":"2019-10-07T21:05:34","modified_gmt":"2019-10-08T00:05:34","slug":"siete-damnificados-deja-voraz-incendio-que-consumio-tres-viviendas-en-quebrada-herrera","status":"publish","type":"post","link":"https:\/\/eltrabajo.cl\/portal\/siete-damnificados-deja-voraz-incendio-que-consumio-tres-viviendas-en-quebrada-herrera\/","title":{"rendered":"Siete damnificados deja voraz incendio que consumi\u00f3 tres viviendas en Quebrada Herrera"},"content":{"rendered":"<p><span style=\"color: #ff0000;\"><strong>Ni\u00f1os y adultos quedaron en la calle:<\/strong><\/span><\/p>\n<ul>\n<li><strong>Al lugar debieron concurrir cuatro compa\u00f1\u00edas de Bomberos de San Felipe adem\u00e1s del Cuerpo de Bomberos de Putaendo<\/strong><\/li>\n<\/ul>\n<p>Tres casas resultaron completamente destruidas por un incendio declarado a eso de las 11:00 horas de ayer lunes en el callej\u00f3n Verdejo en Quebrada Herrera, dejando a siete personas literalmente en la calle.<br \/>\nSeg\u00fan inform\u00f3 a Diario El Trabajo el Comandante de Bomberos de San Felipe, Juan Carlos Herrera Lillo, el incendio en pocos minutos se fue propagando por las estructuras de las viviendas, afectando a los inmuebles colindantes, todos ellos construidos con material ligero.<br \/>\n\u00abFueron tres viviendas de material ligero, la verdad es que para ser de este material estaban bien hechas, pero el fuego empez\u00f3 a consumir en pocos minutos las casas. Concurrieron cuatro compa\u00f1\u00edas de Bomberos de San Felipe, m\u00e1s el cuerpo de Bomberos de Putaendo, porque estaban en el l\u00edmite de las dos comunas. Dentro de 20 minutos se logr\u00f3 controlar el fuego (\u2026) los menores afortunadamente estaban a esa hora en el colegio, hay adultos igual damnificados, adultos de la tercera edad y los ni\u00f1os, son como cerca de siete personas y las p\u00e9rdidas son totales\u00bb.<br \/>\nHerrera a\u00f1adi\u00f3 que a ra\u00edz de este siniestro no se registraron personas ni voluntarios lesionados, y que las causas del origen del incendio ser\u00e1n materia de investigaci\u00f3n del Departamento T\u00e9cnico de Bomberos que elaborar\u00e1 un informe al respecto.<br \/>\n<strong>Pablo Salinas Sald\u00edas<\/strong><\/p>\n<figure id=\"attachment_94660\" aria-describedby=\"caption-attachment-94660\" style=\"width: 580px\" class=\"wp-caption alignnone\"><img data-recalc-dims=\"1\" loading=\"lazy\" decoding=\"async\" class=\"size-full wp-image-94660\" src=\"https:\/\/i0.wp.com\/www.eltrabajo.cl\/portal\/wp-content\/uploads\/2019\/10\/incendio-QH-copia-copia.jpg?resize=580%2C294\" alt=\"El fuego consumi\u00f3 en pocos minutos las viviendas, debiendo concurrir cuatro compa\u00f1\u00edas de Bomberos de San Felipe, m\u00e1s el cuerpo de Bomberos de Putaendo. (Foto Putaendo Informa).\" width=\"580\" height=\"294\" srcset=\"https:\/\/i0.wp.com\/eltrabajo.cl\/portal\/wp-content\/uploads\/2019\/10\/incendio-QH-copia-copia.jpg?w=580&amp;ssl=1 580w, https:\/\/i0.wp.com\/eltrabajo.cl\/portal\/wp-content\/uploads\/2019\/10\/incendio-QH-copia-copia.jpg?resize=200%2C101&amp;ssl=1 200w, https:\/\/i0.wp.com\/eltrabajo.cl\/portal\/wp-content\/uploads\/2019\/10\/incendio-QH-copia-copia.jpg?resize=300%2C152&amp;ssl=1 300w, https:\/\/i0.wp.com\/eltrabajo.cl\/portal\/wp-content\/uploads\/2019\/10\/incendio-QH-copia-copia.jpg?resize=296%2C150&amp;ssl=1 296w, https:\/\/i0.wp.com\/eltrabajo.cl\/portal\/wp-content\/uploads\/2019\/10\/incendio-QH-copia-copia.jpg?resize=400%2C203&amp;ssl=1 400w\" sizes=\"auto, (max-width: 580px) 100vw, 580px\" \/><figcaption id=\"caption-attachment-94660\" class=\"wp-caption-text\">El fuego consumi\u00f3 en pocos minutos las viviendas, debiendo concurrir cuatro compa\u00f1\u00edas de Bomberos de San Felipe, m\u00e1s el cuerpo de Bomberos de Putaendo. (Foto Putaendo Informa).<\/figcaption><\/figure>\n<figure id=\"attachment_94662\" aria-describedby=\"caption-attachment-94662\" style=\"width: 580px\" class=\"wp-caption alignnone\"><img data-recalc-dims=\"1\" loading=\"lazy\" decoding=\"async\" class=\"size-full wp-image-94662\" src=\"https:\/\/i0.wp.com\/www.eltrabajo.cl\/portal\/wp-content\/uploads\/2019\/10\/INCENDIO-QUEBRADA-HERRERA.jpg?resize=580%2C360\" alt=\"El incendio se declar\u00f3 alrededor de las 11:00 horas de ayer lunes en el sector Quebrada Herrera de San Felipe, afectando a tres inmuebles.\" width=\"580\" height=\"360\" srcset=\"https:\/\/i0.wp.com\/eltrabajo.cl\/portal\/wp-content\/uploads\/2019\/10\/INCENDIO-QUEBRADA-HERRERA.jpg?w=580&amp;ssl=1 580w, https:\/\/i0.wp.com\/eltrabajo.cl\/portal\/wp-content\/uploads\/2019\/10\/INCENDIO-QUEBRADA-HERRERA.jpg?resize=200%2C124&amp;ssl=1 200w, https:\/\/i0.wp.com\/eltrabajo.cl\/portal\/wp-content\/uploads\/2019\/10\/INCENDIO-QUEBRADA-HERRERA.jpg?resize=300%2C186&amp;ssl=1 300w, https:\/\/i0.wp.com\/eltrabajo.cl\/portal\/wp-content\/uploads\/2019\/10\/INCENDIO-QUEBRADA-HERRERA.jpg?resize=242%2C150&amp;ssl=1 242w, https:\/\/i0.wp.com\/eltrabajo.cl\/portal\/wp-content\/uploads\/2019\/10\/INCENDIO-QUEBRADA-HERRERA.jpg?resize=400%2C248&amp;ssl=1 400w\" sizes=\"auto, (max-width: 580px) 100vw, 580px\" \/><figcaption id=\"caption-attachment-94662\" class=\"wp-caption-text\">El incendio se declar\u00f3 alrededor de las 11:00 horas de ayer lunes en el sector Quebrada Herrera de San Felipe, afectando a tres inmuebles.<\/figcaption><\/figure>\n","protected":false},"excerpt":{"rendered":"<p>Ni\u00f1os y adultos quedaron en la calle: Al lugar debieron concurrir cuatro compa\u00f1\u00edas de Bomberos de San Felipe adem\u00e1s del Cuerpo de Bomberos de Putaendo Tres casas resultaron completamente destruidas por un&#8230;<\/p>\n","protected":false},"author":482,"featured_media":94661,"comment_status":"open","ping_status":"open","sticky":false,"template":"","format":"standard","meta":{"advanced_seo_description":"","jetpack_seo_html_title":"","jetpack_seo_noindex":false,"_jetpack_memberships_contains_paid_content":false,"footnotes":""},"categories":[21],"tags":[],"class_list":["post-94659","post","type-post","status-publish","format-standard","has-post-thumbnail","hentry","category-policial"],"jetpack_featured_media_url":"https:\/\/i0.wp.com\/eltrabajo.cl\/portal\/wp-content\/uploads\/2019\/10\/incendio-QH-copia.jpg?fit=580%2C360&ssl=1","jetpack_sharing_enabled":true,"jetpack_likes_enabled":true,"jetpack-related-posts":[],"_links":{"self":[{"href":"https:\/\/eltrabajo.cl\/portal\/wp-json\/wp\/v2\/posts\/94659","targetHints":{"allow":["GET"]}}],"collection":[{"href":"https:\/\/eltrabajo.cl\/portal\/wp-json\/wp\/v2\/posts"}],"about":[{"href":"https:\/\/eltrabajo.cl\/portal\/wp-json\/wp\/v2\/types\/post"}],"author":[{"embeddable":true,"href":"https:\/\/eltrabajo.cl\/portal\/wp-json\/wp\/v2\/users\/482"}],"replies":[{"embeddable":true,"href":"https:\/\/eltrabajo.cl\/portal\/wp-json\/wp\/v2\/comments?post=94659"}],"version-history":[{"count":0,"href":"https:\/\/eltrabajo.cl\/portal\/wp-json\/wp\/v2\/posts\/94659\/revisions"}],"wp:featuredmedia":[{"embeddable":true,"href":"https:\/\/eltrabajo.cl\/portal\/wp-json\/wp\/v2\/media\/94661"}],"wp:attachment":[{"href":"https:\/\/eltrabajo.cl\/portal\/wp-json\/wp\/v2\/media?parent=94659"}],"wp:term":[{"taxonomy":"category","embeddable":true,"href":"https:\/\/eltrabajo.cl\/portal\/wp-json\/wp\/v2\/categories?post=94659"},{"taxonomy":"post_tag","embeddable":true,"href":"https:\/\/eltrabajo.cl\/portal\/wp-json\/wp\/v2\/tags?post=94659"}],"curies":[{"name":"wp","href":"https:\/\/api.w.org\/{rel}","templated":true}]}}