{"id":94665,"date":"2019-10-09T05:00:11","date_gmt":"2019-10-09T08:00:11","guid":{"rendered":"http:\/\/www.eltrabajo.cl\/portal\/?p=94665"},"modified":"2019-10-08T20:38:37","modified_gmt":"2019-10-08T23:38:37","slug":"comunidad-mas-viva-que-nunca-fiesta-de-san-francisco-e-iniciativas-artisticas-se-viven-en-curimon","status":"publish","type":"post","link":"https:\/\/eltrabajo.cl\/portal\/comunidad-mas-viva-que-nunca-fiesta-de-san-francisco-e-iniciativas-artisticas-se-viven-en-curimon\/","title":{"rendered":"Comunidad m\u00e1s viva que nunca: Fiesta de San Francisco e iniciativas art\u00edsticas se viven en Curim\u00f3n"},"content":{"rendered":"<p>El pasado fin de semana fue muy especial para los vecinos de Curim\u00f3n, esto porque a pesar de que su iglesia y Monumento Nacional est\u00e1 cerrada producto de los da\u00f1os sufridos con el terremoto del 2010, los curimoninos se congregaron en su frontis, como cada 4 de octubre, para iniciar la procesi\u00f3n hasta la cima del cerro San Francisco, donde se encuentra el santuario del Santo Patrono.<br \/>\nSon varias las iniciativas que se vienen desarrollando ene se hist\u00f3rico sector de nuestra comuna, entre ellas el crear imponentes letras gigantes con la palabra \u2018Curim\u00f3n\u2019, elaboradas por el artesano Juan Gonz\u00e1lez, proyecto hecho con cachureos met\u00e1licos aportados por los vecinos.<\/p>\n<p><span style=\"color: #ff0000;\"><strong>TRADICI\u00d3N RELIGIOSA<\/strong><\/span><br \/>\nTambi\u00e9n estos vecinos celebraron la Fiesta de San Francisco, tradicional celebraci\u00f3n religiosa que se realiza cada 3 y 4 de octubre, desde hace ya m\u00e1s de 100 a\u00f1os.<br \/>\nLa jornada se inici\u00f3 la noche del jueves 3, oportunidad en que se finaliz\u00f3 la Novena con una farolada. La jornada siguiente se inicio a las 7:00 de la ma\u00f1ana con la Misa de los trabajadores, para luego ascender al cerro para la bendici\u00f3n de los animales (donde llevan desde tortugas hasta caballos), en la cima del cerro San Francisco, la que fue seguida de una Misa solemne en el sal\u00f3n parroquial, espacio recientemente habilitado por la comunidad en el Convento.<br \/>\nDe manera paralela, se realizaron recorridos guiados por los jardines y pasillos del convento, los que se ubican junto a la hist\u00f3rica iglesia de Curim\u00f3n construida a principios del siglo XVIII -Monumento Nacional desde 1971-, s\u00edmbolo de la localidad.<br \/>\nDurante la tarde, nuevamente la comunidad se reuni\u00f3, como es tradici\u00f3n, en el frontis de la iglesia, oportunidad en la que se realiz\u00f3 un hermoso pie de cueca como ofrenda al santo. Posteriormente, se dio inicio a la tradicional procesi\u00f3n en la que cientos de curimoninos, junto a personas de localidades cercanas como Tierras Blancas, Bucalemu, entre otras, y devotos del santo patrono, acompa\u00f1aron a su imagen hasta la c\u00faspide del cerro, donde se llev\u00f3 a cabo la liturgia, para luego finalizar en el templo, donde decenas de jinetes a caballo rindieron un sentido saludo al santo.<\/p>\n<p><span style=\"color: #ff0000;\"><strong>SER\u00c1 RESTAURADA<\/strong><\/span><br \/>\nPilar Galilea Lepe, presidenta del directorio de Fundaci\u00f3n Lepe, quienes a trav\u00e9s de su programa Vivo Curim\u00f3n busca fortalecer la identidad local, potenciando su patrimonio cultural y natural, se\u00f1al\u00f3 que \u00abnos emociona ver como ellos han creado un espacio de devoci\u00f3n y de encuentro para todas las generaciones, que se unen transversalmente en torno a su santo patrono -el santo de la naturaleza- y comparten un sentido de comuni\u00f3n, respeto e integraci\u00f3n con nuestro planeta y todos los seres vivos, que es lo que hoy necesitamos m\u00e1s que nunca\u00bb, dijo Lepe.<br \/>\nEn la oportunidad, y como parte del proyecto La Ruta de San Francisco\u2019, que ha estado ejecutando este a\u00f1o, Fundaci\u00f3n Lepe ofreci\u00f3 a Fundaci\u00f3n Franciscana de Curim\u00f3n, donar la restauraci\u00f3n de la imagen de San Francisco, como una manera de contribuir a salvaguardar su patrimonio.<br \/>\n\u00abQueremos asegurar que la tradici\u00f3n anual de llevar al santo en andas hasta la cumbre del cerro se mantenga viva y que se haga de manera segura, reparando y evitando m\u00e1s da\u00f1os en una pieza que data de 1733. Una de las m\u00e1s valiosas de la colecci\u00f3n del Museo Colonial de Curim\u00f3n y, sin duda, la con mayor valor simb\u00f3lico para la comunidad\u00bb, explic\u00f3 Pilar Galilea.<br \/>\nFundaci\u00f3n Lepe busca fomentar el desarrollo comunitario sostenible en Chile, mediante iniciativas que promuevan la colaboraci\u00f3n, fortalezcan el tejido social y potencien la identidad de cada comunidad. A trav\u00e9s de un trabajo sostenido, la fundaci\u00f3n busca poder potenciar redes y articular espacios de desarrollo en el valle del Aconcagua.<\/p>\n<p><span style=\"color: #ff0000;\"><strong>SINGULAR ARTESANO<\/strong><\/span><br \/>\nDiario El Trabajo tambi\u00e9n habl\u00f3 con el artesano Juan Gonz\u00e1lez Ponce, creador de las letras tur\u00edsticas ya instaladas frente a la iglesia del pueblo, \u00abya son cuatro a\u00f1os meti\u00e9ndole empe\u00f1o a este oficio, yo era minero y sufr\u00ed un accidente, por eso me reinvent\u00e9, en el caso puntual de estas letras, me llev\u00f3 15 d\u00edas recogiendo cachureos con los vecinos, hasta a Santa Mar\u00eda fui para conseguir algunas piezas, finalmente logr\u00e9 elaborar la obra, estas letras dan la bienvenida a los turistas y visitantes locales de nuestro pueblo, ojala que los vecinos las cuiden\u00bb, dijo Gonz\u00e1lez.<\/p>\n<figure id=\"attachment_94666\" aria-describedby=\"caption-attachment-94666\" style=\"width: 580px\" class=\"wp-caption alignnone\"><img data-recalc-dims=\"1\" loading=\"lazy\" decoding=\"async\" class=\"size-full wp-image-94666\" src=\"https:\/\/i0.wp.com\/www.eltrabajo.cl\/portal\/wp-content\/uploads\/2019\/10\/Curimon4.jpg?resize=580%2C359\" alt=\"VIVO CURIM\u00d3N.- La cueca no pudo faltar en este espectacular escenario, al fondo vemos el majestuoso pero tristemente c\u00e9lebre templo cat\u00f3lico.\" width=\"580\" height=\"359\" srcset=\"https:\/\/i0.wp.com\/eltrabajo.cl\/portal\/wp-content\/uploads\/2019\/10\/Curimon4.jpg?w=580&amp;ssl=1 580w, https:\/\/i0.wp.com\/eltrabajo.cl\/portal\/wp-content\/uploads\/2019\/10\/Curimon4.jpg?resize=200%2C124&amp;ssl=1 200w, https:\/\/i0.wp.com\/eltrabajo.cl\/portal\/wp-content\/uploads\/2019\/10\/Curimon4.jpg?resize=300%2C186&amp;ssl=1 300w, https:\/\/i0.wp.com\/eltrabajo.cl\/portal\/wp-content\/uploads\/2019\/10\/Curimon4.jpg?resize=242%2C150&amp;ssl=1 242w, https:\/\/i0.wp.com\/eltrabajo.cl\/portal\/wp-content\/uploads\/2019\/10\/Curimon4.jpg?resize=400%2C248&amp;ssl=1 400w\" sizes=\"auto, (max-width: 580px) 100vw, 580px\" \/><figcaption id=\"caption-attachment-94666\" class=\"wp-caption-text\">VIVO CURIM\u00d3N.- La cueca no pudo faltar en este espectacular escenario, al fondo vemos el majestuoso pero tristemente c\u00e9lebre templo cat\u00f3lico.<\/figcaption><\/figure>\n<figure id=\"attachment_94671\" aria-describedby=\"caption-attachment-94671\" style=\"width: 580px\" class=\"wp-caption alignnone\"><img data-recalc-dims=\"1\" loading=\"lazy\" decoding=\"async\" class=\"size-full wp-image-94671\" src=\"https:\/\/i0.wp.com\/www.eltrabajo.cl\/portal\/wp-content\/uploads\/2019\/10\/Curimon3.jpg?resize=580%2C360\" alt=\"Las autoridades lideradas por el alcalde Patricio Freire hicieron el tradicional corte de cinta, de las letras creadas por Juan Gonz\u00e1lez.\" width=\"580\" height=\"360\" srcset=\"https:\/\/i0.wp.com\/eltrabajo.cl\/portal\/wp-content\/uploads\/2019\/10\/Curimon3.jpg?w=580&amp;ssl=1 580w, https:\/\/i0.wp.com\/eltrabajo.cl\/portal\/wp-content\/uploads\/2019\/10\/Curimon3.jpg?resize=200%2C124&amp;ssl=1 200w, https:\/\/i0.wp.com\/eltrabajo.cl\/portal\/wp-content\/uploads\/2019\/10\/Curimon3.jpg?resize=300%2C186&amp;ssl=1 300w, https:\/\/i0.wp.com\/eltrabajo.cl\/portal\/wp-content\/uploads\/2019\/10\/Curimon3.jpg?resize=242%2C150&amp;ssl=1 242w, https:\/\/i0.wp.com\/eltrabajo.cl\/portal\/wp-content\/uploads\/2019\/10\/Curimon3.jpg?resize=400%2C248&amp;ssl=1 400w\" sizes=\"auto, (max-width: 580px) 100vw, 580px\" \/><figcaption id=\"caption-attachment-94671\" class=\"wp-caption-text\">Las autoridades lideradas por el alcalde Patricio Freire hicieron el tradicional corte de cinta, de las letras creadas por Juan Gonz\u00e1lez.<\/figcaption><\/figure>\n<figure id=\"attachment_94669\" aria-describedby=\"caption-attachment-94669\" style=\"width: 580px\" class=\"wp-caption alignnone\"><img data-recalc-dims=\"1\" loading=\"lazy\" decoding=\"async\" class=\"size-full wp-image-94669\" src=\"https:\/\/i0.wp.com\/www.eltrabajo.cl\/portal\/wp-content\/uploads\/2019\/10\/Curimon1.jpg?resize=580%2C358\" alt=\"LETRAS EMBLEM\u00c1TICAS.- Aqu\u00ed vemos las letras tur\u00edsticas que invitan a descubrir los tesoros locales existentes en Curim\u00f3n.\" width=\"580\" height=\"358\" srcset=\"https:\/\/i0.wp.com\/eltrabajo.cl\/portal\/wp-content\/uploads\/2019\/10\/Curimon1.jpg?w=580&amp;ssl=1 580w, https:\/\/i0.wp.com\/eltrabajo.cl\/portal\/wp-content\/uploads\/2019\/10\/Curimon1.jpg?resize=200%2C123&amp;ssl=1 200w, https:\/\/i0.wp.com\/eltrabajo.cl\/portal\/wp-content\/uploads\/2019\/10\/Curimon1.jpg?resize=300%2C185&amp;ssl=1 300w, https:\/\/i0.wp.com\/eltrabajo.cl\/portal\/wp-content\/uploads\/2019\/10\/Curimon1.jpg?resize=243%2C150&amp;ssl=1 243w, https:\/\/i0.wp.com\/eltrabajo.cl\/portal\/wp-content\/uploads\/2019\/10\/Curimon1.jpg?resize=400%2C247&amp;ssl=1 400w\" sizes=\"auto, (max-width: 580px) 100vw, 580px\" \/><figcaption id=\"caption-attachment-94669\" class=\"wp-caption-text\">LETRAS EMBLEM\u00c1TICAS.- Aqu\u00ed vemos las letras tur\u00edsticas que invitan a descubrir los tesoros locales existentes en Curim\u00f3n.<\/figcaption><\/figure>\n<figure id=\"attachment_94670\" aria-describedby=\"caption-attachment-94670\" style=\"width: 580px\" class=\"wp-caption alignnone\"><img data-recalc-dims=\"1\" loading=\"lazy\" decoding=\"async\" class=\"size-full wp-image-94670\" src=\"https:\/\/i0.wp.com\/www.eltrabajo.cl\/portal\/wp-content\/uploads\/2019\/10\/Curimon2.jpg?resize=580%2C360\" alt=\"BENDICI\u00d3N DE ANIMALES.- Estos ni\u00f1os llevaron sus mascotas a lo alto del cerro para que fueran bendecidas.\" width=\"580\" height=\"360\" srcset=\"https:\/\/i0.wp.com\/eltrabajo.cl\/portal\/wp-content\/uploads\/2019\/10\/Curimon2.jpg?w=580&amp;ssl=1 580w, https:\/\/i0.wp.com\/eltrabajo.cl\/portal\/wp-content\/uploads\/2019\/10\/Curimon2.jpg?resize=200%2C124&amp;ssl=1 200w, https:\/\/i0.wp.com\/eltrabajo.cl\/portal\/wp-content\/uploads\/2019\/10\/Curimon2.jpg?resize=300%2C186&amp;ssl=1 300w, https:\/\/i0.wp.com\/eltrabajo.cl\/portal\/wp-content\/uploads\/2019\/10\/Curimon2.jpg?resize=242%2C150&amp;ssl=1 242w, https:\/\/i0.wp.com\/eltrabajo.cl\/portal\/wp-content\/uploads\/2019\/10\/Curimon2.jpg?resize=400%2C248&amp;ssl=1 400w\" sizes=\"auto, (max-width: 580px) 100vw, 580px\" \/><figcaption id=\"caption-attachment-94670\" class=\"wp-caption-text\">BENDICI\u00d3N DE ANIMALES.- Estos ni\u00f1os llevaron sus mascotas a lo alto del cerro para que fueran bendecidas.<\/figcaption><\/figure>\n<figure id=\"attachment_94668\" aria-describedby=\"caption-attachment-94668\" style=\"width: 580px\" class=\"wp-caption alignnone\"><img data-recalc-dims=\"1\" loading=\"lazy\" decoding=\"async\" class=\"size-full wp-image-94668\" src=\"https:\/\/i0.wp.com\/www.eltrabajo.cl\/portal\/wp-content\/uploads\/2019\/10\/Curimon_Pilar-Galilea-Lepe.jpg?resize=580%2C600\" alt=\"Pilar Galilea Lepe, presidenta del directorio de Fundaci\u00f3n Lepe.\" width=\"580\" height=\"600\" srcset=\"https:\/\/i0.wp.com\/eltrabajo.cl\/portal\/wp-content\/uploads\/2019\/10\/Curimon_Pilar-Galilea-Lepe.jpg?w=580&amp;ssl=1 580w, https:\/\/i0.wp.com\/eltrabajo.cl\/portal\/wp-content\/uploads\/2019\/10\/Curimon_Pilar-Galilea-Lepe.jpg?resize=145%2C150&amp;ssl=1 145w, https:\/\/i0.wp.com\/eltrabajo.cl\/portal\/wp-content\/uploads\/2019\/10\/Curimon_Pilar-Galilea-Lepe.jpg?resize=290%2C300&amp;ssl=1 290w, https:\/\/i0.wp.com\/eltrabajo.cl\/portal\/wp-content\/uploads\/2019\/10\/Curimon_Pilar-Galilea-Lepe.jpg?resize=400%2C414&amp;ssl=1 400w\" sizes=\"auto, (max-width: 580px) 100vw, 580px\" \/><figcaption id=\"caption-attachment-94668\" class=\"wp-caption-text\">Pilar Galilea Lepe, presidenta del directorio de Fundaci\u00f3n Lepe.<\/figcaption><\/figure>\n<figure id=\"attachment_94667\" aria-describedby=\"caption-attachment-94667\" style=\"width: 579px\" class=\"wp-caption alignnone\"><img data-recalc-dims=\"1\" loading=\"lazy\" decoding=\"async\" class=\"size-full wp-image-94667\" src=\"https:\/\/i0.wp.com\/www.eltrabajo.cl\/portal\/wp-content\/uploads\/2019\/10\/Curimon_Juan-Gonzalez.jpg?resize=579%2C600\" alt=\"Juan Gonz\u00e1lez Ponce, artesano en fierro.\" width=\"579\" height=\"600\" srcset=\"https:\/\/i0.wp.com\/eltrabajo.cl\/portal\/wp-content\/uploads\/2019\/10\/Curimon_Juan-Gonzalez.jpg?w=579&amp;ssl=1 579w, https:\/\/i0.wp.com\/eltrabajo.cl\/portal\/wp-content\/uploads\/2019\/10\/Curimon_Juan-Gonzalez.jpg?resize=145%2C150&amp;ssl=1 145w, https:\/\/i0.wp.com\/eltrabajo.cl\/portal\/wp-content\/uploads\/2019\/10\/Curimon_Juan-Gonzalez.jpg?resize=290%2C300&amp;ssl=1 290w, https:\/\/i0.wp.com\/eltrabajo.cl\/portal\/wp-content\/uploads\/2019\/10\/Curimon_Juan-Gonzalez.jpg?resize=400%2C415&amp;ssl=1 400w\" sizes=\"auto, (max-width: 579px) 100vw, 579px\" \/><figcaption id=\"caption-attachment-94667\" class=\"wp-caption-text\">Juan Gonz\u00e1lez Ponce, artesano en fierro.<\/figcaption><\/figure>\n","protected":false},"excerpt":{"rendered":"<p>El pasado fin de semana fue muy especial para los vecinos de Curim\u00f3n, esto porque a pesar de que su iglesia y Monumento Nacional est\u00e1 cerrada producto de los da\u00f1os sufridos con&#8230;<\/p>\n","protected":false},"author":482,"featured_media":94670,"comment_status":"open","ping_status":"open","sticky":false,"template":"","format":"standard","meta":{"advanced_seo_description":"","jetpack_seo_html_title":"","jetpack_seo_noindex":false,"_jetpack_memberships_contains_paid_content":false,"footnotes":""},"categories":[15],"tags":[],"class_list":["post-94665","post","type-post","status-publish","format-standard","has-post-thumbnail","hentry","category-comunidad"],"jetpack_featured_media_url":"https:\/\/i0.wp.com\/eltrabajo.cl\/portal\/wp-content\/uploads\/2019\/10\/Curimon2.jpg?fit=580%2C360&ssl=1","jetpack_sharing_enabled":true,"jetpack_likes_enabled":true,"jetpack-related-posts":[],"_links":{"self":[{"href":"https:\/\/eltrabajo.cl\/portal\/wp-json\/wp\/v2\/posts\/94665","targetHints":{"allow":["GET"]}}],"collection":[{"href":"https:\/\/eltrabajo.cl\/portal\/wp-json\/wp\/v2\/posts"}],"about":[{"href":"https:\/\/eltrabajo.cl\/portal\/wp-json\/wp\/v2\/types\/post"}],"author":[{"embeddable":true,"href":"https:\/\/eltrabajo.cl\/portal\/wp-json\/wp\/v2\/users\/482"}],"replies":[{"embeddable":true,"href":"https:\/\/eltrabajo.cl\/portal\/wp-json\/wp\/v2\/comments?post=94665"}],"version-history":[{"count":0,"href":"https:\/\/eltrabajo.cl\/portal\/wp-json\/wp\/v2\/posts\/94665\/revisions"}],"wp:featuredmedia":[{"embeddable":true,"href":"https:\/\/eltrabajo.cl\/portal\/wp-json\/wp\/v2\/media\/94670"}],"wp:attachment":[{"href":"https:\/\/eltrabajo.cl\/portal\/wp-json\/wp\/v2\/media?parent=94665"}],"wp:term":[{"taxonomy":"category","embeddable":true,"href":"https:\/\/eltrabajo.cl\/portal\/wp-json\/wp\/v2\/categories?post=94665"},{"taxonomy":"post_tag","embeddable":true,"href":"https:\/\/eltrabajo.cl\/portal\/wp-json\/wp\/v2\/tags?post=94665"}],"curies":[{"name":"wp","href":"https:\/\/api.w.org\/{rel}","templated":true}]}}