{"id":94673,"date":"2019-10-09T05:01:41","date_gmt":"2019-10-09T08:01:41","guid":{"rendered":"http:\/\/www.eltrabajo.cl\/portal\/?p=94673"},"modified":"2019-10-08T20:40:42","modified_gmt":"2019-10-08T23:40:42","slug":"cientificos-escolares-se-toman-hoy-el-centro-con-iii-feria-cientifica-comunal-2019","status":"publish","type":"post","link":"https:\/\/eltrabajo.cl\/portal\/cientificos-escolares-se-toman-hoy-el-centro-con-iii-feria-cientifica-comunal-2019\/","title":{"rendered":"\u2018Cient\u00edficos\u2019 escolares se toman hoy el centro con III Feria Cient\u00edfica comunal 2019"},"content":{"rendered":"<p>Grande ser\u00e1n las experiencias que cientos de escolares vivir\u00e1n hoy mi\u00e9rcoles 9 de octubre desde las 10:00 a las 13:00 horas en la Plaza de Armas de San Felipe, cuando se inaugure la III Feria Cient\u00edfica comunal 2019. Esta es una iniciativa desarrollada por la Escuela San Rafael y coordinada por los profesores Ariel Gonz\u00e1lez y Karoline Cruz.<\/p>\n<p><span style=\"color: #ff0000;\"><strong>CREAN INSECTICIDA<\/strong><\/span><br \/>\nDiario El Trabajo habl\u00f3 ayer martes con Karoline Cruz Contreras, profesora de Ciencias: \u00abEste a\u00f1o nuestra feria cient\u00edfica se desarrolla en San Felipe centro, estoy hablando de 15 colegios de la comuna los que participan, cada uno con una propuesta distinta y desarrollada por sus estudiantes; cada experimento tiene diferente complejidad, dependiendo de la edad del curso que la hizo, todos los proyectos est\u00e1n enfocados en el cuidado medioambiental. En el caso de nuestra escuela, lo que hicimos fue producir un insecticida a base de colillas de cigarros, usamos cientos de ellas para crear este proyecto, hubo que hervirlas en agua y procesarlas hasta lograr un producto que no mata a los insectos, s\u00f3lo las repele\u00bb, coment\u00f3 la profesional.<\/p>\n<p><span style=\"color: #ff0000;\"><strong>PEQUE\u00d1OS CIENT\u00cdFICOS<\/strong><\/span><br \/>\n\u00abEsta es la gran oportunidad para que cada establecimiento educacional de nuestra provincia participe con su mejor experimento cient\u00edfico, no importa la complejidad del mismo, lo importante es participar. Este a\u00f1o nos abrimos m\u00e1s a la participaci\u00f3n en esta feria, est\u00e1n participando colegios municipalizados, particulares y particulares subvencionados. Cada colegio est\u00e1 presentando no s\u00f3lo un experimento, algunos traen varios, tambi\u00e9n para la feria comunal de este a\u00f1o los peque\u00f1itos de preb\u00e1sica est\u00e1n participando, en este caso lo hacen Burbujitas de Colores de Villa La Estancia, Cuncunitas de San Felipe y Conejitos Saltarines, no hay edad l\u00edmite este a\u00f1o. Importante se\u00f1alar que habr\u00e1 premios para los mejores experimentos de la feria cient\u00edfica, anteriormente se dieron cursos de Rob\u00f3tica como premios, este a\u00f1o estamos valorando ampliar las premiaciones\u00bb, coment\u00f3 el organizador de esta feria y profesor de la Escuela San Rafael, Ariel Gonz\u00e1lez Landabur.<br \/>\nEste tipo de actividades corresponden al Plan de Mejoramiento Escolar del establecimiento, y el lema de la feria este a\u00f1o es: \u2018La Curiosidad es Patrimonio de todos\u2019. Esta escuela cuenta con una matr\u00edcula de 42 alumnos y, aunque es peque\u00f1a, es una de las que m\u00e1s iniciativas visibles desarrollan durante el a\u00f1o.<\/p>\n<p><span style=\"color: #ff0000;\"><strong>ESCUELAS EN ESCENA<\/strong><\/span><br \/>\nLas escuelas y jardines infantiles que participan este a\u00f1o son: Escuela Jos\u00e9 Bernardo Su\u00e1rez; Escuela Bernardo O\u2019Higgins con su proyecto \u2018Casa sustentable, una ayuda para el planeta\u2019; Escuela Jos\u00e9 Manso De Velasco con su iniciativa \u2018Mi peque\u00f1a huerta medicinal\u2019; Jard\u00edn Conejitos Saltarines con su \u2018Laberinto latapial\u2019; Escuela John F. Kennedy y su montaje \u2018Sol es vida\u2019; Liceo Dr. Roberto Humeres con \u2018Energ\u00edas Renovables no convencionales\u2019; Jard\u00edn Burbujitas de colores y su trabajo \u2018Peque\u00f1os cient\u00edficos\u2019; la Escuela 21 de Mayo presentar\u00e1 su proyecto \u2018Electricidad hidr\u00e1ulica\u2019; Escuela Buen Pastor desarrolla su tem\u00e1tica \u2018Por un mundo mejor\u2019; Escuela Especial Sagrado Coraz\u00f3n se instala con su iniciativa \u2018Deshidratador de hierbas medicinales y culinarias\u2019; el Liceo Corina Urbina estar\u00e1 presentando sus \u2018Relojes solares\u2019; la Escuela Heriberto Berm\u00fadez nos ofrece \u2018Planta tus sue\u00f1os, cultiva la vida que amas\u2019. Estar\u00e1n tambi\u00e9n con sus propios proyectos las escuelas Bucalemu; Rep\u00fablica Argentina; San Rafael como anfitriona, y la Escuela Asunta Pallota con su proyecto \u2018Ecociencia\u2019.<br \/>\n<strong>Roberto Gonz\u00e1lez Short<\/strong><\/p>\n<figure id=\"attachment_94674\" aria-describedby=\"caption-attachment-94674\" style=\"width: 580px\" class=\"wp-caption alignnone\"><img data-recalc-dims=\"1\" loading=\"lazy\" decoding=\"async\" class=\"size-full wp-image-94674\" src=\"https:\/\/i0.wp.com\/www.eltrabajo.cl\/portal\/wp-content\/uploads\/2019\/10\/Cientifica1.jpg?resize=580%2C359\" alt=\"LOS ANFITRIONES.- Estos peque\u00f1itos son los anfitriones de la III Feria Cient\u00edfica Comunal 2019, que desarrolla su Escuela San Rafael en el centro de nuestra comuna.\" width=\"580\" height=\"359\" srcset=\"https:\/\/i0.wp.com\/eltrabajo.cl\/portal\/wp-content\/uploads\/2019\/10\/Cientifica1.jpg?w=580&amp;ssl=1 580w, https:\/\/i0.wp.com\/eltrabajo.cl\/portal\/wp-content\/uploads\/2019\/10\/Cientifica1.jpg?resize=200%2C124&amp;ssl=1 200w, https:\/\/i0.wp.com\/eltrabajo.cl\/portal\/wp-content\/uploads\/2019\/10\/Cientifica1.jpg?resize=300%2C186&amp;ssl=1 300w, https:\/\/i0.wp.com\/eltrabajo.cl\/portal\/wp-content\/uploads\/2019\/10\/Cientifica1.jpg?resize=242%2C150&amp;ssl=1 242w, https:\/\/i0.wp.com\/eltrabajo.cl\/portal\/wp-content\/uploads\/2019\/10\/Cientifica1.jpg?resize=400%2C248&amp;ssl=1 400w\" sizes=\"auto, (max-width: 580px) 100vw, 580px\" \/><figcaption id=\"caption-attachment-94674\" class=\"wp-caption-text\">LOS ANFITRIONES.- Estos peque\u00f1itos son los anfitriones de la III Feria Cient\u00edfica Comunal 2019, que desarrolla su Escuela San Rafael en el centro de nuestra comuna.<\/figcaption><\/figure>\n<figure id=\"attachment_94676\" aria-describedby=\"caption-attachment-94676\" style=\"width: 580px\" class=\"wp-caption alignnone\"><img data-recalc-dims=\"1\" loading=\"lazy\" decoding=\"async\" class=\"size-full wp-image-94676\" src=\"https:\/\/i0.wp.com\/www.eltrabajo.cl\/portal\/wp-content\/uploads\/2019\/10\/Cientifica_3.jpg?resize=580%2C359\" alt=\"ELLOS AL FRENTE.- Ariel Gonz\u00e1lez Landabur y la profesora de ciencias Karoline Cruz Contreras, organizadores de la feria.\" width=\"580\" height=\"359\" srcset=\"https:\/\/i0.wp.com\/eltrabajo.cl\/portal\/wp-content\/uploads\/2019\/10\/Cientifica_3.jpg?w=580&amp;ssl=1 580w, https:\/\/i0.wp.com\/eltrabajo.cl\/portal\/wp-content\/uploads\/2019\/10\/Cientifica_3.jpg?resize=200%2C124&amp;ssl=1 200w, https:\/\/i0.wp.com\/eltrabajo.cl\/portal\/wp-content\/uploads\/2019\/10\/Cientifica_3.jpg?resize=300%2C186&amp;ssl=1 300w, https:\/\/i0.wp.com\/eltrabajo.cl\/portal\/wp-content\/uploads\/2019\/10\/Cientifica_3.jpg?resize=242%2C150&amp;ssl=1 242w, https:\/\/i0.wp.com\/eltrabajo.cl\/portal\/wp-content\/uploads\/2019\/10\/Cientifica_3.jpg?resize=400%2C248&amp;ssl=1 400w\" sizes=\"auto, (max-width: 580px) 100vw, 580px\" \/><figcaption id=\"caption-attachment-94676\" class=\"wp-caption-text\">ELLOS AL FRENTE.- Ariel Gonz\u00e1lez Landabur y la profesora de ciencias Karoline Cruz Contreras, organizadores de la feria.<\/figcaption><\/figure>\n<figure id=\"attachment_94675\" aria-describedby=\"caption-attachment-94675\" style=\"width: 580px\" class=\"wp-caption alignnone\"><img data-recalc-dims=\"1\" loading=\"lazy\" decoding=\"async\" class=\"size-full wp-image-94675\" src=\"https:\/\/i0.wp.com\/www.eltrabajo.cl\/portal\/wp-content\/uploads\/2019\/10\/Cientifica2.jpg?resize=580%2C798\" alt=\"ORIGINAL INVENTO.- Este es el repelente de insectos que fabricaron los estudiantes de la Escuela San Rafael, tomando como base las colillas de cigarro.\" width=\"580\" height=\"798\" srcset=\"https:\/\/i0.wp.com\/eltrabajo.cl\/portal\/wp-content\/uploads\/2019\/10\/Cientifica2.jpg?w=580&amp;ssl=1 580w, https:\/\/i0.wp.com\/eltrabajo.cl\/portal\/wp-content\/uploads\/2019\/10\/Cientifica2.jpg?resize=109%2C150&amp;ssl=1 109w, https:\/\/i0.wp.com\/eltrabajo.cl\/portal\/wp-content\/uploads\/2019\/10\/Cientifica2.jpg?resize=218%2C300&amp;ssl=1 218w, https:\/\/i0.wp.com\/eltrabajo.cl\/portal\/wp-content\/uploads\/2019\/10\/Cientifica2.jpg?resize=400%2C550&amp;ssl=1 400w\" sizes=\"auto, (max-width: 580px) 100vw, 580px\" \/><figcaption id=\"caption-attachment-94675\" class=\"wp-caption-text\">ORIGINAL INVENTO.- Este es el repelente de insectos que fabricaron los estudiantes de la Escuela San Rafael, tomando como base las colillas de cigarro.<\/figcaption><\/figure>\n","protected":false},"excerpt":{"rendered":"<p>Grande ser\u00e1n las experiencias que cientos de escolares vivir\u00e1n hoy mi\u00e9rcoles 9 de octubre desde las 10:00 a las 13:00 horas en la Plaza de Armas de San Felipe, cuando se inaugure&#8230;<\/p>\n","protected":false},"author":482,"featured_media":94674,"comment_status":"open","ping_status":"open","sticky":false,"template":"","format":"standard","meta":{"advanced_seo_description":"","jetpack_seo_html_title":"","jetpack_seo_noindex":false,"_jetpack_memberships_contains_paid_content":false,"footnotes":""},"categories":[15],"tags":[],"class_list":["post-94673","post","type-post","status-publish","format-standard","has-post-thumbnail","hentry","category-comunidad"],"jetpack_featured_media_url":"https:\/\/i0.wp.com\/eltrabajo.cl\/portal\/wp-content\/uploads\/2019\/10\/Cientifica1.jpg?fit=580%2C359&ssl=1","jetpack_sharing_enabled":true,"jetpack_likes_enabled":true,"jetpack-related-posts":[],"_links":{"self":[{"href":"https:\/\/eltrabajo.cl\/portal\/wp-json\/wp\/v2\/posts\/94673","targetHints":{"allow":["GET"]}}],"collection":[{"href":"https:\/\/eltrabajo.cl\/portal\/wp-json\/wp\/v2\/posts"}],"about":[{"href":"https:\/\/eltrabajo.cl\/portal\/wp-json\/wp\/v2\/types\/post"}],"author":[{"embeddable":true,"href":"https:\/\/eltrabajo.cl\/portal\/wp-json\/wp\/v2\/users\/482"}],"replies":[{"embeddable":true,"href":"https:\/\/eltrabajo.cl\/portal\/wp-json\/wp\/v2\/comments?post=94673"}],"version-history":[{"count":0,"href":"https:\/\/eltrabajo.cl\/portal\/wp-json\/wp\/v2\/posts\/94673\/revisions"}],"wp:featuredmedia":[{"embeddable":true,"href":"https:\/\/eltrabajo.cl\/portal\/wp-json\/wp\/v2\/media\/94674"}],"wp:attachment":[{"href":"https:\/\/eltrabajo.cl\/portal\/wp-json\/wp\/v2\/media?parent=94673"}],"wp:term":[{"taxonomy":"category","embeddable":true,"href":"https:\/\/eltrabajo.cl\/portal\/wp-json\/wp\/v2\/categories?post=94673"},{"taxonomy":"post_tag","embeddable":true,"href":"https:\/\/eltrabajo.cl\/portal\/wp-json\/wp\/v2\/tags?post=94673"}],"curies":[{"name":"wp","href":"https:\/\/api.w.org\/{rel}","templated":true}]}}