{"id":94684,"date":"2019-10-09T05:04:55","date_gmt":"2019-10-09T08:04:55","guid":{"rendered":"http:\/\/www.eltrabajo.cl\/portal\/?p=94684"},"modified":"2019-10-08T20:46:26","modified_gmt":"2019-10-08T23:46:26","slug":"joven-conductor-volco-de-campana-cerca-del-puente-san-regis-en-comuna-de-san-esteban","status":"publish","type":"post","link":"https:\/\/eltrabajo.cl\/portal\/joven-conductor-volco-de-campana-cerca-del-puente-san-regis-en-comuna-de-san-esteban\/","title":{"rendered":"Joven conductor volc\u00f3 de campana cerca del puente San Regis en comuna de San Esteban"},"content":{"rendered":"<p><span style=\"color: #ff0000;\"><strong>Milagrosamente sufri\u00f3 s\u00f3lo lesiones leves:<\/strong> <\/span><\/p>\n<p><strong>SAN ESTEBAN<\/strong>.- Providencialmente con lesiones leves result\u00f3 el conductor de un autom\u00f3vil que la ma\u00f1ana de ayer martes volc\u00f3 de campana cerca del puente San Regis en la comuna de San Esteban. El accidente ocurri\u00f3 a las 7:50 horas, cuando el joven de iniciales C.G., de 21 a\u00f1os de edad guiaba el autom\u00f3vil Suzuki, patente HZ BW 72, de poniente a oriente, y al salir del puente se fue hacia la derecha chocando primero con las barreras de concreto que lo hicieron perder el control.<br \/>\nA fin de evitar impactar con un cami\u00f3n que iba en sentido opuesto realiz\u00f3 una maniobra evasiva que lo hizo terminar volcando de campana.<br \/>\nAfortunadamente el joven logr\u00f3 salir por sus propios medios desde el interior del auto, siendo asistido en primera instancia por su padre que iba en una camioneta que lo preced\u00eda. Posteriormente arrib\u00f3 la Unidad de Rescate del Cuerpo de Bomberos de San Esteban que colabor\u00f3 con labores de despeje de la ruta.<br \/>\nDe todas maneras el lesionado fue derivado en una ambulancia de SAMU hasta el Servicio de Urgencia del Hospital San Juan de Dios. El padre del joven se\u00f1al\u00f3 que al momento del accidente su hijo llevaba el auto al taller mec\u00e1nico debido a que hab\u00eda presentado problemas en la direcci\u00f3n.<\/p>\n<figure id=\"attachment_94685\" aria-describedby=\"caption-attachment-94685\" style=\"width: 580px\" class=\"wp-caption alignnone\"><img data-recalc-dims=\"1\" loading=\"lazy\" decoding=\"async\" class=\"size-full wp-image-94685\" src=\"https:\/\/i0.wp.com\/www.eltrabajo.cl\/portal\/wp-content\/uploads\/2019\/10\/Campana1.jpg?resize=580%2C359\" alt=\"Primero este auto choc\u00f3 contra una barrera de contenci\u00f3n y al evitar colisionar con un cami\u00f3n perdi\u00f3 el control.\" width=\"580\" height=\"359\" srcset=\"https:\/\/i0.wp.com\/eltrabajo.cl\/portal\/wp-content\/uploads\/2019\/10\/Campana1.jpg?w=580&amp;ssl=1 580w, https:\/\/i0.wp.com\/eltrabajo.cl\/portal\/wp-content\/uploads\/2019\/10\/Campana1.jpg?resize=200%2C124&amp;ssl=1 200w, https:\/\/i0.wp.com\/eltrabajo.cl\/portal\/wp-content\/uploads\/2019\/10\/Campana1.jpg?resize=300%2C186&amp;ssl=1 300w, https:\/\/i0.wp.com\/eltrabajo.cl\/portal\/wp-content\/uploads\/2019\/10\/Campana1.jpg?resize=242%2C150&amp;ssl=1 242w, https:\/\/i0.wp.com\/eltrabajo.cl\/portal\/wp-content\/uploads\/2019\/10\/Campana1.jpg?resize=400%2C248&amp;ssl=1 400w\" sizes=\"auto, (max-width: 580px) 100vw, 580px\" \/><figcaption id=\"caption-attachment-94685\" class=\"wp-caption-text\">Primero este auto choc\u00f3 contra una barrera de contenci\u00f3n y al evitar colisionar con un cami\u00f3n perdi\u00f3 el control.<\/figcaption><\/figure>\n<figure id=\"attachment_94686\" aria-describedby=\"caption-attachment-94686\" style=\"width: 580px\" class=\"wp-caption alignnone\"><img data-recalc-dims=\"1\" loading=\"lazy\" decoding=\"async\" class=\"size-full wp-image-94686\" src=\"https:\/\/i0.wp.com\/www.eltrabajo.cl\/portal\/wp-content\/uploads\/2019\/10\/Campana2.jpg?resize=580%2C360\" alt=\"La Unidad de Rescate del Cuerpo de Bomberos de San  Esteban que colabor\u00f3 con labores de despeje de la ruta.\" width=\"580\" height=\"360\" srcset=\"https:\/\/i0.wp.com\/eltrabajo.cl\/portal\/wp-content\/uploads\/2019\/10\/Campana2.jpg?w=580&amp;ssl=1 580w, https:\/\/i0.wp.com\/eltrabajo.cl\/portal\/wp-content\/uploads\/2019\/10\/Campana2.jpg?resize=200%2C124&amp;ssl=1 200w, https:\/\/i0.wp.com\/eltrabajo.cl\/portal\/wp-content\/uploads\/2019\/10\/Campana2.jpg?resize=300%2C186&amp;ssl=1 300w, https:\/\/i0.wp.com\/eltrabajo.cl\/portal\/wp-content\/uploads\/2019\/10\/Campana2.jpg?resize=242%2C150&amp;ssl=1 242w, https:\/\/i0.wp.com\/eltrabajo.cl\/portal\/wp-content\/uploads\/2019\/10\/Campana2.jpg?resize=400%2C248&amp;ssl=1 400w\" sizes=\"auto, (max-width: 580px) 100vw, 580px\" \/><figcaption id=\"caption-attachment-94686\" class=\"wp-caption-text\">La Unidad de Rescate del Cuerpo de Bomberos de San Esteban que colabor\u00f3 con labores de despeje de la ruta.<\/figcaption><\/figure>\n","protected":false},"excerpt":{"rendered":"<p>Milagrosamente sufri\u00f3 s\u00f3lo lesiones leves: SAN ESTEBAN.- Providencialmente con lesiones leves result\u00f3 el conductor de un autom\u00f3vil que la ma\u00f1ana de ayer martes volc\u00f3 de campana cerca del puente San Regis en&#8230;<\/p>\n","protected":false},"author":482,"featured_media":94685,"comment_status":"open","ping_status":"open","sticky":false,"template":"","format":"standard","meta":{"advanced_seo_description":"","jetpack_seo_html_title":"","jetpack_seo_noindex":false,"_jetpack_memberships_contains_paid_content":false,"footnotes":""},"categories":[21],"tags":[],"class_list":["post-94684","post","type-post","status-publish","format-standard","has-post-thumbnail","hentry","category-policial"],"jetpack_featured_media_url":"https:\/\/i0.wp.com\/eltrabajo.cl\/portal\/wp-content\/uploads\/2019\/10\/Campana1.jpg?fit=580%2C359&ssl=1","jetpack_sharing_enabled":true,"jetpack_likes_enabled":true,"jetpack-related-posts":[],"_links":{"self":[{"href":"https:\/\/eltrabajo.cl\/portal\/wp-json\/wp\/v2\/posts\/94684","targetHints":{"allow":["GET"]}}],"collection":[{"href":"https:\/\/eltrabajo.cl\/portal\/wp-json\/wp\/v2\/posts"}],"about":[{"href":"https:\/\/eltrabajo.cl\/portal\/wp-json\/wp\/v2\/types\/post"}],"author":[{"embeddable":true,"href":"https:\/\/eltrabajo.cl\/portal\/wp-json\/wp\/v2\/users\/482"}],"replies":[{"embeddable":true,"href":"https:\/\/eltrabajo.cl\/portal\/wp-json\/wp\/v2\/comments?post=94684"}],"version-history":[{"count":0,"href":"https:\/\/eltrabajo.cl\/portal\/wp-json\/wp\/v2\/posts\/94684\/revisions"}],"wp:featuredmedia":[{"embeddable":true,"href":"https:\/\/eltrabajo.cl\/portal\/wp-json\/wp\/v2\/media\/94685"}],"wp:attachment":[{"href":"https:\/\/eltrabajo.cl\/portal\/wp-json\/wp\/v2\/media?parent=94684"}],"wp:term":[{"taxonomy":"category","embeddable":true,"href":"https:\/\/eltrabajo.cl\/portal\/wp-json\/wp\/v2\/categories?post=94684"},{"taxonomy":"post_tag","embeddable":true,"href":"https:\/\/eltrabajo.cl\/portal\/wp-json\/wp\/v2\/tags?post=94684"}],"curies":[{"name":"wp","href":"https:\/\/api.w.org\/{rel}","templated":true}]}}