{"id":94688,"date":"2019-10-09T05:05:59","date_gmt":"2019-10-09T08:05:59","guid":{"rendered":"http:\/\/www.eltrabajo.cl\/portal\/?p=94688"},"modified":"2019-10-08T20:48:50","modified_gmt":"2019-10-08T23:48:50","slug":"un-detenido-tras-robo-de-dos-millones-de-pesos-en-pasas-de-exportacion","status":"publish","type":"post","link":"https:\/\/eltrabajo.cl\/portal\/un-detenido-tras-robo-de-dos-millones-de-pesos-en-pasas-de-exportacion\/","title":{"rendered":"Un detenido tras robo de dos millones de pesos en pasas de exportaci\u00f3n"},"content":{"rendered":"<p><span style=\"color: #ff0000;\"><strong>Persecuci\u00f3n policial culmin\u00f3 en sector Quebrada Herrera:<\/strong><\/span><\/p>\n<ul>\n<li><strong>El delito se concret\u00f3 en horas de la noche de este lunes al interior de una empresa agr\u00edcola ubicada en el sector Lo Vicu\u00f1a de Guzmanes. Los dos sujetos escaparon a bordo de un veh\u00edculo con el cargamento, siendo capturado su conductor.<\/strong><\/li>\n<\/ul>\n<p>En dos millones de pesos fue avaluado el robo perpetrado por dos sujetos al interior de la empresa agr\u00edcola IAL Limitada, ubicada en el sector Lo Vicu\u00f1a, en Guzmanes, quienes sustrajeron numerosas cajas de pasas seleccionadas para exportaci\u00f3n, escapando a bordo de un veh\u00edculo.<br \/>\nEl suboficial de Carabineros Nelson Gavil\u00e1n inform\u00f3 a Diario El Trabajo que el hecho ocurri\u00f3 cerca de las 20:55 horas de este lunes, luego que testigos denunciaran la ocurrencia del robo perpetrado por dos delincuentes, quienes tras acopiar las cajas dentro del veh\u00edculo escaparon en direcci\u00f3n hacia Quebrada Herrera, siendo perseguidos por funcionarios de Carabineros que lograron detener al conductor del m\u00f3vil.<br \/>\n\u00abLos due\u00f1os le tomaron la placa patente al veh\u00edculo y le informaron al funcionario de guardia de la Tenencia, el cual alert\u00f3 a los carros policiales y se efectu\u00f3 un seguimiento en el sector Quebrada Herrera, hasta ser interceptado este veh\u00edculo. Uno de los ocupantes se dio a la fuga, quedando el conductor, el cual fue detenido y en el interior del veh\u00edculo se encontr\u00f3 los frutos secos sustra\u00eddos en el sector de Lo Vicu\u00f1a\u00bb.<br \/>\nEl oficial policial precis\u00f3 que de acuerdo a las primeras investigaciones del caso, el delito se habr\u00eda concretado por la participaci\u00f3n de uno de los individuos, quien habr\u00eda trabajado en esta empresa y mantendr\u00eda informaci\u00f3n precisa para perpetrar el robo.<br \/>\nLos propietarios de la empresa ya se encontraban en alerta debido a que en dos oportunidades anteriores ya hab\u00edan sufrido la sustracci\u00f3n de forma similar de los frutos secos.<br \/>\nNo obstante, el detenido fue identificado con las iniciales C.A.H.C. de 26 a\u00f1os de edad, sin antecedentes delictuales, quien fue derivado la ma\u00f1ana de este martes hasta el Juzgado de Garant\u00eda de Putaendo para ser formalizado por la Fiscal\u00eda por el delito de robo frustrado.<br \/>\nEn tanto el segundo sujeto que logr\u00f3 fugarse, estar\u00eda identificado y su detenci\u00f3n podr\u00eda concretarse dentro de las pr\u00f3ximas horas.<br \/>\n<strong>Pablo Salinas Sald\u00edas<\/strong><\/p>\n<figure id=\"attachment_94689\" aria-describedby=\"caption-attachment-94689\" style=\"width: 580px\" class=\"wp-caption alignnone\"><img data-recalc-dims=\"1\" loading=\"lazy\" decoding=\"async\" class=\"size-full wp-image-94689\" src=\"https:\/\/i0.wp.com\/www.eltrabajo.cl\/portal\/wp-content\/uploads\/2019\/10\/robo-2.jpg?resize=580%2C359\" alt=\"El imputado de 26 a\u00f1os de edad fue detenido por Carabineros, siendo trasladado hasta el Tribunal de Putaendo para ser formalizado por la Fiscal\u00eda. (Fotograf\u00eda: Putaendo Informa).\" width=\"580\" height=\"359\" srcset=\"https:\/\/i0.wp.com\/eltrabajo.cl\/portal\/wp-content\/uploads\/2019\/10\/robo-2.jpg?w=580&amp;ssl=1 580w, https:\/\/i0.wp.com\/eltrabajo.cl\/portal\/wp-content\/uploads\/2019\/10\/robo-2.jpg?resize=200%2C124&amp;ssl=1 200w, https:\/\/i0.wp.com\/eltrabajo.cl\/portal\/wp-content\/uploads\/2019\/10\/robo-2.jpg?resize=300%2C186&amp;ssl=1 300w, https:\/\/i0.wp.com\/eltrabajo.cl\/portal\/wp-content\/uploads\/2019\/10\/robo-2.jpg?resize=242%2C150&amp;ssl=1 242w, https:\/\/i0.wp.com\/eltrabajo.cl\/portal\/wp-content\/uploads\/2019\/10\/robo-2.jpg?resize=400%2C248&amp;ssl=1 400w\" sizes=\"auto, (max-width: 580px) 100vw, 580px\" \/><figcaption id=\"caption-attachment-94689\" class=\"wp-caption-text\">El imputado de 26 a\u00f1os de edad fue detenido por Carabineros, siendo trasladado hasta el Tribunal de Putaendo para ser formalizado por la Fiscal\u00eda. (Fotograf\u00eda: Putaendo Informa).<\/figcaption><\/figure>\n","protected":false},"excerpt":{"rendered":"<p>Persecuci\u00f3n policial culmin\u00f3 en sector Quebrada Herrera: El delito se concret\u00f3 en horas de la noche de este lunes al interior de una empresa agr\u00edcola ubicada en el sector Lo Vicu\u00f1a de&#8230;<\/p>\n","protected":false},"author":482,"featured_media":94689,"comment_status":"open","ping_status":"open","sticky":false,"template":"","format":"standard","meta":{"advanced_seo_description":"","jetpack_seo_html_title":"","jetpack_seo_noindex":false,"_jetpack_memberships_contains_paid_content":false,"footnotes":""},"categories":[21],"tags":[],"class_list":["post-94688","post","type-post","status-publish","format-standard","has-post-thumbnail","hentry","category-policial"],"jetpack_featured_media_url":"https:\/\/i0.wp.com\/eltrabajo.cl\/portal\/wp-content\/uploads\/2019\/10\/robo-2.jpg?fit=580%2C359&ssl=1","jetpack_sharing_enabled":true,"jetpack_likes_enabled":true,"jetpack-related-posts":[],"_links":{"self":[{"href":"https:\/\/eltrabajo.cl\/portal\/wp-json\/wp\/v2\/posts\/94688","targetHints":{"allow":["GET"]}}],"collection":[{"href":"https:\/\/eltrabajo.cl\/portal\/wp-json\/wp\/v2\/posts"}],"about":[{"href":"https:\/\/eltrabajo.cl\/portal\/wp-json\/wp\/v2\/types\/post"}],"author":[{"embeddable":true,"href":"https:\/\/eltrabajo.cl\/portal\/wp-json\/wp\/v2\/users\/482"}],"replies":[{"embeddable":true,"href":"https:\/\/eltrabajo.cl\/portal\/wp-json\/wp\/v2\/comments?post=94688"}],"version-history":[{"count":0,"href":"https:\/\/eltrabajo.cl\/portal\/wp-json\/wp\/v2\/posts\/94688\/revisions"}],"wp:featuredmedia":[{"embeddable":true,"href":"https:\/\/eltrabajo.cl\/portal\/wp-json\/wp\/v2\/media\/94689"}],"wp:attachment":[{"href":"https:\/\/eltrabajo.cl\/portal\/wp-json\/wp\/v2\/media?parent=94688"}],"wp:term":[{"taxonomy":"category","embeddable":true,"href":"https:\/\/eltrabajo.cl\/portal\/wp-json\/wp\/v2\/categories?post=94688"},{"taxonomy":"post_tag","embeddable":true,"href":"https:\/\/eltrabajo.cl\/portal\/wp-json\/wp\/v2\/tags?post=94688"}],"curies":[{"name":"wp","href":"https:\/\/api.w.org\/{rel}","templated":true}]}}