{"id":94691,"date":"2019-10-09T05:06:01","date_gmt":"2019-10-09T08:06:01","guid":{"rendered":"http:\/\/www.eltrabajo.cl\/portal\/?p=94691"},"modified":"2019-10-08T20:51:19","modified_gmt":"2019-10-08T23:51:19","slug":"no-hay-caso-de-nuevo-sujetos-intentan-robar-en-centrico-quiosco-de-lucho-zelaya","status":"publish","type":"post","link":"https:\/\/eltrabajo.cl\/portal\/no-hay-caso-de-nuevo-sujetos-intentan-robar-en-centrico-quiosco-de-lucho-zelaya\/","title":{"rendered":"\u00a1No hay caso! De nuevo sujetos intentan robar en c\u00e9ntrico quiosco de &#8216;Lucho&#8217; Zelaya"},"content":{"rendered":"<p>Diversas son las interrogantes que se puede hacer la opini\u00f3n p\u00fablica sobre la situaci\u00f3n que vive constantemente el conocido y destacado due\u00f1o de quiosco Luis Zelaya, conocido popularmente como \u2018Lucho\u2019, ya que una vez m\u00e1s y pese a que no se llevaron especies, delincuentes provocaron cuantiosos da\u00f1os luego que intentaran robar su quiosco ubicado en calle Merced, a metros de calle Salinas donde se ubica una de las c\u00e1maras de tele vigilancia.<br \/>\nAburrido de todo esto convers\u00f3 con nuestro medio reconociendo que en esta ocasi\u00f3n fueron s\u00f3lo da\u00f1os, eso s\u00ed cuantiosos porque se vio afectada una conservadora que tiene en el local: \u00abS\u00ed, s\u00f3lo da\u00f1os. Aburrido de esto, no hay c\u00e1maras, parece que no hubiera nada de vigilancia, c\u00f3mo tanto, ya me han entrado el mes pasado y este mes, no s\u00e9, que haga algo la autoridad en el centro, ya est\u00e1 bueno\u00bb.<br \/>\n<strong>&#8211; Bueno, no te llevaron nada, pero igual implica gastos.<\/strong><br \/>\n&#8211; S\u00ed, hicieron tira la m\u00e1quina conservadora de bebidas, le metieron un fierro, se metieron adentro, no se pudieron llevar nada, pero me hicieron tira la m\u00e1quina.<br \/>\n<strong>&#8211; Esos da\u00f1os \u00bfcu\u00e1nto gasto te significan?<\/strong><br \/>\n&#8211; Esa m\u00e1quina vale c\u00f3mo doscientas lucas, ciento cincuenta lucas.<br \/>\n<strong>&#8211; \u00bfPero te sigue funcionando o tienes que repararla?<\/strong><br \/>\n&#8211; No s\u00e9 porque no la he probado todav\u00eda.<br \/>\n<strong>&#8211; \u00bfDesde cu\u00e1ndo que no te robaban?<\/strong><br \/>\n&#8211; Del mes pasado que hicimos la nota, con todas las bebidas, esa m\u00e1quina, ahora c\u00f3mo le colocaron una cadena con candado, no pudieron abrirla, le metieron unos fierros por los lados para ver si pod\u00edan reventarla y no la pudieron reventar; sacaron unos fierros de atr\u00e1s de protecci\u00f3n, tampoco pudieron meterse, hicieron tira la lata del techo.<br \/>\n<strong>&#8211; \u00bfA que lo relacionas t\u00fa todo esto o por qu\u00e9 crees que te pasa todo esto?<\/strong><br \/>\n&#8211; No, porque es robo nom\u00e1s, se presenta la oportunidad que aqu\u00ed queda solo, solo, sola calle Merced.<br \/>\n<strong>&#8211; \u00bfLas c\u00e1maras de tele vigilancia?<\/strong><br \/>\n&#8211; No, no pasa nada con las c\u00e1maras, yo creo c\u00f3mo no mandan a alguien. Oye el otro d\u00eda llegu\u00e9 temprano, como no manejo las llaves, me qued\u00e9 dormido, ah\u00ed lleg\u00f3 Carabineros, pensaron que estaba curado, me despertaron porque dijo \u00bfest\u00e1 curado? No porque estoy esperando que abran aqu\u00ed y cuanto se llama, las c\u00e1maras acusan, pero yo les dije acusan cuando uno est\u00e1 mal parado nom\u00e1s, porque cuando a uno le roban nunca acusan.<br \/>\nSe\u00f1ala que son m\u00e1s de veinte veces las que le han robado; \u00abVoy para las 30 veces que me han robado\u00bb, finaliz\u00f3.<\/p>\n<figure id=\"attachment_94692\" aria-describedby=\"caption-attachment-94692\" style=\"width: 580px\" class=\"wp-caption alignnone\"><img data-recalc-dims=\"1\" loading=\"lazy\" decoding=\"async\" class=\"size-full wp-image-94692\" src=\"https:\/\/i0.wp.com\/www.eltrabajo.cl\/portal\/wp-content\/uploads\/2019\/10\/Luis-Lucho-Zelaya.jpg?resize=580%2C360\" alt=\"Lucho Zelaya nos muestra el lat\u00f3n forzado de su quiosco.\" width=\"580\" height=\"360\" srcset=\"https:\/\/i0.wp.com\/eltrabajo.cl\/portal\/wp-content\/uploads\/2019\/10\/Luis-Lucho-Zelaya.jpg?w=580&amp;ssl=1 580w, https:\/\/i0.wp.com\/eltrabajo.cl\/portal\/wp-content\/uploads\/2019\/10\/Luis-Lucho-Zelaya.jpg?resize=200%2C124&amp;ssl=1 200w, https:\/\/i0.wp.com\/eltrabajo.cl\/portal\/wp-content\/uploads\/2019\/10\/Luis-Lucho-Zelaya.jpg?resize=300%2C186&amp;ssl=1 300w, https:\/\/i0.wp.com\/eltrabajo.cl\/portal\/wp-content\/uploads\/2019\/10\/Luis-Lucho-Zelaya.jpg?resize=242%2C150&amp;ssl=1 242w, https:\/\/i0.wp.com\/eltrabajo.cl\/portal\/wp-content\/uploads\/2019\/10\/Luis-Lucho-Zelaya.jpg?resize=400%2C248&amp;ssl=1 400w\" sizes=\"auto, (max-width: 580px) 100vw, 580px\" \/><figcaption id=\"caption-attachment-94692\" class=\"wp-caption-text\">Lucho Zelaya nos muestra el lat\u00f3n forzado de su quiosco.<\/figcaption><\/figure>\n<figure id=\"attachment_94693\" aria-describedby=\"caption-attachment-94693\" style=\"width: 580px\" class=\"wp-caption alignnone\"><img data-recalc-dims=\"1\" loading=\"lazy\" decoding=\"async\" class=\"size-full wp-image-94693\" src=\"https:\/\/i0.wp.com\/www.eltrabajo.cl\/portal\/wp-content\/uploads\/2019\/10\/Luis-Camara.jpg?resize=580%2C360\" alt=\"Esta es la c\u00e1mara que nunca ve nada, se encuentra ubicada en la intersecci\u00f3n de Salinas con Merced.\" width=\"580\" height=\"360\" srcset=\"https:\/\/i0.wp.com\/eltrabajo.cl\/portal\/wp-content\/uploads\/2019\/10\/Luis-Camara.jpg?w=580&amp;ssl=1 580w, https:\/\/i0.wp.com\/eltrabajo.cl\/portal\/wp-content\/uploads\/2019\/10\/Luis-Camara.jpg?resize=200%2C124&amp;ssl=1 200w, https:\/\/i0.wp.com\/eltrabajo.cl\/portal\/wp-content\/uploads\/2019\/10\/Luis-Camara.jpg?resize=300%2C186&amp;ssl=1 300w, https:\/\/i0.wp.com\/eltrabajo.cl\/portal\/wp-content\/uploads\/2019\/10\/Luis-Camara.jpg?resize=242%2C150&amp;ssl=1 242w, https:\/\/i0.wp.com\/eltrabajo.cl\/portal\/wp-content\/uploads\/2019\/10\/Luis-Camara.jpg?resize=400%2C248&amp;ssl=1 400w\" sizes=\"auto, (max-width: 580px) 100vw, 580px\" \/><figcaption id=\"caption-attachment-94693\" class=\"wp-caption-text\">Esta es la c\u00e1mara que nunca ve nada, se encuentra ubicada en la intersecci\u00f3n de Salinas con Merced.<\/figcaption><\/figure>\n","protected":false},"excerpt":{"rendered":"<p>Diversas son las interrogantes que se puede hacer la opini\u00f3n p\u00fablica sobre la situaci\u00f3n que vive constantemente el conocido y destacado due\u00f1o de quiosco Luis Zelaya, conocido popularmente como \u2018Lucho\u2019, ya que&#8230;<\/p>\n","protected":false},"author":482,"featured_media":94692,"comment_status":"open","ping_status":"open","sticky":false,"template":"","format":"standard","meta":{"advanced_seo_description":"","jetpack_seo_html_title":"","jetpack_seo_noindex":false,"_jetpack_memberships_contains_paid_content":false,"footnotes":""},"categories":[21],"tags":[],"class_list":["post-94691","post","type-post","status-publish","format-standard","has-post-thumbnail","hentry","category-policial"],"jetpack_featured_media_url":"https:\/\/i0.wp.com\/eltrabajo.cl\/portal\/wp-content\/uploads\/2019\/10\/Luis-Lucho-Zelaya.jpg?fit=580%2C360&ssl=1","jetpack_sharing_enabled":true,"jetpack_likes_enabled":true,"jetpack-related-posts":[],"_links":{"self":[{"href":"https:\/\/eltrabajo.cl\/portal\/wp-json\/wp\/v2\/posts\/94691","targetHints":{"allow":["GET"]}}],"collection":[{"href":"https:\/\/eltrabajo.cl\/portal\/wp-json\/wp\/v2\/posts"}],"about":[{"href":"https:\/\/eltrabajo.cl\/portal\/wp-json\/wp\/v2\/types\/post"}],"author":[{"embeddable":true,"href":"https:\/\/eltrabajo.cl\/portal\/wp-json\/wp\/v2\/users\/482"}],"replies":[{"embeddable":true,"href":"https:\/\/eltrabajo.cl\/portal\/wp-json\/wp\/v2\/comments?post=94691"}],"version-history":[{"count":0,"href":"https:\/\/eltrabajo.cl\/portal\/wp-json\/wp\/v2\/posts\/94691\/revisions"}],"wp:featuredmedia":[{"embeddable":true,"href":"https:\/\/eltrabajo.cl\/portal\/wp-json\/wp\/v2\/media\/94692"}],"wp:attachment":[{"href":"https:\/\/eltrabajo.cl\/portal\/wp-json\/wp\/v2\/media?parent=94691"}],"wp:term":[{"taxonomy":"category","embeddable":true,"href":"https:\/\/eltrabajo.cl\/portal\/wp-json\/wp\/v2\/categories?post=94691"},{"taxonomy":"post_tag","embeddable":true,"href":"https:\/\/eltrabajo.cl\/portal\/wp-json\/wp\/v2\/tags?post=94691"}],"curies":[{"name":"wp","href":"https:\/\/api.w.org\/{rel}","templated":true}]}}