{"id":94695,"date":"2019-10-09T05:07:52","date_gmt":"2019-10-09T08:07:52","guid":{"rendered":"http:\/\/www.eltrabajo.cl\/portal\/?p=94695"},"modified":"2019-10-08T20:54:28","modified_gmt":"2019-10-08T23:54:28","slug":"destacado-pintor-raul-pizarro-inaugura-hoy-exposicion-en-casa-de-la-cultura","status":"publish","type":"post","link":"https:\/\/eltrabajo.cl\/portal\/destacado-pintor-raul-pizarro-inaugura-hoy-exposicion-en-casa-de-la-cultura\/","title":{"rendered":"Destacado pintor Ra\u00fal Pizarro inaugura hoy exposici\u00f3n en Casa de la Cultura"},"content":{"rendered":"<p><span style=\"color: #ff0000;\"><strong>Son 55 de sus obras y estar\u00e1n disponibles todo el mes:<\/strong><\/span><\/p>\n<p>Hoy mi\u00e9rcoles a las 20:00 horas ser\u00e1 inaugurada de manera oficial la exposici\u00f3n de pinturas del conocido pintor putaendino Ra\u00fal Pizarro, experimentado artista pl\u00e1stico de 77 a\u00f1os de edad que lleva ya seis d\u00e9cadas pintando sin parar. Seg\u00fan nos coment\u00f3 Pizarro, en total la exposici\u00f3n consta de 55 obras suyas y estar\u00e1n disponibles en la galer\u00eda de la casa municipal de Cultura, ubicada en el Conjunto Patrimonial Buen Pastor.<br \/>\n\u00abYo desde muy lolo que pinto, mi t\u00e9cnica dice sobre impresionismo y naturalismo, haciendo cuentas me percat\u00e9 que he pintado unas 4.000 obras en toda mi vida, durante 30 a\u00f1os no firm\u00e9 mis cuadro, y las \u00faltimas tres d\u00e9cadas s\u00ed las he firmado. Recuerdo tambi\u00e9n que me pidieron 16 pinturas para entregarlas a los mediadores que gestionaron no ir a la guerra con Argentina hace algunas d\u00e9cadas, una de esas personas era el Papa Juan Pablo II, me cuentan que esa pintura est\u00e1 en el Vaticano. De las pinturas que este mi\u00e9rcoles ser\u00e1n presentadas al p\u00fablico, cuatro no se pueden vender, pues fueron premiadas por la Sociedad Nacional de Bellas Artes. En cuanto a mi pasi\u00f3n por la pintura, a veces comparo el pintar con una amante silenciosa, a veces tambi\u00e9n me da rabia cuando no me sale un cuadro, hasta que sale, ah\u00ed me siento feliz. Mis dos amores: Mi familia, y pintar\u00bb, dijo Pizarro. Esta es una iniciativa desarrollada por el departamento de Cultura gestionada por Ricardo Ruiz Herrera, coordinador del mismo.<br \/>\n<strong>Roberto Gonz\u00e1lez Short<\/strong><\/p>\n<figure id=\"attachment_94696\" aria-describedby=\"caption-attachment-94696\" style=\"width: 580px\" class=\"wp-caption alignnone\"><img data-recalc-dims=\"1\" loading=\"lazy\" decoding=\"async\" class=\"size-full wp-image-94696\" src=\"https:\/\/i0.wp.com\/www.eltrabajo.cl\/portal\/wp-content\/uploads\/2019\/10\/Pintor_Raul-Pizarro.jpg?resize=580%2C360\" alt=\"HOY EN BUEN PASTOR.- Ra\u00fal Pizarro Gald\u00e1mez, casado con Beatriz Gajardo y padre de seis hijos.\" width=\"580\" height=\"360\" srcset=\"https:\/\/i0.wp.com\/eltrabajo.cl\/portal\/wp-content\/uploads\/2019\/10\/Pintor_Raul-Pizarro.jpg?w=580&amp;ssl=1 580w, https:\/\/i0.wp.com\/eltrabajo.cl\/portal\/wp-content\/uploads\/2019\/10\/Pintor_Raul-Pizarro.jpg?resize=200%2C124&amp;ssl=1 200w, https:\/\/i0.wp.com\/eltrabajo.cl\/portal\/wp-content\/uploads\/2019\/10\/Pintor_Raul-Pizarro.jpg?resize=300%2C186&amp;ssl=1 300w, https:\/\/i0.wp.com\/eltrabajo.cl\/portal\/wp-content\/uploads\/2019\/10\/Pintor_Raul-Pizarro.jpg?resize=242%2C150&amp;ssl=1 242w, https:\/\/i0.wp.com\/eltrabajo.cl\/portal\/wp-content\/uploads\/2019\/10\/Pintor_Raul-Pizarro.jpg?resize=400%2C248&amp;ssl=1 400w\" sizes=\"auto, (max-width: 580px) 100vw, 580px\" \/><figcaption id=\"caption-attachment-94696\" class=\"wp-caption-text\">HOY EN BUEN PASTOR.- Ra\u00fal Pizarro Gald\u00e1mez, casado con Beatriz Gajardo y padre de seis hijos.<\/figcaption><\/figure>\n<figure id=\"attachment_94697\" aria-describedby=\"caption-attachment-94697\" style=\"width: 580px\" class=\"wp-caption alignnone\"><img data-recalc-dims=\"1\" loading=\"lazy\" decoding=\"async\" class=\"size-full wp-image-94697\" src=\"https:\/\/i0.wp.com\/www.eltrabajo.cl\/portal\/wp-content\/uploads\/2019\/10\/Pintor2.jpg?resize=580%2C359\" alt=\"IMPERDIBLE.- Muchas son las obras de este fruct\u00edfero artista del pincel que estar\u00e1n en exhibici\u00f3n a partir de hoy y hasta el 31 de octubre.\" width=\"580\" height=\"359\" srcset=\"https:\/\/i0.wp.com\/eltrabajo.cl\/portal\/wp-content\/uploads\/2019\/10\/Pintor2.jpg?w=580&amp;ssl=1 580w, https:\/\/i0.wp.com\/eltrabajo.cl\/portal\/wp-content\/uploads\/2019\/10\/Pintor2.jpg?resize=200%2C124&amp;ssl=1 200w, https:\/\/i0.wp.com\/eltrabajo.cl\/portal\/wp-content\/uploads\/2019\/10\/Pintor2.jpg?resize=300%2C186&amp;ssl=1 300w, https:\/\/i0.wp.com\/eltrabajo.cl\/portal\/wp-content\/uploads\/2019\/10\/Pintor2.jpg?resize=242%2C150&amp;ssl=1 242w, https:\/\/i0.wp.com\/eltrabajo.cl\/portal\/wp-content\/uploads\/2019\/10\/Pintor2.jpg?resize=400%2C248&amp;ssl=1 400w\" sizes=\"auto, (max-width: 580px) 100vw, 580px\" \/><figcaption id=\"caption-attachment-94697\" class=\"wp-caption-text\">IMPERDIBLE.- Muchas son las obras de este fruct\u00edfero artista del pincel que estar\u00e1n en exhibici\u00f3n a partir de hoy y hasta el 31 de octubre.<\/figcaption><\/figure>\n","protected":false},"excerpt":{"rendered":"<p>Son 55 de sus obras y estar\u00e1n disponibles todo el mes: Hoy mi\u00e9rcoles a las 20:00 horas ser\u00e1 inaugurada de manera oficial la exposici\u00f3n de pinturas del conocido pintor putaendino Ra\u00fal Pizarro,&#8230;<\/p>\n","protected":false},"author":482,"featured_media":94696,"comment_status":"open","ping_status":"open","sticky":false,"template":"","format":"standard","meta":{"advanced_seo_description":"","jetpack_seo_html_title":"","jetpack_seo_noindex":false,"_jetpack_memberships_contains_paid_content":false,"footnotes":""},"categories":[20],"tags":[],"class_list":["post-94695","post","type-post","status-publish","format-standard","has-post-thumbnail","hentry","category-arte-y-cultura"],"jetpack_featured_media_url":"https:\/\/i0.wp.com\/eltrabajo.cl\/portal\/wp-content\/uploads\/2019\/10\/Pintor_Raul-Pizarro.jpg?fit=580%2C360&ssl=1","jetpack_sharing_enabled":true,"jetpack_likes_enabled":true,"jetpack-related-posts":[],"_links":{"self":[{"href":"https:\/\/eltrabajo.cl\/portal\/wp-json\/wp\/v2\/posts\/94695","targetHints":{"allow":["GET"]}}],"collection":[{"href":"https:\/\/eltrabajo.cl\/portal\/wp-json\/wp\/v2\/posts"}],"about":[{"href":"https:\/\/eltrabajo.cl\/portal\/wp-json\/wp\/v2\/types\/post"}],"author":[{"embeddable":true,"href":"https:\/\/eltrabajo.cl\/portal\/wp-json\/wp\/v2\/users\/482"}],"replies":[{"embeddable":true,"href":"https:\/\/eltrabajo.cl\/portal\/wp-json\/wp\/v2\/comments?post=94695"}],"version-history":[{"count":0,"href":"https:\/\/eltrabajo.cl\/portal\/wp-json\/wp\/v2\/posts\/94695\/revisions"}],"wp:featuredmedia":[{"embeddable":true,"href":"https:\/\/eltrabajo.cl\/portal\/wp-json\/wp\/v2\/media\/94696"}],"wp:attachment":[{"href":"https:\/\/eltrabajo.cl\/portal\/wp-json\/wp\/v2\/media?parent=94695"}],"wp:term":[{"taxonomy":"category","embeddable":true,"href":"https:\/\/eltrabajo.cl\/portal\/wp-json\/wp\/v2\/categories?post=94695"},{"taxonomy":"post_tag","embeddable":true,"href":"https:\/\/eltrabajo.cl\/portal\/wp-json\/wp\/v2\/tags?post=94695"}],"curies":[{"name":"wp","href":"https:\/\/api.w.org\/{rel}","templated":true}]}}