{"id":94699,"date":"2019-10-09T05:08:36","date_gmt":"2019-10-09T08:08:36","guid":{"rendered":"http:\/\/www.eltrabajo.cl\/portal\/?p=94699"},"modified":"2019-10-08T20:56:32","modified_gmt":"2019-10-08T23:56:32","slug":"vecina-adulta-mayor-denuncia-conductas-violentas-y-agresivas-de-ciudadanos-haitianos","status":"publish","type":"post","link":"https:\/\/eltrabajo.cl\/portal\/vecina-adulta-mayor-denuncia-conductas-violentas-y-agresivas-de-ciudadanos-haitianos\/","title":{"rendered":"Vecina adulta mayor denuncia conductas violentas y agresivas de ciudadanos haitianos"},"content":{"rendered":"<p><span style=\"color: #ff0000;\"><strong>Avenida Diego de Almagro con Chorrillos:<\/strong><\/span><\/p>\n<p>Una verdadera tragedia es lo que est\u00e1 viviendo una vecina de Avenida Diego de Almagro con Chorrillos, a causa de la presencia de ciudadanos haitianos, alrededor de doscientos, que se re\u00fanen en el lugar en las ma\u00f1anas para salir a sus trabajos. En conversaci\u00f3n con nuestro medio, la mujer de nombre Rosa, dice que no sabe qu\u00e9 hacer, est\u00e1 desesperada porque lamentablemente la situaci\u00f3n la ha impactado negativamente.<br \/>\nComenta que en un principio todo iba bien, todos muy respetuosos, pero al pasar el tiempo las cosas fueron cambiando a tal punto que hoy la insultan, le arrancaron las plantas que ten\u00eda afuera de su casa y en fin, una seguidilla de actos de violencia principalmente verbales. De todas maneras dice que en momentos ha tenido que refugiarse en su domicilio luego que los mismos carabineros se lo aconsejaran.<br \/>\nAc\u00e1 va su relato: \u00abMire lo que pasa es que yo vivo en Diego de Almagro con Chorrillos, aqu\u00ed se ponen m\u00e1s de doscientos haitianos\u2026 m\u00e1s de doscientos. Resulta que nosotros con mi marido somos de la tercera edad, \u00bfme entiende?, y yo trabajo para ganar un poquito m\u00e1s de monedas, en un supermercado haciendo aseo a veces del turno de la tarde, salgo diez, diez y media de la noche. Mi dormitorio queda justo en la ventana hacia afuera, ellos se paran afuera, no hablan, gritan. Me levanto yo y les digo que por favor se corran, que me dejen dormir. \u00bfSabe qu\u00e9 me hicieron?, me arrancaron todas las plantas de afuera, me empezaron a tirar piedras para adentro, barro, me empezaron a \u2018menear\u2019 la reja \u00a1que les abriera!, \u00a1que les abriera! En una me amenazaban con combos, llamo a Carabineros, no dejaron pasar a Carabineros para ac\u00e1\u2026 Carabineros&#8230; \u00bfsabe lo que me dijo?, \u2018Se\u00f1ora ya nos tienen aburridos, en todas partes andan haciendo da\u00f1o\u2019. \u00bfQu\u00e9 puedo hacer yo?, yo vivo con mi marido aqu\u00ed, imag\u00ednese que salgo pa\u2019 fuera y me agarren todos y poco menos que me maten. Yo no entiendo c\u00f3mo pueden hacer, y no son uno, aparte que ve a uno y son todos iguales \u00bfa qui\u00e9n le echa la culpa usted? Le juro que yo ya me reviento, 73 a\u00f1os, mi marido tiene 85 a\u00f1os, tiene el mal de Alzh\u00e9imer, mal de Di\u00f3genes, paso rabia con \u00e9l m\u00e1s encima, imag\u00ednese con este problema ahora. C\u00f3mo un solo carabinero a los gallos les dec\u00eda que se fuera \u00bfQu\u00e9 hac\u00eda Carabineros solo?, no pod\u00eda hacer nada, si lo \u00fanico que me dijo: \u2018Se\u00f1ora cierre la puerta, v\u00e1yase para adentro, \u00e9stos son capaces de entrar y matarla a usted y a su marido y hacerse due\u00f1os de no s\u00e9 qu\u00e9 cosa\u2019, me se\u00f1al\u00f3\u00bb.<br \/>\nReconoce que cuando reci\u00e9n llegaron eran muy humildes; \u00abAhora no, la tratan a uno de concha de tu madre, maraca, las tratan s\u00faper mal a uno, si nosotros somos chilenos \u00bfQu\u00e9 estamos haciendo?, \u00bfde qu\u00e9 estamos hablando? \u00bfSabe?, que con el tiempo ellos nos van a mandar a nosotros, si las mujeres paren todos los d\u00edas, s\u00ed todos los d\u00edas anda una cach\u00e1 de mujeres teniendo guaguas y m\u00e1s encima \u2018pre\u00f1\u00e1\u2019, todos los d\u00edas paren esas mujeres. \u00bfQu\u00e9 vamos a hacer m\u00e1s adelante?, vamos a vivir debajo de la planta de ellos, s\u00ed somos chilenos, yo estoy \u2018revent\u00e1\u2019, vivo en casa esquina, me hicieron tira todo el jard\u00edn, sacaron todas las mentas que ten\u00eda ah\u00ed, hacen asados, toman cervezas, ya no puedo vivir aqu\u00ed, estamos todos los vecinos iguales\u00bb, finaliz\u00f3.<br \/>\nLa vecina record\u00f3 que tiempo atr\u00e1s hubo un hecho de agresi\u00f3n en el lugar donde se presume participaci\u00f3n de haitianos.<\/p>\n<figure id=\"attachment_94700\" aria-describedby=\"caption-attachment-94700\" style=\"width: 580px\" class=\"wp-caption alignnone\"><img data-recalc-dims=\"1\" loading=\"lazy\" decoding=\"async\" class=\"size-full wp-image-94700\" src=\"https:\/\/i0.wp.com\/www.eltrabajo.cl\/portal\/wp-content\/uploads\/2019\/10\/Diego-de-Almagro.jpg?resize=580%2C358\" alt=\"Este es el lugar donde se re\u00fane gran cantidad de haitianos, especialmente en la ma\u00f1ana tipo 07:00 horas para salir a sus trabajos. (Gentileza RP).\" width=\"580\" height=\"358\" srcset=\"https:\/\/i0.wp.com\/eltrabajo.cl\/portal\/wp-content\/uploads\/2019\/10\/Diego-de-Almagro.jpg?w=580&amp;ssl=1 580w, https:\/\/i0.wp.com\/eltrabajo.cl\/portal\/wp-content\/uploads\/2019\/10\/Diego-de-Almagro.jpg?resize=200%2C123&amp;ssl=1 200w, https:\/\/i0.wp.com\/eltrabajo.cl\/portal\/wp-content\/uploads\/2019\/10\/Diego-de-Almagro.jpg?resize=300%2C185&amp;ssl=1 300w, https:\/\/i0.wp.com\/eltrabajo.cl\/portal\/wp-content\/uploads\/2019\/10\/Diego-de-Almagro.jpg?resize=243%2C150&amp;ssl=1 243w, https:\/\/i0.wp.com\/eltrabajo.cl\/portal\/wp-content\/uploads\/2019\/10\/Diego-de-Almagro.jpg?resize=400%2C247&amp;ssl=1 400w\" sizes=\"auto, (max-width: 580px) 100vw, 580px\" \/><figcaption id=\"caption-attachment-94700\" class=\"wp-caption-text\">Este es el lugar donde se re\u00fane gran cantidad de haitianos, especialmente en la ma\u00f1ana tipo 07:00 horas para salir a sus trabajos. (Gentileza RP).<\/figcaption><\/figure>\n","protected":false},"excerpt":{"rendered":"<p>Avenida Diego de Almagro con Chorrillos: Una verdadera tragedia es lo que est\u00e1 viviendo una vecina de Avenida Diego de Almagro con Chorrillos, a causa de la presencia de ciudadanos haitianos, alrededor&#8230;<\/p>\n","protected":false},"author":482,"featured_media":94700,"comment_status":"open","ping_status":"open","sticky":false,"template":"","format":"standard","meta":{"advanced_seo_description":"","jetpack_seo_html_title":"","jetpack_seo_noindex":false,"_jetpack_memberships_contains_paid_content":false,"footnotes":""},"categories":[15],"tags":[],"class_list":["post-94699","post","type-post","status-publish","format-standard","has-post-thumbnail","hentry","category-comunidad"],"jetpack_featured_media_url":"https:\/\/i0.wp.com\/eltrabajo.cl\/portal\/wp-content\/uploads\/2019\/10\/Diego-de-Almagro.jpg?fit=580%2C358&ssl=1","jetpack_sharing_enabled":true,"jetpack_likes_enabled":true,"jetpack-related-posts":[],"_links":{"self":[{"href":"https:\/\/eltrabajo.cl\/portal\/wp-json\/wp\/v2\/posts\/94699","targetHints":{"allow":["GET"]}}],"collection":[{"href":"https:\/\/eltrabajo.cl\/portal\/wp-json\/wp\/v2\/posts"}],"about":[{"href":"https:\/\/eltrabajo.cl\/portal\/wp-json\/wp\/v2\/types\/post"}],"author":[{"embeddable":true,"href":"https:\/\/eltrabajo.cl\/portal\/wp-json\/wp\/v2\/users\/482"}],"replies":[{"embeddable":true,"href":"https:\/\/eltrabajo.cl\/portal\/wp-json\/wp\/v2\/comments?post=94699"}],"version-history":[{"count":0,"href":"https:\/\/eltrabajo.cl\/portal\/wp-json\/wp\/v2\/posts\/94699\/revisions"}],"wp:featuredmedia":[{"embeddable":true,"href":"https:\/\/eltrabajo.cl\/portal\/wp-json\/wp\/v2\/media\/94700"}],"wp:attachment":[{"href":"https:\/\/eltrabajo.cl\/portal\/wp-json\/wp\/v2\/media?parent=94699"}],"wp:term":[{"taxonomy":"category","embeddable":true,"href":"https:\/\/eltrabajo.cl\/portal\/wp-json\/wp\/v2\/categories?post=94699"},{"taxonomy":"post_tag","embeddable":true,"href":"https:\/\/eltrabajo.cl\/portal\/wp-json\/wp\/v2\/tags?post=94699"}],"curies":[{"name":"wp","href":"https:\/\/api.w.org\/{rel}","templated":true}]}}