{"id":94738,"date":"2019-10-11T05:01:29","date_gmt":"2019-10-11T08:01:29","guid":{"rendered":"http:\/\/www.eltrabajo.cl\/portal\/?p=94738"},"modified":"2019-10-10T20:49:34","modified_gmt":"2019-10-10T23:49:34","slug":"victima-sorprendio-a-ladron-robando-al-interior-de-su-casa-a-plena-luz-de-dia","status":"publish","type":"post","link":"https:\/\/eltrabajo.cl\/portal\/victima-sorprendio-a-ladron-robando-al-interior-de-su-casa-a-plena-luz-de-dia\/","title":{"rendered":"V\u00edctima sorprendi\u00f3 a ladr\u00f3n robando al interior de su casa a plena luz de d\u00eda"},"content":{"rendered":"<p><span style=\"color: #ff0000;\"><strong>Imputado tras ser detenido qued\u00f3 en prisi\u00f3n preventiva:<\/strong><\/span><\/p>\n<ul>\n<li><strong>Hecho ocurri\u00f3 en una vivienda en la poblaci\u00f3n Pedro Aguirre Cerda de San Felipe. <\/strong><\/li>\n<\/ul>\n<p>Por el delito de robo en lugar habitado fue formalizado un antisocial luego de ser detenido por Carabineros, acusado de cometer el robo de especies desde un veh\u00edculo estacionado en una vivienda ubicada en la poblaci\u00f3n Pedro Aguirre Cerda de San Felipe, siendo descubierto por su propietaria.<br \/>\nSeg\u00fan los antecedentes policiales, el hecho se habr\u00eda registrado a plena luz del d\u00eda de este martes, luego que el sujeto habr\u00eda irrumpido en el domicilio y habr\u00eda extra\u00eddo una bater\u00eda y otros cables desde el veh\u00edculo marca Nissan de la v\u00edctima.<br \/>\nEl delito fue denunciado a Carabineros por la afectada, quien identific\u00f3 al ladr\u00f3n por ser conocido en el sector, siendo capturado por los uniformados.<br \/>\nEl imputado fue identificado como Cristi\u00e1n Bascu\u00f1\u00e1n Sabaj, quien mantiene antecedentes delictuales, siendo trasladado hasta el Juzgado de Garant\u00eda de San Felipe.<br \/>\nEl fiscal jefe Eduardo Fajardo De La Cuba, formaliz\u00f3 al imputado por el delito de robo en lugar habitado, requiriendo al Juez de Garant\u00eda la m\u00e1xima cautelar de prisi\u00f3n preventiva por representar un peligro para la v\u00edctima y el resto de la sociedad.<br \/>\nEl tribunal asign\u00f3 dicha cautelar, ordenando el ingreso del detenido a la c\u00e1rcel, fijando un plazo de investigaci\u00f3n de 60 d\u00edas.<br \/>\n<strong>Pablo Salinas Sald\u00edas<\/strong><\/p>\n<figure id=\"attachment_94739\" aria-describedby=\"caption-attachment-94739\" style=\"width: 580px\" class=\"wp-caption alignnone\"><img data-recalc-dims=\"1\" loading=\"lazy\" decoding=\"async\" class=\"size-full wp-image-94739\" src=\"https:\/\/i0.wp.com\/www.eltrabajo.cl\/portal\/wp-content\/uploads\/2019\/10\/Detenido-carabineros-2.jpg?resize=580%2C360\" alt=\"El imputado fue capturado por Carabineros de San Felipe y trasladado a tribunales, quedando en prisi\u00f3n preventiva por el delito de robo en lugar habitado. (Fotograf\u00eda Referencial). \" width=\"580\" height=\"360\" srcset=\"https:\/\/i0.wp.com\/eltrabajo.cl\/portal\/wp-content\/uploads\/2019\/10\/Detenido-carabineros-2.jpg?w=580&amp;ssl=1 580w, https:\/\/i0.wp.com\/eltrabajo.cl\/portal\/wp-content\/uploads\/2019\/10\/Detenido-carabineros-2.jpg?resize=200%2C124&amp;ssl=1 200w, https:\/\/i0.wp.com\/eltrabajo.cl\/portal\/wp-content\/uploads\/2019\/10\/Detenido-carabineros-2.jpg?resize=300%2C186&amp;ssl=1 300w, https:\/\/i0.wp.com\/eltrabajo.cl\/portal\/wp-content\/uploads\/2019\/10\/Detenido-carabineros-2.jpg?resize=242%2C150&amp;ssl=1 242w, https:\/\/i0.wp.com\/eltrabajo.cl\/portal\/wp-content\/uploads\/2019\/10\/Detenido-carabineros-2.jpg?resize=400%2C248&amp;ssl=1 400w\" sizes=\"auto, (max-width: 580px) 100vw, 580px\" \/><figcaption id=\"caption-attachment-94739\" class=\"wp-caption-text\">El imputado fue capturado por Carabineros de San Felipe y trasladado a tribunales, quedando en prisi\u00f3n preventiva por el delito de robo en lugar habitado. (Fotograf\u00eda Referencial).<\/figcaption><\/figure>\n","protected":false},"excerpt":{"rendered":"<p>Imputado tras ser detenido qued\u00f3 en prisi\u00f3n preventiva: Hecho ocurri\u00f3 en una vivienda en la poblaci\u00f3n Pedro Aguirre Cerda de San Felipe. Por el delito de robo en lugar habitado fue formalizado&#8230;<\/p>\n","protected":false},"author":482,"featured_media":94739,"comment_status":"open","ping_status":"open","sticky":false,"template":"","format":"standard","meta":{"advanced_seo_description":"","jetpack_seo_html_title":"","jetpack_seo_noindex":false,"_jetpack_memberships_contains_paid_content":false,"footnotes":""},"categories":[21],"tags":[],"class_list":["post-94738","post","type-post","status-publish","format-standard","has-post-thumbnail","hentry","category-policial"],"jetpack_featured_media_url":"https:\/\/i0.wp.com\/eltrabajo.cl\/portal\/wp-content\/uploads\/2019\/10\/Detenido-carabineros-2.jpg?fit=580%2C360&ssl=1","jetpack_sharing_enabled":true,"jetpack_likes_enabled":true,"jetpack-related-posts":[],"_links":{"self":[{"href":"https:\/\/eltrabajo.cl\/portal\/wp-json\/wp\/v2\/posts\/94738","targetHints":{"allow":["GET"]}}],"collection":[{"href":"https:\/\/eltrabajo.cl\/portal\/wp-json\/wp\/v2\/posts"}],"about":[{"href":"https:\/\/eltrabajo.cl\/portal\/wp-json\/wp\/v2\/types\/post"}],"author":[{"embeddable":true,"href":"https:\/\/eltrabajo.cl\/portal\/wp-json\/wp\/v2\/users\/482"}],"replies":[{"embeddable":true,"href":"https:\/\/eltrabajo.cl\/portal\/wp-json\/wp\/v2\/comments?post=94738"}],"version-history":[{"count":0,"href":"https:\/\/eltrabajo.cl\/portal\/wp-json\/wp\/v2\/posts\/94738\/revisions"}],"wp:featuredmedia":[{"embeddable":true,"href":"https:\/\/eltrabajo.cl\/portal\/wp-json\/wp\/v2\/media\/94739"}],"wp:attachment":[{"href":"https:\/\/eltrabajo.cl\/portal\/wp-json\/wp\/v2\/media?parent=94738"}],"wp:term":[{"taxonomy":"category","embeddable":true,"href":"https:\/\/eltrabajo.cl\/portal\/wp-json\/wp\/v2\/categories?post=94738"},{"taxonomy":"post_tag","embeddable":true,"href":"https:\/\/eltrabajo.cl\/portal\/wp-json\/wp\/v2\/tags?post=94738"}],"curies":[{"name":"wp","href":"https:\/\/api.w.org\/{rel}","templated":true}]}}