{"id":94741,"date":"2019-10-11T05:02:42","date_gmt":"2019-10-11T08:02:42","guid":{"rendered":"http:\/\/www.eltrabajo.cl\/portal\/?p=94741"},"modified":"2019-10-10T20:53:02","modified_gmt":"2019-10-10T23:53:02","slug":"amarran-cuerdas-de-los-semaforos-para-hacer-malabares-en-la-via-publica","status":"publish","type":"post","link":"https:\/\/eltrabajo.cl\/portal\/amarran-cuerdas-de-los-semaforos-para-hacer-malabares-en-la-via-publica\/","title":{"rendered":"Amarran cuerdas de los sem\u00e1foros para hacer malabares en la v\u00eda p\u00fablica"},"content":{"rendered":"<p>El tema de los artistas, mimos, malabaristas y cheerleaders improvisados que pululan en los sem\u00e1foros de nuestra ciudad pr\u00e1cticamente ya han sido \u2018adoptados\u2019 por nuestra sociedad como parte de la cultura urbana, sin embargo, desde hace unas semanas han aparecido varios, pocos m\u00e1s bien, que amarran gruesas cuerdas en los postes y sem\u00e1foros para ejecutar malabares durante los 40 o 50 segundos del sem\u00e1foro en rojo.<br \/>\nEsta situaci\u00f3n ha generado algunas llamadas de atenci\u00f3n al pasar de los conductores, unos reclaman sobre \u00bfqu\u00e9 pasar\u00eda si Bomberos, Carabineros o alguna ambulancia tuviera que arrancar para atender una emergencia?<br \/>\nAyer cuando vimos la escena fuimos detectados por uno de estos \u2018malabaristas\u2019, quien se baj\u00f3 de la cuerda y busc\u00f3 ocultar la cuerda, sin embargo decidi\u00f3 hablar con nosotros.<br \/>\nLe hicimos la observaci\u00f3n sobre el peligro o quiz\u00e1s imprudencia y quiz\u00e1s hasta la falta en la que estaba incurriendo, pero indic\u00f3 que el tubo del sem\u00e1foro y el poste soportan su peso sin ning\u00fan problema. \u00bfQu\u00e9 opinan nuestros lectores?<\/p>\n<figure id=\"attachment_94743\" aria-describedby=\"caption-attachment-94743\" style=\"width: 579px\" class=\"wp-caption alignnone\"><img data-recalc-dims=\"1\" loading=\"lazy\" decoding=\"async\" class=\"size-full wp-image-94743\" src=\"https:\/\/i0.wp.com\/www.eltrabajo.cl\/portal\/wp-content\/uploads\/2019\/10\/Semaforos1.jpg?resize=579%2C850\" alt=\"OBSTACULIZA EL PASO.- Las c\u00e1maras de Diario El Trabajo registran el momento en que este joven intenta ya quitar la cuerda al sentirse fotografiado.\" width=\"579\" height=\"850\" srcset=\"https:\/\/i0.wp.com\/eltrabajo.cl\/portal\/wp-content\/uploads\/2019\/10\/Semaforos1.jpg?w=579&amp;ssl=1 579w, https:\/\/i0.wp.com\/eltrabajo.cl\/portal\/wp-content\/uploads\/2019\/10\/Semaforos1.jpg?resize=102%2C150&amp;ssl=1 102w, https:\/\/i0.wp.com\/eltrabajo.cl\/portal\/wp-content\/uploads\/2019\/10\/Semaforos1.jpg?resize=204%2C300&amp;ssl=1 204w, https:\/\/i0.wp.com\/eltrabajo.cl\/portal\/wp-content\/uploads\/2019\/10\/Semaforos1.jpg?resize=400%2C587&amp;ssl=1 400w\" sizes=\"auto, (max-width: 579px) 100vw, 579px\" \/><figcaption id=\"caption-attachment-94743\" class=\"wp-caption-text\">OBSTACULIZA EL PASO.- Las c\u00e1maras de Diario El Trabajo registran el momento en que este joven intenta ya quitar la cuerda al sentirse fotografiado.<\/figcaption><\/figure>\n<figure id=\"attachment_94744\" aria-describedby=\"caption-attachment-94744\" style=\"width: 580px\" class=\"wp-caption alignnone\"><img data-recalc-dims=\"1\" loading=\"lazy\" decoding=\"async\" class=\"size-full wp-image-94744\" src=\"https:\/\/i0.wp.com\/www.eltrabajo.cl\/portal\/wp-content\/uploads\/2019\/10\/Semaforos2.jpg?resize=580%2C1112\" alt=\"FLECHA DELATORA.- Ojala este joven no sufra alg\u00fan accidente o provoque uno.\" width=\"580\" height=\"1112\" srcset=\"https:\/\/i0.wp.com\/eltrabajo.cl\/portal\/wp-content\/uploads\/2019\/10\/Semaforos2.jpg?w=580&amp;ssl=1 580w, https:\/\/i0.wp.com\/eltrabajo.cl\/portal\/wp-content\/uploads\/2019\/10\/Semaforos2.jpg?resize=78%2C150&amp;ssl=1 78w, https:\/\/i0.wp.com\/eltrabajo.cl\/portal\/wp-content\/uploads\/2019\/10\/Semaforos2.jpg?resize=156%2C300&amp;ssl=1 156w, https:\/\/i0.wp.com\/eltrabajo.cl\/portal\/wp-content\/uploads\/2019\/10\/Semaforos2.jpg?resize=534%2C1024&amp;ssl=1 534w, https:\/\/i0.wp.com\/eltrabajo.cl\/portal\/wp-content\/uploads\/2019\/10\/Semaforos2.jpg?resize=400%2C767&amp;ssl=1 400w\" sizes=\"auto, (max-width: 580px) 100vw, 580px\" \/><figcaption id=\"caption-attachment-94744\" class=\"wp-caption-text\">FLECHA DELATORA.- Ojala este joven no sufra alg\u00fan accidente o provoque uno.<\/figcaption><\/figure>\n","protected":false},"excerpt":{"rendered":"<p>El tema de los artistas, mimos, malabaristas y cheerleaders improvisados que pululan en los sem\u00e1foros de nuestra ciudad pr\u00e1cticamente ya han sido \u2018adoptados\u2019 por nuestra sociedad como parte de la cultura urbana,&#8230;<\/p>\n","protected":false},"author":482,"featured_media":94742,"comment_status":"open","ping_status":"open","sticky":false,"template":"","format":"standard","meta":{"advanced_seo_description":"","jetpack_seo_html_title":"","jetpack_seo_noindex":false,"_jetpack_memberships_contains_paid_content":false,"footnotes":""},"categories":[15],"tags":[],"class_list":["post-94741","post","type-post","status-publish","format-standard","has-post-thumbnail","hentry","category-comunidad"],"jetpack_featured_media_url":"https:\/\/i0.wp.com\/eltrabajo.cl\/portal\/wp-content\/uploads\/2019\/10\/semaforos.jpg?fit=580%2C360&ssl=1","jetpack_sharing_enabled":true,"jetpack_likes_enabled":true,"jetpack-related-posts":[],"_links":{"self":[{"href":"https:\/\/eltrabajo.cl\/portal\/wp-json\/wp\/v2\/posts\/94741","targetHints":{"allow":["GET"]}}],"collection":[{"href":"https:\/\/eltrabajo.cl\/portal\/wp-json\/wp\/v2\/posts"}],"about":[{"href":"https:\/\/eltrabajo.cl\/portal\/wp-json\/wp\/v2\/types\/post"}],"author":[{"embeddable":true,"href":"https:\/\/eltrabajo.cl\/portal\/wp-json\/wp\/v2\/users\/482"}],"replies":[{"embeddable":true,"href":"https:\/\/eltrabajo.cl\/portal\/wp-json\/wp\/v2\/comments?post=94741"}],"version-history":[{"count":0,"href":"https:\/\/eltrabajo.cl\/portal\/wp-json\/wp\/v2\/posts\/94741\/revisions"}],"wp:featuredmedia":[{"embeddable":true,"href":"https:\/\/eltrabajo.cl\/portal\/wp-json\/wp\/v2\/media\/94742"}],"wp:attachment":[{"href":"https:\/\/eltrabajo.cl\/portal\/wp-json\/wp\/v2\/media?parent=94741"}],"wp:term":[{"taxonomy":"category","embeddable":true,"href":"https:\/\/eltrabajo.cl\/portal\/wp-json\/wp\/v2\/categories?post=94741"},{"taxonomy":"post_tag","embeddable":true,"href":"https:\/\/eltrabajo.cl\/portal\/wp-json\/wp\/v2\/tags?post=94741"}],"curies":[{"name":"wp","href":"https:\/\/api.w.org\/{rel}","templated":true}]}}