{"id":94746,"date":"2019-10-11T05:03:12","date_gmt":"2019-10-11T08:03:12","guid":{"rendered":"http:\/\/www.eltrabajo.cl\/portal\/?p=94746"},"modified":"2019-10-10T20:54:46","modified_gmt":"2019-10-10T23:54:46","slug":"continuan-las-actividades-para-ir-en-ayuda-de-los-crianceros-de-putaendo","status":"publish","type":"post","link":"https:\/\/eltrabajo.cl\/portal\/continuan-las-actividades-para-ir-en-ayuda-de-los-crianceros-de-putaendo\/","title":{"rendered":"Contin\u00faan las actividades para ir en ayuda de los crianceros de Putaendo"},"content":{"rendered":"<p><span style=\"color: #ff0000;\"><strong>Capacitar\u00e1n monitores para cultivos hidrop\u00f3nicos:<\/strong><\/span><\/p>\n<p><strong>Juan Gonz\u00e1lez<\/strong>, de Carnes Kar, conocido tambi\u00e9n por llevar adelante una campa\u00f1a de ayuda a los crianceros de Putaendo, dijo que van a tener actividades este fin de semana para recolectar ayuda.<br \/>\n\u00abContinuamos con la ayuda a los crianceros, porque esto se viene para largo. Actividades inmediatas este s\u00e1bado 12 vamos a estar en la Villa El Se\u00f1orial, en la plaza que est\u00e1 entre Ej\u00e9rcito Libertador y Julio Montero, recolectando ayuda para el domingo ir en caravana a dejarla a la zona de Putaendo. El 27 de octubre en el estadio fiscal, a contar de las 11:00 horas, tenemos un encuentro tuninng que va a ser con ranking a nivel nacional, donde esperamos lograr tener m\u00e1s de doscientos autos y va a ser una fiesta familiar, porque va a haber foodtruck, juegos inflables, de todo, y lo que tenemos como novedad son monitores y estamos comenzando a capacitar en cultivo hidrop\u00f3nico, donde la meta nuestra es crear el primer plantado a los muchachos, a la gente dejarle la infraestructura, armado con un saco de cebada que bota\u2026 un saco de 20 kilos bota 150 kilos de cebada, y despu\u00e9s que ellos mismos vayan pero solamente renovando la cebada, o sea la semilla que es el valor m\u00ednimo, para cosa de no vamos a poder eternizar la ayuda, pero con eso le vamos a aportar para que ellos sigan auto gestionando.<br \/>\n<strong>&#8211; Ustedes han estado en el lugar, en contacto con la gente, se dan cifras de tres mil, cuatro mil, de cinco mil animales muertos, pero ustedes no s\u00e9 si tienen la informaci\u00f3n aproximada de cu\u00e1nto es.<\/strong><br \/>\n&#8211; Cada semana que pasa encuentras un animal muerto en un corral, es decir toda la semana, por ejemplo una vaquita est\u00e1 echada porque no se puede parar, por falta de fuerza, el ternero al lado muerto; los cabritos si t\u00fa vas por el camino, los ves a orilla de carretera comiendo piedras poco menos.<br \/>\n<strong>&#8211; Ellos dicen o califican que ha llegado tarde la ayuda, \u00bfha sido tard\u00eda la reacci\u00f3n de las autoridades?<\/strong><br \/>\n&#8211; Hay mucha gente que dice que somos los \u00fanicos que hemos llevado ayuda, por ejemplo en Guzmanes dicen que somos los \u00fanicos que llegamos, en Los Patos hacia el interior tambi\u00e9n no ha llegado nadie con ayuda; hay un se\u00f1or que siembra or\u00e9gano y la desmalez\u00e1 se la llevan los cabritos que tiene un poco m\u00e1s all\u00e1 un criancero, pero ayuda formal no ha llegado, han llegado para la foto. El otro d\u00eda lleg\u00f3 un diputado con un cami\u00f3n de pasto, pero eso es como darle limosna a la gente, yo creo, o por ejemplo un industrial paltero el otro d\u00eda yo creo que fue como iron\u00eda, llega a Cabildo con un cami\u00f3n con pasto.<br \/>\nReiter\u00f3 que este s\u00e1bado 12 de octubre van a estar recolectado ayuda en Villa El Se\u00f1orial.<\/p>\n<figure id=\"attachment_94747\" aria-describedby=\"caption-attachment-94747\" style=\"width: 580px\" class=\"wp-caption alignnone\"><img data-recalc-dims=\"1\" loading=\"lazy\" decoding=\"async\" class=\"size-full wp-image-94747\" src=\"https:\/\/i0.wp.com\/www.eltrabajo.cl\/portal\/wp-content\/uploads\/2019\/10\/ayuda-a-crianceros-12y3-copia.jpg?resize=580%2C360\" alt=\"En muchos lugares como Guzmanes o al interior de Los Patos, los crianceros han recibido exclusivamente la ayuda de voluntarios, pues del Gobierno no han recibido absolutamente nada.\" width=\"580\" height=\"360\" srcset=\"https:\/\/i0.wp.com\/eltrabajo.cl\/portal\/wp-content\/uploads\/2019\/10\/ayuda-a-crianceros-12y3-copia.jpg?w=580&amp;ssl=1 580w, https:\/\/i0.wp.com\/eltrabajo.cl\/portal\/wp-content\/uploads\/2019\/10\/ayuda-a-crianceros-12y3-copia.jpg?resize=200%2C124&amp;ssl=1 200w, https:\/\/i0.wp.com\/eltrabajo.cl\/portal\/wp-content\/uploads\/2019\/10\/ayuda-a-crianceros-12y3-copia.jpg?resize=300%2C186&amp;ssl=1 300w, https:\/\/i0.wp.com\/eltrabajo.cl\/portal\/wp-content\/uploads\/2019\/10\/ayuda-a-crianceros-12y3-copia.jpg?resize=242%2C150&amp;ssl=1 242w, https:\/\/i0.wp.com\/eltrabajo.cl\/portal\/wp-content\/uploads\/2019\/10\/ayuda-a-crianceros-12y3-copia.jpg?resize=400%2C248&amp;ssl=1 400w\" sizes=\"auto, (max-width: 580px) 100vw, 580px\" \/><figcaption id=\"caption-attachment-94747\" class=\"wp-caption-text\">En muchos lugares como Guzmanes o al interior de Los Patos, los crianceros han recibido exclusivamente la ayuda de voluntarios, pues del Gobierno no han recibido absolutamente nada.<\/figcaption><\/figure>\n","protected":false},"excerpt":{"rendered":"<p>Capacitar\u00e1n monitores para cultivos hidrop\u00f3nicos: Juan Gonz\u00e1lez, de Carnes Kar, conocido tambi\u00e9n por llevar adelante una campa\u00f1a de ayuda a los crianceros de Putaendo, dijo que van a tener actividades este fin&#8230;<\/p>\n","protected":false},"author":482,"featured_media":94747,"comment_status":"open","ping_status":"open","sticky":false,"template":"","format":"standard","meta":{"advanced_seo_description":"","jetpack_seo_html_title":"","jetpack_seo_noindex":false,"_jetpack_memberships_contains_paid_content":false,"footnotes":""},"categories":[15],"tags":[],"class_list":["post-94746","post","type-post","status-publish","format-standard","has-post-thumbnail","hentry","category-comunidad"],"jetpack_featured_media_url":"https:\/\/i0.wp.com\/eltrabajo.cl\/portal\/wp-content\/uploads\/2019\/10\/ayuda-a-crianceros-12y3-copia.jpg?fit=580%2C360&ssl=1","jetpack_sharing_enabled":true,"jetpack_likes_enabled":true,"jetpack-related-posts":[],"_links":{"self":[{"href":"https:\/\/eltrabajo.cl\/portal\/wp-json\/wp\/v2\/posts\/94746","targetHints":{"allow":["GET"]}}],"collection":[{"href":"https:\/\/eltrabajo.cl\/portal\/wp-json\/wp\/v2\/posts"}],"about":[{"href":"https:\/\/eltrabajo.cl\/portal\/wp-json\/wp\/v2\/types\/post"}],"author":[{"embeddable":true,"href":"https:\/\/eltrabajo.cl\/portal\/wp-json\/wp\/v2\/users\/482"}],"replies":[{"embeddable":true,"href":"https:\/\/eltrabajo.cl\/portal\/wp-json\/wp\/v2\/comments?post=94746"}],"version-history":[{"count":0,"href":"https:\/\/eltrabajo.cl\/portal\/wp-json\/wp\/v2\/posts\/94746\/revisions"}],"wp:featuredmedia":[{"embeddable":true,"href":"https:\/\/eltrabajo.cl\/portal\/wp-json\/wp\/v2\/media\/94747"}],"wp:attachment":[{"href":"https:\/\/eltrabajo.cl\/portal\/wp-json\/wp\/v2\/media?parent=94746"}],"wp:term":[{"taxonomy":"category","embeddable":true,"href":"https:\/\/eltrabajo.cl\/portal\/wp-json\/wp\/v2\/categories?post=94746"},{"taxonomy":"post_tag","embeddable":true,"href":"https:\/\/eltrabajo.cl\/portal\/wp-json\/wp\/v2\/tags?post=94746"}],"curies":[{"name":"wp","href":"https:\/\/api.w.org\/{rel}","templated":true}]}}