{"id":94749,"date":"2019-10-11T05:04:49","date_gmt":"2019-10-11T08:04:49","guid":{"rendered":"http:\/\/www.eltrabajo.cl\/portal\/?p=94749"},"modified":"2019-10-10T20:56:36","modified_gmt":"2019-10-10T23:56:36","slug":"joven-asegura-ser-inocente-tras-ser-detenido-y-acusado-por-millonario-robo-de-pasas","status":"publish","type":"post","link":"https:\/\/eltrabajo.cl\/portal\/joven-asegura-ser-inocente-tras-ser-detenido-y-acusado-por-millonario-robo-de-pasas\/","title":{"rendered":"Joven asegura ser inocente tras ser detenido y acusado por millonario robo de pasas"},"content":{"rendered":"<p><span style=\"color: #ff0000;\"><strong>Camilo Hern\u00e1ndez entreg\u00f3 su versi\u00f3n a Diario El Trabajo:<\/strong><\/span><\/p>\n<ul>\n<li><strong>Acusado sostiene que todo se habr\u00eda tratado de un enga\u00f1o luego que un extrabajador de la empresa afectada lo habr\u00eda contratado para efectuar un flete. El afectado enfatiza que al percatarse del il\u00edcito abandon\u00f3 el lugar, siendo perseguido por los due\u00f1os de la exportadora que lo entregaron a Carabineros.<\/strong><\/li>\n<\/ul>\n<p>Insistiendo en su total inocencia, Camilo Andr\u00e9s Hern\u00e1ndez Ca\u00f1ete, de 26 a\u00f1os de edad, asegur\u00f3 que todo se trat\u00f3 de un enga\u00f1o luego de ser detenido por Carabineros como coautor de robo de pasas de exportaci\u00f3n avaluadas en dos millones de pesos desde la empresa IAL Limitada, hecho ocurrido en el sector Lo Vicu\u00f1a en Guzmanes en horas de la noche de este lunes.<br \/>\nEl joven a trav\u00e9s de una entrevista concedida a Diario El Trabajo, detalla que aquel d\u00eda fue contratado para efectuar un flete y al momento de percatarse que se trataba de un robo, abandon\u00f3 el lugar, siendo perseguido por los due\u00f1os de la empresa, hasta ser detenido y formalizado en tribunales.<br \/>\nCamilo explica que se inici\u00f3 un proceso judicial para aclarar lo sucedido y que le ha tra\u00eddo diversas complicaciones como su exposici\u00f3n y cr\u00edticas en redes sociales, hasta llegar a perder su fuente laboral. El acusado insiste en su inocencia y asegura no haber tenido nada que ver con el robo de pasas.<br \/>\n<strong>&#8211; \u00bfQu\u00e9 fue lo que sucedi\u00f3 ese d\u00eda?<\/strong><br \/>\n&#8211; A m\u00ed me contrataron para un flete, yo hice el flete, al momento que yo iba llegando al lugar me di cuenta que era algo il\u00edcito y al venirme me di cuenta que me ven\u00eda siguiendo un auto. El ni\u00f1o se dio a la fuga (la persona que lo ven\u00eda acompa\u00f1ando). Al venirme me hicieron persecuci\u00f3n, me ven\u00eda siguiendo un auto y eran los due\u00f1os (de la empresa afectada) y yo par\u00e9 para conversar con los due\u00f1os. Al conversar con ellos llamaron a Carabineros y yo me entregu\u00e9 junto a los due\u00f1os a Carabineros, allanaron la camioneta y resulta que no ten\u00eda nada, estaba limpia y despu\u00e9s efectuaron todo el procedimiento, nunca estaba cargada (con pasas).<br \/>\n<strong>&#8211; \u00bfQui\u00e9n fue la persona que lo contrat\u00f3?<\/strong><br \/>\n&#8211; Es un conocido, no sabr\u00eda decirle c\u00f3mo se llamaba, s\u00e9 que trabajaba ah\u00ed. Me contrat\u00f3 para hacer un flete y yo no sab\u00eda a lo que iba; yo al darme cuenta me vine. Diez mil pesos me pag\u00f3 y eso fue lo que declar\u00e9 en Carabineros.<br \/>\n<strong>&#8211; \u00bfUd. acompa\u00f1\u00f3 a esta persona hasta la empresa?<\/strong><br \/>\n&#8211; S\u00ed, al darme cuenta que estaba haciendo algo malo, algo il\u00edcito, yo me vine al tiro y lo dej\u00e9 botado. Cuando me siguieron los due\u00f1os, yo mismo me par\u00e9 para decirles que me hab\u00edan pagado por un flete.<br \/>\n<strong>&#8211; \u00bfC\u00f3mo se dio cuenta que todo se trataba de un il\u00edcito?<\/strong><br \/>\n&#8211; Porque entramos a un calle oscura y el ni\u00f1o se baj\u00f3 y me dijo que iba a buscar unos sacos. Al momento de llegar hab\u00edan personas que le gritaban: \u2018te cachamos, te cachamos\u2019 y ah\u00ed me di cuenta que era il\u00edcito y yo me vine y \u00e9l se dio a la fuga porque no lo vi m\u00e1s.<br \/>\n<strong>&#8211; \u00bfQu\u00e9 le dijo usted a los due\u00f1os de la empresa?<\/strong><br \/>\n&#8211; Que hab\u00eda sido contratado para hacer un flete y que no ten\u00eda idea a lo que iba. Lo que me pagaron me lo decomisaron los Carabineros.<br \/>\n<strong>&#8211; \u00bfUsted fue formalizado en Tribunales?<\/strong><br \/>\n&#8211; S\u00ed, estuve detenido toda la noche en el calabozo. Al d\u00eda siguiente fui formalizado como coautor de robo frustrado.<br \/>\n<strong>&#8211; \u00bfCon qu\u00e9 cautelares qued\u00f3?<\/strong><br \/>\n&#8211; Con firma mensual, orden de alejamiento a la empresa, arraigo nacional y 60 d\u00edas de investigaci\u00f3n.<br \/>\n<strong>&#8211; \u00bfUsted tiene antecedentes policiales?<\/strong><br \/>\n&#8211; Nada, estoy limpio.<br \/>\n<strong>&#8211; \u00bfQu\u00e9 complicaciones le ha tra\u00eddo todo esto?<\/strong><br \/>\n&#8211; Perd\u00ed mi trabajo porque sali\u00f3 en redes sociales, me dejaron mal mi imagen. Al ver las redes sociales me despidieron.<br \/>\n<strong>Pablo Salinas Sald\u00edas<\/strong><\/p>\n<figure id=\"attachment_94750\" aria-describedby=\"caption-attachment-94750\" style=\"width: 580px\" class=\"wp-caption alignnone\"><img data-recalc-dims=\"1\" loading=\"lazy\" decoding=\"async\" class=\"size-full wp-image-94750\" src=\"https:\/\/i0.wp.com\/www.eltrabajo.cl\/portal\/wp-content\/uploads\/2019\/10\/camilo-hernandez.jpg?resize=580%2C359\" alt=\"El joven imputado fue formalizado este martes en el Tribunal de Garant\u00eda de Putaendo como coautor de robo frustrado. (Fotograf\u00eda: Putaendo Informa).\" width=\"580\" height=\"359\" srcset=\"https:\/\/i0.wp.com\/eltrabajo.cl\/portal\/wp-content\/uploads\/2019\/10\/camilo-hernandez.jpg?w=580&amp;ssl=1 580w, https:\/\/i0.wp.com\/eltrabajo.cl\/portal\/wp-content\/uploads\/2019\/10\/camilo-hernandez.jpg?resize=200%2C124&amp;ssl=1 200w, https:\/\/i0.wp.com\/eltrabajo.cl\/portal\/wp-content\/uploads\/2019\/10\/camilo-hernandez.jpg?resize=300%2C186&amp;ssl=1 300w, https:\/\/i0.wp.com\/eltrabajo.cl\/portal\/wp-content\/uploads\/2019\/10\/camilo-hernandez.jpg?resize=242%2C150&amp;ssl=1 242w, https:\/\/i0.wp.com\/eltrabajo.cl\/portal\/wp-content\/uploads\/2019\/10\/camilo-hernandez.jpg?resize=400%2C248&amp;ssl=1 400w\" sizes=\"auto, (max-width: 580px) 100vw, 580px\" \/><figcaption id=\"caption-attachment-94750\" class=\"wp-caption-text\">El joven imputado fue formalizado este martes en el Tribunal de Garant\u00eda de Putaendo como coautor de robo frustrado. (Fotograf\u00eda: Putaendo Informa).<\/figcaption><\/figure>\n","protected":false},"excerpt":{"rendered":"<p>Camilo Hern\u00e1ndez entreg\u00f3 su versi\u00f3n a Diario El Trabajo: Acusado sostiene que todo se habr\u00eda tratado de un enga\u00f1o luego que un extrabajador de la empresa afectada lo habr\u00eda contratado para efectuar&#8230;<\/p>\n","protected":false},"author":482,"featured_media":94750,"comment_status":"open","ping_status":"open","sticky":false,"template":"","format":"standard","meta":{"advanced_seo_description":"","jetpack_seo_html_title":"","jetpack_seo_noindex":false,"_jetpack_memberships_contains_paid_content":false,"footnotes":""},"categories":[21],"tags":[],"class_list":["post-94749","post","type-post","status-publish","format-standard","has-post-thumbnail","hentry","category-policial"],"jetpack_featured_media_url":"https:\/\/i0.wp.com\/eltrabajo.cl\/portal\/wp-content\/uploads\/2019\/10\/camilo-hernandez.jpg?fit=580%2C359&ssl=1","jetpack_sharing_enabled":true,"jetpack_likes_enabled":true,"jetpack-related-posts":[],"_links":{"self":[{"href":"https:\/\/eltrabajo.cl\/portal\/wp-json\/wp\/v2\/posts\/94749","targetHints":{"allow":["GET"]}}],"collection":[{"href":"https:\/\/eltrabajo.cl\/portal\/wp-json\/wp\/v2\/posts"}],"about":[{"href":"https:\/\/eltrabajo.cl\/portal\/wp-json\/wp\/v2\/types\/post"}],"author":[{"embeddable":true,"href":"https:\/\/eltrabajo.cl\/portal\/wp-json\/wp\/v2\/users\/482"}],"replies":[{"embeddable":true,"href":"https:\/\/eltrabajo.cl\/portal\/wp-json\/wp\/v2\/comments?post=94749"}],"version-history":[{"count":0,"href":"https:\/\/eltrabajo.cl\/portal\/wp-json\/wp\/v2\/posts\/94749\/revisions"}],"wp:featuredmedia":[{"embeddable":true,"href":"https:\/\/eltrabajo.cl\/portal\/wp-json\/wp\/v2\/media\/94750"}],"wp:attachment":[{"href":"https:\/\/eltrabajo.cl\/portal\/wp-json\/wp\/v2\/media?parent=94749"}],"wp:term":[{"taxonomy":"category","embeddable":true,"href":"https:\/\/eltrabajo.cl\/portal\/wp-json\/wp\/v2\/categories?post=94749"},{"taxonomy":"post_tag","embeddable":true,"href":"https:\/\/eltrabajo.cl\/portal\/wp-json\/wp\/v2\/tags?post=94749"}],"curies":[{"name":"wp","href":"https:\/\/api.w.org\/{rel}","templated":true}]}}