{"id":94752,"date":"2019-10-11T05:05:54","date_gmt":"2019-10-11T08:05:54","guid":{"rendered":"http:\/\/www.eltrabajo.cl\/portal\/?p=94752"},"modified":"2019-10-10T20:58:40","modified_gmt":"2019-10-10T23:58:40","slug":"cinco-funcionarios-del-sag-intoxicados-con-monoxido-de-carbono-en-recien-inaugurado-complejo-los-libertadores","status":"publish","type":"post","link":"https:\/\/eltrabajo.cl\/portal\/cinco-funcionarios-del-sag-intoxicados-con-monoxido-de-carbono-en-recien-inaugurado-complejo-los-libertadores\/","title":{"rendered":"Cinco funcionarios del SAG intoxicados con mon\u00f3xido de carbono en reci\u00e9n inaugurado complejo Los Libertadores\u00a0"},"content":{"rendered":"<p><strong>LOS ANDES<\/strong>.- El gobernador <strong>Sergio Salazar<\/strong> confirm\u00f3 que cinco trabajadores del Servicio Agr\u00edcola y Ganadero, que se encontraban en el tercer nivel del recientemente inaugurado nuevo complejo Los Libertadores, sufrieron una intoxicaci\u00f3n por mon\u00f3xido de carbono.<br \/>\nLa emergencia se produjo el d\u00eda mi\u00e9rcoles por la tarde, en la zona de revisi\u00f3n de autom\u00f3viles ubicada en el tercer nivel, cuando los funcionarios comenzaron a experimentar molestias de salud como v\u00f3mitos, n\u00e1useas y malestares en la garganta, debiendo ser enviados hasta el policl\u00ednico de la Asociaci\u00f3n Chilena de Seguridad.<br \/>\nEl dirigente nacional de la Asociaci\u00f3n Nacional de Funcionarios del SAG, ingeniero agr\u00f3nomo Claudio Contreras, denunci\u00f3 que el nuevo complejo se encuentra mal dise\u00f1ado y existen problemas de ventilaci\u00f3n asociada a la acumulaci\u00f3n de gases que emiten los veh\u00edculos.<br \/>\n\u00abEl complejo est\u00e1 mal dise\u00f1ado, tiene unas aberturas entre el primer y segundo piso que son importantes y que permite que el aire del primer piso suba al segundo piso, y este recinto est\u00e1 mal gestionado porque las autoridades del complejo no activan los mecanismos de ventilaci\u00f3n porque les sale caro\u00bb, critic\u00f3.<br \/>\nSeg\u00fan se inform\u00f3, tres de los cinco funcionarios fueron dados de alta, mientras otros dos quedaron con licencia m\u00e9dica.<br \/>\nPor otra parte, el gobernador Salazar indic\u00f3 que le pidieron formalmente a la empresa concesionaria de que opere regularmente los termo ventiladores y turbinas para permitir la circulaci\u00f3n del aire a fin de que no haya acumulaci\u00f3n de gases en pisos superiores.<\/p>\n<figure id=\"attachment_94753\" aria-describedby=\"caption-attachment-94753\" style=\"width: 580px\" class=\"wp-caption alignnone\"><img data-recalc-dims=\"1\" loading=\"lazy\" decoding=\"async\" class=\"size-full wp-image-94753\" src=\"https:\/\/i0.wp.com\/www.eltrabajo.cl\/portal\/wp-content\/uploads\/2019\/10\/nuevo-complejo-los-libertadores.jpg?resize=580%2C360\" alt=\"El nuevo complejo Los Libertadores estar\u00eda mal dise\u00f1ado, con problemas de ventilaci\u00f3n asociada a la acumulaci\u00f3n de gases que emiten los veh\u00edculos, denunci\u00f3 un dirigente nacional de los funcionarios del SAG.\" width=\"580\" height=\"360\" srcset=\"https:\/\/i0.wp.com\/eltrabajo.cl\/portal\/wp-content\/uploads\/2019\/10\/nuevo-complejo-los-libertadores.jpg?w=580&amp;ssl=1 580w, https:\/\/i0.wp.com\/eltrabajo.cl\/portal\/wp-content\/uploads\/2019\/10\/nuevo-complejo-los-libertadores.jpg?resize=200%2C124&amp;ssl=1 200w, https:\/\/i0.wp.com\/eltrabajo.cl\/portal\/wp-content\/uploads\/2019\/10\/nuevo-complejo-los-libertadores.jpg?resize=300%2C186&amp;ssl=1 300w, https:\/\/i0.wp.com\/eltrabajo.cl\/portal\/wp-content\/uploads\/2019\/10\/nuevo-complejo-los-libertadores.jpg?resize=242%2C150&amp;ssl=1 242w, https:\/\/i0.wp.com\/eltrabajo.cl\/portal\/wp-content\/uploads\/2019\/10\/nuevo-complejo-los-libertadores.jpg?resize=400%2C248&amp;ssl=1 400w\" sizes=\"auto, (max-width: 580px) 100vw, 580px\" \/><figcaption id=\"caption-attachment-94753\" class=\"wp-caption-text\">El nuevo complejo Los Libertadores estar\u00eda mal dise\u00f1ado, con problemas de ventilaci\u00f3n asociada a la acumulaci\u00f3n de gases que emiten los veh\u00edculos, denunci\u00f3 un dirigente nacional de los funcionarios del SAG.<\/figcaption><\/figure>\n","protected":false},"excerpt":{"rendered":"<p>LOS ANDES.- El gobernador Sergio Salazar confirm\u00f3 que cinco trabajadores del Servicio Agr\u00edcola y Ganadero, que se encontraban en el tercer nivel del recientemente inaugurado nuevo complejo Los Libertadores, sufrieron una intoxicaci\u00f3n&#8230;<\/p>\n","protected":false},"author":482,"featured_media":94753,"comment_status":"open","ping_status":"open","sticky":false,"template":"","format":"standard","meta":{"advanced_seo_description":"","jetpack_seo_html_title":"","jetpack_seo_noindex":false,"_jetpack_memberships_contains_paid_content":false,"footnotes":""},"categories":[21],"tags":[],"class_list":["post-94752","post","type-post","status-publish","format-standard","has-post-thumbnail","hentry","category-policial"],"jetpack_featured_media_url":"https:\/\/i0.wp.com\/eltrabajo.cl\/portal\/wp-content\/uploads\/2019\/10\/nuevo-complejo-los-libertadores.jpg?fit=580%2C360&ssl=1","jetpack_sharing_enabled":true,"jetpack_likes_enabled":true,"jetpack-related-posts":[],"_links":{"self":[{"href":"https:\/\/eltrabajo.cl\/portal\/wp-json\/wp\/v2\/posts\/94752","targetHints":{"allow":["GET"]}}],"collection":[{"href":"https:\/\/eltrabajo.cl\/portal\/wp-json\/wp\/v2\/posts"}],"about":[{"href":"https:\/\/eltrabajo.cl\/portal\/wp-json\/wp\/v2\/types\/post"}],"author":[{"embeddable":true,"href":"https:\/\/eltrabajo.cl\/portal\/wp-json\/wp\/v2\/users\/482"}],"replies":[{"embeddable":true,"href":"https:\/\/eltrabajo.cl\/portal\/wp-json\/wp\/v2\/comments?post=94752"}],"version-history":[{"count":0,"href":"https:\/\/eltrabajo.cl\/portal\/wp-json\/wp\/v2\/posts\/94752\/revisions"}],"wp:featuredmedia":[{"embeddable":true,"href":"https:\/\/eltrabajo.cl\/portal\/wp-json\/wp\/v2\/media\/94753"}],"wp:attachment":[{"href":"https:\/\/eltrabajo.cl\/portal\/wp-json\/wp\/v2\/media?parent=94752"}],"wp:term":[{"taxonomy":"category","embeddable":true,"href":"https:\/\/eltrabajo.cl\/portal\/wp-json\/wp\/v2\/categories?post=94752"},{"taxonomy":"post_tag","embeddable":true,"href":"https:\/\/eltrabajo.cl\/portal\/wp-json\/wp\/v2\/tags?post=94752"}],"curies":[{"name":"wp","href":"https:\/\/api.w.org\/{rel}","templated":true}]}}