{"id":94758,"date":"2019-10-14T05:01:35","date_gmt":"2019-10-14T08:01:35","guid":{"rendered":"http:\/\/www.eltrabajo.cl\/portal\/?p=94758"},"modified":"2019-10-13T20:48:09","modified_gmt":"2019-10-13T23:48:09","slug":"desmantelan-laboratorio-narco-con-mas-de-21-kilos-de-pasta-base","status":"publish","type":"post","link":"https:\/\/eltrabajo.cl\/portal\/desmantelan-laboratorio-narco-con-mas-de-21-kilos-de-pasta-base\/","title":{"rendered":"Desmantelan \u2018laboratorio\u2019 narco con m\u00e1s de 21 kilos de pasta base"},"content":{"rendered":"<p><span style=\"color: #ff0000;\"><strong>Seis detenidos tras amplio operativo por GOPE y OS7:<\/strong><\/span><\/p>\n<ul>\n<li><strong>La Polic\u00eda uniformada incaut\u00f3 adem\u00e1s precursores qu\u00edmicos para aumentar la droga, armas de fuego, municiones hasta un veh\u00edculo de alta gama. Cinco de los imputados quedaron en Prisi\u00f3n Preventiva tras ser formalizados en Tribunales.<\/strong><\/li>\n<\/ul>\n<p>Con el apoyo del Grupo de Operaciones Policiales Especiales (Gope) de Carabineros y la Secci\u00f3n de Intervenci\u00f3n Policial de la Prefectura Aconcagua, los funcionarios de la secci\u00f3n OS7 realizaron m\u00faltiples allanamientos en viviendas ubicadas en Villa El Salitre de Llay Llay durante la tarde noche de este jueves, siendo detenidos cinco hombres y una mujer por delitos de Tr\u00e1fico, Microtr\u00e1fico de drogas, porte de armas de fuego y municiones.<br \/>\nLas diligencias policiales se efectuaron tras despacharse una orden a investigar por parte de la Fiscal\u00eda de San Felipe, luego de recepcionarse informaci\u00f3n respecto de la venta de drogas que se efectuar\u00edan desde distintos inmuebles en dicha villa y otro ubicado en Villa Los Maitenes de Llay Llay.<br \/>\nCarabineros tras obtener una orden judicial de Entrada y Registro en los diferentes inmuebles se incautaron m\u00e1s de 21 kilos de pasta base de coca\u00edna, tres armas de fuego: una escopeta, un rifle, un rev\u00f3lver, gran cantidad de municiones, ocho gramos de marihuana elaborada, dos gramos de clorhidrato de coca\u00edna, precursores qu\u00edmicos y $102.000 en efectivo atribuible a ganancias obtenidas de las ventas de estos alcaloides.<br \/>\nLa Polic\u00eda uniformada enfatiz\u00f3 que a ra\u00edz de este importante procedimiento policial se desbarat\u00f3 un laboratorio clandestino que se dedicaba a la elaboraci\u00f3n de pasta base de coca\u00edna. Asimismo Carabineros incaut\u00f3 un veh\u00edculo de alta gama que est\u00e1 siendo investigado si fue adquirido producto de las ganancias obtenidas de las ventas de las drogas.<br \/>\nPese a los m\u00faltiples allanamientos efectuados y el decomiso de las drogas, la Fiscal\u00eda investiga si presuntamente los imputados integraban entre s\u00ed, una banda dedicada al tr\u00e1fico de sustancias y estupefacientes.<br \/>\nEs por ello que durante la audiencia de control de detenci\u00f3n efectuada la ma\u00f1ana de este viernes en el Juzgado de Garant\u00eda de San Felipe, el fiscal Julio Palacios Bobadilla formaliz\u00f3 los cargos individualmente por los delitos de Tr\u00e1fico y Microtr\u00e1fico de drogas, porte ilegal de armas de fuego y municiones respectivamente.<br \/>\nLos imputados fueron identificados como Pedro Chapa Medina, Cedri Guti\u00e9rrez Vera, Marcela Peralta S\u00e1nchez, Michael Fern\u00e1ndez Peralta y Nelson Morales Venegas, quienes por orden del Tribunal quedaron en Prisi\u00f3n Preventiva por representar un peligro para la salud de la sociedad, mientras que Yerko Garc\u00eda Villal\u00f3n qued\u00f3 sujeto a la cautelar de Firma Mensual y Arraigo Nacional, fij\u00e1ndose un plazo de investigaci\u00f3n de 100 d\u00edas.<br \/>\n<strong>Pablo Salinas Sald\u00edas<\/strong><\/p>\n<figure id=\"attachment_94759\" aria-describedby=\"caption-attachment-94759\" style=\"width: 580px\" class=\"wp-caption alignnone\"><img data-recalc-dims=\"1\" loading=\"lazy\" decoding=\"async\" class=\"size-full wp-image-94759\" src=\"https:\/\/i0.wp.com\/www.eltrabajo.cl\/portal\/wp-content\/uploads\/2019\/10\/droga-llay-llay2.jpg?resize=580%2C360\" alt=\"Adem\u00e1s de la droga se incautaron armas de fuego, municiones y un veh\u00edculo de alta gama.\" width=\"580\" height=\"360\" srcset=\"https:\/\/i0.wp.com\/eltrabajo.cl\/portal\/wp-content\/uploads\/2019\/10\/droga-llay-llay2.jpg?w=580&amp;ssl=1 580w, https:\/\/i0.wp.com\/eltrabajo.cl\/portal\/wp-content\/uploads\/2019\/10\/droga-llay-llay2.jpg?resize=200%2C124&amp;ssl=1 200w, https:\/\/i0.wp.com\/eltrabajo.cl\/portal\/wp-content\/uploads\/2019\/10\/droga-llay-llay2.jpg?resize=300%2C186&amp;ssl=1 300w, https:\/\/i0.wp.com\/eltrabajo.cl\/portal\/wp-content\/uploads\/2019\/10\/droga-llay-llay2.jpg?resize=242%2C150&amp;ssl=1 242w, https:\/\/i0.wp.com\/eltrabajo.cl\/portal\/wp-content\/uploads\/2019\/10\/droga-llay-llay2.jpg?resize=400%2C248&amp;ssl=1 400w\" sizes=\"auto, (max-width: 580px) 100vw, 580px\" \/><figcaption id=\"caption-attachment-94759\" class=\"wp-caption-text\">Adem\u00e1s de la droga se incautaron armas de fuego, municiones y un veh\u00edculo de alta gama.<\/figcaption><\/figure>\n","protected":false},"excerpt":{"rendered":"<p>Seis detenidos tras amplio operativo por GOPE y OS7: La Polic\u00eda uniformada incaut\u00f3 adem\u00e1s precursores qu\u00edmicos para aumentar la droga, armas de fuego, municiones hasta un veh\u00edculo de alta gama. Cinco de&#8230;<\/p>\n","protected":false},"author":482,"featured_media":94759,"comment_status":"open","ping_status":"open","sticky":false,"template":"","format":"standard","meta":{"advanced_seo_description":"","jetpack_seo_html_title":"","jetpack_seo_noindex":false,"_jetpack_memberships_contains_paid_content":false,"footnotes":""},"categories":[21],"tags":[],"class_list":["post-94758","post","type-post","status-publish","format-standard","has-post-thumbnail","hentry","category-policial"],"jetpack_featured_media_url":"https:\/\/i0.wp.com\/eltrabajo.cl\/portal\/wp-content\/uploads\/2019\/10\/droga-llay-llay2.jpg?fit=580%2C360&ssl=1","jetpack_sharing_enabled":true,"jetpack_likes_enabled":true,"jetpack-related-posts":[],"_links":{"self":[{"href":"https:\/\/eltrabajo.cl\/portal\/wp-json\/wp\/v2\/posts\/94758","targetHints":{"allow":["GET"]}}],"collection":[{"href":"https:\/\/eltrabajo.cl\/portal\/wp-json\/wp\/v2\/posts"}],"about":[{"href":"https:\/\/eltrabajo.cl\/portal\/wp-json\/wp\/v2\/types\/post"}],"author":[{"embeddable":true,"href":"https:\/\/eltrabajo.cl\/portal\/wp-json\/wp\/v2\/users\/482"}],"replies":[{"embeddable":true,"href":"https:\/\/eltrabajo.cl\/portal\/wp-json\/wp\/v2\/comments?post=94758"}],"version-history":[{"count":0,"href":"https:\/\/eltrabajo.cl\/portal\/wp-json\/wp\/v2\/posts\/94758\/revisions"}],"wp:featuredmedia":[{"embeddable":true,"href":"https:\/\/eltrabajo.cl\/portal\/wp-json\/wp\/v2\/media\/94759"}],"wp:attachment":[{"href":"https:\/\/eltrabajo.cl\/portal\/wp-json\/wp\/v2\/media?parent=94758"}],"wp:term":[{"taxonomy":"category","embeddable":true,"href":"https:\/\/eltrabajo.cl\/portal\/wp-json\/wp\/v2\/categories?post=94758"},{"taxonomy":"post_tag","embeddable":true,"href":"https:\/\/eltrabajo.cl\/portal\/wp-json\/wp\/v2\/tags?post=94758"}],"curies":[{"name":"wp","href":"https:\/\/api.w.org\/{rel}","templated":true}]}}