{"id":94761,"date":"2019-10-14T05:03:40","date_gmt":"2019-10-14T08:03:40","guid":{"rendered":"http:\/\/www.eltrabajo.cl\/portal\/?p=94761"},"modified":"2019-10-13T20:50:21","modified_gmt":"2019-10-13T23:50:21","slug":"cayo-desde-techumbre-tras-impedir-ser-detenido-por-carabineros","status":"publish","type":"post","link":"https:\/\/eltrabajo.cl\/portal\/cayo-desde-techumbre-tras-impedir-ser-detenido-por-carabineros\/","title":{"rendered":"Cay\u00f3 desde techumbre tras impedir ser detenido por Carabineros"},"content":{"rendered":"<p><span style=\"color: #ff0000;\"><strong>\u2018Patito Pate Lija\u2019 una vez m\u00e1s hace de las suyas:<\/strong><\/span><\/p>\n<ul>\n<li><strong>Imputado con amplio prontuario delictual fue registrado en v\u00eddeo por testigos de su captura, desde una techumbre de una vivienda en la comuna de Llay Llay. Carabineros procedi\u00f3 a rodearlo para impedir su huida hasta registrarse la ca\u00edda.<\/strong><\/li>\n<\/ul>\n<p>Un delincuente de 26 a\u00f1os de edad conocido como \u2018Patito Pate Lija\u2019 fue detenido por Carabineros de la subcomisar\u00eda de Llay Llay, luego que este intentara escapar por las techumbres de unas viviendas ubicadas en Avenida Las Palmas de esa localidad, hasta romper unos pizarre\u00f1os y caer directamente al suelo.<br \/>\nEl tenso momento fue registrado en video desde un celular por unos testigos desde una vivienda vecina a eso de las 08:45 horas del pasado s\u00e1bado, donde se aprecia que los funcionarios policiales mantienen rodeado al antisocial, quien manten\u00eda una orden pendiente de detenci\u00f3n por el delito de Hurto.<br \/>\nEn las im\u00e1genes se aprecia que un funcionario policial apunta al sujeto con su arma de servicio desde la mismas techumbres para impedir la escapatoria, sin embargo el requerido intent\u00f3 continuar la fuga hasta quebrar unos pizarre\u00f1os y caer dentro del antejard\u00edn de una vivienda.<br \/>\nCarabineros inform\u00f3 que tras la reducci\u00f3n del delincuente, no se efectuaron disparos y se procedi\u00f3 a revisar entre sus vestimentas del sujeto quien manten\u00eda una pistola de fantas\u00eda y tres bolsas contenedoras de pasta base de coca\u00edna.<br \/>\nPosteriormente el detenido de iniciales P.A.V.P. fue derivado hasta el Hospital San Francisco quien tras la ca\u00edda sufri\u00f3 un corte en su cabeza y otras lesiones corporales diagnosticadas de car\u00e1cter leve, para luego quedar a disposici\u00f3n de la Fiscal\u00eda ayer domingo tras audiencia de control de detenci\u00f3n en el Juzgado de Garant\u00eda de San Felipe.<br \/>\nCabe mencionar que el antisocial ha sido detenido por Carabineros en m\u00faltiples ocasiones circulando en la v\u00eda p\u00fablica con cuchillo y armamento a fogueo, desde que el mes de junio recupera su libertad tras haber cumplido una condena en la c\u00e1rcel.<br \/>\n<strong>Pablo Salinas Sald\u00edas<\/strong><\/p>\n<figure id=\"attachment_94762\" aria-describedby=\"caption-attachment-94762\" style=\"width: 580px\" class=\"wp-caption alignnone\"><img data-recalc-dims=\"1\" loading=\"lazy\" decoding=\"async\" class=\"size-full wp-image-94762\" src=\"https:\/\/i0.wp.com\/www.eltrabajo.cl\/portal\/wp-content\/uploads\/2019\/10\/imagen1.jpg?resize=580%2C358\" alt=\"En la secuencia de im\u00e1genes se aprecia el momento registrado por testigos desde un tel\u00e9fono celular, donde el antisocial cae desde la techumbre de la vivienda hasta ser reducido por personal de Carabineros de la subcomisar\u00eda de Llay Llay la ma\u00f1ana de este s\u00e1bado.\" width=\"580\" height=\"358\" srcset=\"https:\/\/i0.wp.com\/eltrabajo.cl\/portal\/wp-content\/uploads\/2019\/10\/imagen1.jpg?w=580&amp;ssl=1 580w, https:\/\/i0.wp.com\/eltrabajo.cl\/portal\/wp-content\/uploads\/2019\/10\/imagen1.jpg?resize=200%2C123&amp;ssl=1 200w, https:\/\/i0.wp.com\/eltrabajo.cl\/portal\/wp-content\/uploads\/2019\/10\/imagen1.jpg?resize=300%2C185&amp;ssl=1 300w, https:\/\/i0.wp.com\/eltrabajo.cl\/portal\/wp-content\/uploads\/2019\/10\/imagen1.jpg?resize=243%2C150&amp;ssl=1 243w, https:\/\/i0.wp.com\/eltrabajo.cl\/portal\/wp-content\/uploads\/2019\/10\/imagen1.jpg?resize=400%2C247&amp;ssl=1 400w\" sizes=\"auto, (max-width: 580px) 100vw, 580px\" \/><figcaption id=\"caption-attachment-94762\" class=\"wp-caption-text\">En la secuencia de im\u00e1genes se aprecia el momento registrado por testigos desde un tel\u00e9fono celular, donde el antisocial cae desde la techumbre de la vivienda hasta ser reducido por personal de Carabineros de la subcomisar\u00eda de Llay Llay la ma\u00f1ana de este s\u00e1bado.<\/figcaption><\/figure>\n<figure id=\"attachment_94763\" aria-describedby=\"caption-attachment-94763\" style=\"width: 580px\" class=\"wp-caption alignnone\"><img data-recalc-dims=\"1\" loading=\"lazy\" decoding=\"async\" class=\"size-full wp-image-94763\" src=\"https:\/\/i0.wp.com\/www.eltrabajo.cl\/portal\/wp-content\/uploads\/2019\/10\/imagen2.jpg?resize=580%2C360\" alt=\"En la secuencia de im\u00e1genes se aprecia el momento registrado por testigos desde un tel\u00e9fono celular, donde el antisocial cae desde la techumbre de la vivienda hasta ser reducido por personal de Carabineros de la subcomisar\u00eda de Llay Llay la ma\u00f1ana de este s\u00e1bado.\" width=\"580\" height=\"360\" srcset=\"https:\/\/i0.wp.com\/eltrabajo.cl\/portal\/wp-content\/uploads\/2019\/10\/imagen2.jpg?w=580&amp;ssl=1 580w, https:\/\/i0.wp.com\/eltrabajo.cl\/portal\/wp-content\/uploads\/2019\/10\/imagen2.jpg?resize=200%2C124&amp;ssl=1 200w, https:\/\/i0.wp.com\/eltrabajo.cl\/portal\/wp-content\/uploads\/2019\/10\/imagen2.jpg?resize=300%2C186&amp;ssl=1 300w, https:\/\/i0.wp.com\/eltrabajo.cl\/portal\/wp-content\/uploads\/2019\/10\/imagen2.jpg?resize=242%2C150&amp;ssl=1 242w, https:\/\/i0.wp.com\/eltrabajo.cl\/portal\/wp-content\/uploads\/2019\/10\/imagen2.jpg?resize=400%2C248&amp;ssl=1 400w\" sizes=\"auto, (max-width: 580px) 100vw, 580px\" \/><figcaption id=\"caption-attachment-94763\" class=\"wp-caption-text\">En la secuencia de im\u00e1genes se aprecia el momento registrado por testigos desde un tel\u00e9fono celular, donde el antisocial cae desde la techumbre de la vivienda hasta ser reducido por personal de Carabineros de la subcomisar\u00eda de Llay Llay la ma\u00f1ana de este s\u00e1bado.<\/figcaption><\/figure>\n<figure id=\"attachment_94764\" aria-describedby=\"caption-attachment-94764\" style=\"width: 580px\" class=\"wp-caption alignnone\"><img data-recalc-dims=\"1\" loading=\"lazy\" decoding=\"async\" class=\"size-full wp-image-94764\" src=\"https:\/\/i0.wp.com\/www.eltrabajo.cl\/portal\/wp-content\/uploads\/2019\/10\/imagen2-1.jpg?resize=580%2C360\" alt=\"En la secuencia de im\u00e1genes se aprecia el momento registrado por testigos desde un tel\u00e9fono celular, donde el antisocial cae desde la techumbre de la vivienda hasta ser reducido por personal de Carabineros de la subcomisar\u00eda de Llay Llay la ma\u00f1ana de este s\u00e1bado.\" width=\"580\" height=\"360\" srcset=\"https:\/\/i0.wp.com\/eltrabajo.cl\/portal\/wp-content\/uploads\/2019\/10\/imagen2-1.jpg?w=580&amp;ssl=1 580w, https:\/\/i0.wp.com\/eltrabajo.cl\/portal\/wp-content\/uploads\/2019\/10\/imagen2-1.jpg?resize=200%2C124&amp;ssl=1 200w, https:\/\/i0.wp.com\/eltrabajo.cl\/portal\/wp-content\/uploads\/2019\/10\/imagen2-1.jpg?resize=300%2C186&amp;ssl=1 300w, https:\/\/i0.wp.com\/eltrabajo.cl\/portal\/wp-content\/uploads\/2019\/10\/imagen2-1.jpg?resize=242%2C150&amp;ssl=1 242w, https:\/\/i0.wp.com\/eltrabajo.cl\/portal\/wp-content\/uploads\/2019\/10\/imagen2-1.jpg?resize=400%2C248&amp;ssl=1 400w\" sizes=\"auto, (max-width: 580px) 100vw, 580px\" \/><figcaption id=\"caption-attachment-94764\" class=\"wp-caption-text\">En la secuencia de im\u00e1genes se aprecia el momento registrado por testigos desde un tel\u00e9fono celular, donde el antisocial cae desde la techumbre de la vivienda hasta ser reducido por personal de Carabineros de la subcomisar\u00eda de Llay Llay la ma\u00f1ana de este s\u00e1bado.<\/figcaption><\/figure>\n<figure id=\"attachment_94765\" aria-describedby=\"caption-attachment-94765\" style=\"width: 580px\" class=\"wp-caption alignnone\"><img data-recalc-dims=\"1\" loading=\"lazy\" decoding=\"async\" class=\"size-full wp-image-94765\" src=\"https:\/\/i0.wp.com\/www.eltrabajo.cl\/portal\/wp-content\/uploads\/2019\/10\/imagen3.jpg?resize=580%2C359\" alt=\"En la secuencia de im\u00e1genes se aprecia el momento registrado por testigos desde un tel\u00e9fono celular, donde el antisocial cae desde la techumbre de la vivienda hasta ser reducido por personal de Carabineros de la subcomisar\u00eda de Llay Llay la ma\u00f1ana de este s\u00e1bado.\" width=\"580\" height=\"359\" srcset=\"https:\/\/i0.wp.com\/eltrabajo.cl\/portal\/wp-content\/uploads\/2019\/10\/imagen3.jpg?w=580&amp;ssl=1 580w, https:\/\/i0.wp.com\/eltrabajo.cl\/portal\/wp-content\/uploads\/2019\/10\/imagen3.jpg?resize=200%2C124&amp;ssl=1 200w, https:\/\/i0.wp.com\/eltrabajo.cl\/portal\/wp-content\/uploads\/2019\/10\/imagen3.jpg?resize=300%2C186&amp;ssl=1 300w, https:\/\/i0.wp.com\/eltrabajo.cl\/portal\/wp-content\/uploads\/2019\/10\/imagen3.jpg?resize=242%2C150&amp;ssl=1 242w, https:\/\/i0.wp.com\/eltrabajo.cl\/portal\/wp-content\/uploads\/2019\/10\/imagen3.jpg?resize=400%2C248&amp;ssl=1 400w\" sizes=\"auto, (max-width: 580px) 100vw, 580px\" \/><figcaption id=\"caption-attachment-94765\" class=\"wp-caption-text\">En la secuencia de im\u00e1genes se aprecia el momento registrado por testigos desde un tel\u00e9fono celular, donde el antisocial cae desde la techumbre de la vivienda hasta ser reducido por personal de Carabineros de la subcomisar\u00eda de Llay Llay la ma\u00f1ana de este s\u00e1bado.<\/figcaption><\/figure>\n","protected":false},"excerpt":{"rendered":"<p>\u2018Patito Pate Lija\u2019 una vez m\u00e1s hace de las suyas: Imputado con amplio prontuario delictual fue registrado en v\u00eddeo por testigos de su captura, desde una techumbre de una vivienda en la&#8230;<\/p>\n","protected":false},"author":482,"featured_media":94763,"comment_status":"open","ping_status":"open","sticky":false,"template":"","format":"standard","meta":{"advanced_seo_description":"","jetpack_seo_html_title":"","jetpack_seo_noindex":false,"_jetpack_memberships_contains_paid_content":false,"footnotes":""},"categories":[21],"tags":[],"class_list":["post-94761","post","type-post","status-publish","format-standard","has-post-thumbnail","hentry","category-policial"],"jetpack_featured_media_url":"https:\/\/i0.wp.com\/eltrabajo.cl\/portal\/wp-content\/uploads\/2019\/10\/imagen2.jpg?fit=580%2C360&ssl=1","jetpack_sharing_enabled":true,"jetpack_likes_enabled":true,"jetpack-related-posts":[],"_links":{"self":[{"href":"https:\/\/eltrabajo.cl\/portal\/wp-json\/wp\/v2\/posts\/94761","targetHints":{"allow":["GET"]}}],"collection":[{"href":"https:\/\/eltrabajo.cl\/portal\/wp-json\/wp\/v2\/posts"}],"about":[{"href":"https:\/\/eltrabajo.cl\/portal\/wp-json\/wp\/v2\/types\/post"}],"author":[{"embeddable":true,"href":"https:\/\/eltrabajo.cl\/portal\/wp-json\/wp\/v2\/users\/482"}],"replies":[{"embeddable":true,"href":"https:\/\/eltrabajo.cl\/portal\/wp-json\/wp\/v2\/comments?post=94761"}],"version-history":[{"count":0,"href":"https:\/\/eltrabajo.cl\/portal\/wp-json\/wp\/v2\/posts\/94761\/revisions"}],"wp:featuredmedia":[{"embeddable":true,"href":"https:\/\/eltrabajo.cl\/portal\/wp-json\/wp\/v2\/media\/94763"}],"wp:attachment":[{"href":"https:\/\/eltrabajo.cl\/portal\/wp-json\/wp\/v2\/media?parent=94761"}],"wp:term":[{"taxonomy":"category","embeddable":true,"href":"https:\/\/eltrabajo.cl\/portal\/wp-json\/wp\/v2\/categories?post=94761"},{"taxonomy":"post_tag","embeddable":true,"href":"https:\/\/eltrabajo.cl\/portal\/wp-json\/wp\/v2\/tags?post=94761"}],"curies":[{"name":"wp","href":"https:\/\/api.w.org\/{rel}","templated":true}]}}