{"id":94789,"date":"2019-10-15T05:05:25","date_gmt":"2019-10-15T08:05:25","guid":{"rendered":"http:\/\/www.eltrabajo.cl\/portal\/?p=94789"},"modified":"2019-10-15T02:38:55","modified_gmt":"2019-10-15T05:38:55","slug":"ecuatoriano-intento-matar-a-punaladas-a-pareja-argentina-celebrando-cumpleanos","status":"publish","type":"post","link":"https:\/\/eltrabajo.cl\/portal\/ecuatoriano-intento-matar-a-punaladas-a-pareja-argentina-celebrando-cumpleanos\/","title":{"rendered":"Ecuatoriano intent\u00f3 matar a pu\u00f1aladas a pareja argentina celebrando cumplea\u00f1os"},"content":{"rendered":"<ul>\n<li><strong><span style=\"color: #ff0000;\">Por femicidio frustrado formalizar\u00e1n hoy a joven acusado<\/span> de apu\u00f1alar reiteradamente a su pareja de nacionalidad argentina, quien sufri\u00f3 heridas cortopunzantes en la zona abdominal y cervical de car\u00e1cter grave.<\/strong><\/li>\n<\/ul>\n<p>La Brigada de Homicidios de la PDI detuvo a un ciudadano de nacionalidad ecuatoriana acusado de intentar dar muerte a pu\u00f1aladas a su pareja cuando ambos se encontraban junto a un amigo boliviano en el departamento de \u00e9ste \u00faltimo, celebrando de manera anticipada su cumplea\u00f1os.<br \/>\nDe acuerdo a lo informado por el jefe de Homicidios de la PDI, comisario Marcelo Lazen Moya, la situaci\u00f3n se gener\u00f3 al interior de un departamento del sector Enc\u00f3n el pasado s\u00e1bado 12 de octubre.<br \/>\nSeg\u00fan relat\u00f3, cerca de las 15:00 horas de ese d\u00eda, el imputado identificado con las iniciales C.A.F., de 27 a\u00f1os de edad, junto a su pareja de nacionalidad argentina de 25 a\u00f1os y un amigo en com\u00fan de nacionalidad boliviana, comenzaron a festejar el cumplea\u00f1os con un abundante consumo de bebidas alcoh\u00f3licas.<\/p>\n<p><span style=\"color: #ff0000;\"><strong>NOCHE DE TRAGOS<\/strong><\/span><br \/>\nEl oficial manifest\u00f3 que a eso de las 22:00 horas, el imputado comenz\u00f3 a celar a su pareja y en un momento se dirigi\u00f3 hasta la cocina desde donde tom\u00f3 dos cuchillos de grandes dimensiones, con los cuales atac\u00f3 a la v\u00edctima con claras intenciones de darle muerte.<br \/>\nLa mujer recibi\u00f3 m\u00faltiples heridas en la zona abdominal, cervical, extremidades inferiores y en las manos, debiendo ser trasladada hasta el Servicio de Urgencia del Hospital San Camilo luego que vecinos del sector se percataron que una mujer ensangrentada solicitaba auxilio, manteniendo diversas heridas en su abdomen.<br \/>\nPosteriormente y por instrucciones del Fiscal de Turno de San Felipe, el caso qued\u00f3 en manos de la Brigada de Homicidios de Los Andes. El Comisario Lazen precis\u00f3 que luego de entrevistarse con testigos y recoger evidencia en el sitio del suceso, logran detener al agresor, quien fue puesto en manos del Juzgado de Garant\u00eda de San Felipe por el delito de Femicidio Frustrado.<\/p>\n<p><span style=\"color: #ff0000;\"><strong>AGRESIONES REITERADAS<\/strong><\/span><br \/>\nEl jefe de Homicidios indic\u00f3 que en entrevista con la v\u00edctima, ella les se\u00f1al\u00f3 que hace un a\u00f1o aproximadamente hab\u00eda iniciado una relaci\u00f3n de convivencia con su pareja, y durante ese per\u00edodo ocurrieron otras situaciones de violencia intrafamiliar que no se atrevi\u00f3 a denunciar.<br \/>\n\u00abDe acuerdo a lo recabado en el proceso investigativo, esta persona cada vez que beb\u00eda sufr\u00eda un trastorno de personalidad y agred\u00eda a su pareja y siempre en un \u00e1mbito de celos justificando su actuar violento\u00bb, agreg\u00f3. Aclar\u00f3 que afortunadamente la v\u00edctima se encuentra fuera de riesgo vital, internada en el centro asistencial sanfelipe\u00f1o.<\/p>\n<p><span style=\"color: #ff0000;\"><strong>HOY SER\u00c1 FORMALIZADO<\/strong><\/span><br \/>\nTras la detenci\u00f3n del imputado de nacionalidad ecuatoriana, \u00e9ste fue trasladado este domingo hasta el Juzgado de Garant\u00eda de San Felipe para ser formalizado por Femicidio Frustrado, ampli\u00e1ndose la detenci\u00f3n del acusado hasta hoy martes, debido a que el extranjero no manten\u00eda documentaci\u00f3n f\u00edsica que acreditara su identidad.<\/p>\n<figure id=\"attachment_94790\" aria-describedby=\"caption-attachment-94790\" style=\"width: 580px\" class=\"wp-caption alignnone\"><img data-recalc-dims=\"1\" loading=\"lazy\" decoding=\"async\" class=\"size-full wp-image-94790\" src=\"https:\/\/i0.wp.com\/www.eltrabajo.cl\/portal\/wp-content\/uploads\/2019\/10\/ecuatoriano-femicida.jpg?resize=580%2C359\" alt=\"La PDI detuvo al supuesto agresor, quien qued\u00f3 detenido por el delito de Femicidio Frustrado.\" width=\"580\" height=\"359\" srcset=\"https:\/\/i0.wp.com\/eltrabajo.cl\/portal\/wp-content\/uploads\/2019\/10\/ecuatoriano-femicida.jpg?w=580&amp;ssl=1 580w, https:\/\/i0.wp.com\/eltrabajo.cl\/portal\/wp-content\/uploads\/2019\/10\/ecuatoriano-femicida.jpg?resize=200%2C124&amp;ssl=1 200w, https:\/\/i0.wp.com\/eltrabajo.cl\/portal\/wp-content\/uploads\/2019\/10\/ecuatoriano-femicida.jpg?resize=300%2C186&amp;ssl=1 300w, https:\/\/i0.wp.com\/eltrabajo.cl\/portal\/wp-content\/uploads\/2019\/10\/ecuatoriano-femicida.jpg?resize=242%2C150&amp;ssl=1 242w, https:\/\/i0.wp.com\/eltrabajo.cl\/portal\/wp-content\/uploads\/2019\/10\/ecuatoriano-femicida.jpg?resize=400%2C248&amp;ssl=1 400w\" sizes=\"auto, (max-width: 580px) 100vw, 580px\" \/><figcaption id=\"caption-attachment-94790\" class=\"wp-caption-text\">La PDI detuvo al supuesto agresor, quien qued\u00f3 detenido por el delito de Femicidio Frustrado.<\/figcaption><\/figure>\n","protected":false},"excerpt":{"rendered":"<p>Por femicidio frustrado formalizar\u00e1n hoy a joven acusado de apu\u00f1alar reiteradamente a su pareja de nacionalidad argentina, quien sufri\u00f3 heridas cortopunzantes en la zona abdominal y cervical de car\u00e1cter grave. La Brigada&#8230;<\/p>\n","protected":false},"author":482,"featured_media":94790,"comment_status":"open","ping_status":"open","sticky":false,"template":"","format":"standard","meta":{"advanced_seo_description":"","jetpack_seo_html_title":"","jetpack_seo_noindex":false,"_jetpack_memberships_contains_paid_content":false,"footnotes":""},"categories":[21],"tags":[],"class_list":["post-94789","post","type-post","status-publish","format-standard","has-post-thumbnail","hentry","category-policial"],"jetpack_featured_media_url":"https:\/\/i0.wp.com\/eltrabajo.cl\/portal\/wp-content\/uploads\/2019\/10\/ecuatoriano-femicida.jpg?fit=580%2C359&ssl=1","jetpack_sharing_enabled":true,"jetpack_likes_enabled":true,"jetpack-related-posts":[],"_links":{"self":[{"href":"https:\/\/eltrabajo.cl\/portal\/wp-json\/wp\/v2\/posts\/94789","targetHints":{"allow":["GET"]}}],"collection":[{"href":"https:\/\/eltrabajo.cl\/portal\/wp-json\/wp\/v2\/posts"}],"about":[{"href":"https:\/\/eltrabajo.cl\/portal\/wp-json\/wp\/v2\/types\/post"}],"author":[{"embeddable":true,"href":"https:\/\/eltrabajo.cl\/portal\/wp-json\/wp\/v2\/users\/482"}],"replies":[{"embeddable":true,"href":"https:\/\/eltrabajo.cl\/portal\/wp-json\/wp\/v2\/comments?post=94789"}],"version-history":[{"count":0,"href":"https:\/\/eltrabajo.cl\/portal\/wp-json\/wp\/v2\/posts\/94789\/revisions"}],"wp:featuredmedia":[{"embeddable":true,"href":"https:\/\/eltrabajo.cl\/portal\/wp-json\/wp\/v2\/media\/94790"}],"wp:attachment":[{"href":"https:\/\/eltrabajo.cl\/portal\/wp-json\/wp\/v2\/media?parent=94789"}],"wp:term":[{"taxonomy":"category","embeddable":true,"href":"https:\/\/eltrabajo.cl\/portal\/wp-json\/wp\/v2\/categories?post=94789"},{"taxonomy":"post_tag","embeddable":true,"href":"https:\/\/eltrabajo.cl\/portal\/wp-json\/wp\/v2\/tags?post=94789"}],"curies":[{"name":"wp","href":"https:\/\/api.w.org\/{rel}","templated":true}]}}