{"id":94792,"date":"2019-10-16T05:01:48","date_gmt":"2019-10-16T08:01:48","guid":{"rendered":"http:\/\/www.eltrabajo.cl\/portal\/?p=94792"},"modified":"2019-10-15T20:43:19","modified_gmt":"2019-10-15T23:43:19","slug":"condenan-a-conductor-que-huyo-de-colision-sin-prestar-auxilio-a-victima","status":"publish","type":"post","link":"https:\/\/eltrabajo.cl\/portal\/condenan-a-conductor-que-huyo-de-colision-sin-prestar-auxilio-a-victima\/","title":{"rendered":"Condenan a conductor que huy\u00f3 de colisi\u00f3n sin prestar auxilio a v\u00edctima"},"content":{"rendered":"<p><span style=\"color: #ff0000;\"><strong>Fiscal\u00eda persigue hasta 800 d\u00edas de presidio:<\/strong><\/span><\/p>\n<ul>\n<li><strong>Accidente de tr\u00e1nsito ocurri\u00f3 en Avenida Miraflores de San Felipe, el a\u00f1o 2017. La v\u00edctima result\u00f3 con diversas lesiones, denunci\u00e1ndose que el automovilista involucrado escap\u00f3 del sitio del suceso.<\/strong><\/li>\n<\/ul>\n<p>El 29 de noviembre del a\u00f1o 2017, a eso de las 09:30 horas, V\u00edctor Arturo Viveros Saa conduc\u00eda su veh\u00edculo marca Chevrolet, placa patente GK FF &#8211; 13, por Avenida Miraflores de San Felipe, deteniendo la marcha de su m\u00f3vil en la parte derecha de la calzada, ocasi\u00f3n en la que en forma repentina y sin se\u00f1alizar habr\u00eda doblado hacia la izquierda, siendo colisionado por un autom\u00f3vil.<br \/>\nLa v\u00edctima fue identificada como B\u00e1rbara Sof\u00eda Rosas Ru\u00edz, quien conduc\u00eda su autom\u00f3vil marca Hyundai, placa patente WZ &#8211; 40 15, por la pista izquierda de la calzada. De acuerdo a la investigaci\u00f3n del caso, Viveros Saa habr\u00eda escapado tras este accidente de tr\u00e1nsito, sin prestar ayuda a la conductora ni llamar a Carabineros para dar cuenta de lo ocurrido.<br \/>\nProducto de la colisi\u00f3n, la conductora result\u00f3 con m\u00faltiples contusiones superficiales en su rodilla izquierda y cr\u00e1neo, sin fracturas, diagnosticadas por el m\u00e9dico de turno de car\u00e1cter leve. Asimismo se denunci\u00f3 que el autom\u00f3vil de la afectada result\u00f3 con da\u00f1os avaluados en la suma de $1.190.000.<br \/>\nEl imputado fue sometido a juicio en el Tribunal Oral en Lo Penal de San Felipe este lunes, siendo declarado por la terna de jueces, culpable del delito consumado de no detener la marcha, prestar ayuda que fuese posible y dar cuenta a la autoridad policial inmediata en un accidente de tr\u00e1nsito sancionado en el art\u00edculo N\u00ba195 de la Ley 18.290.<br \/>\nLa Fiscal\u00eda persigue una condena de 800 d\u00edas de presidio menor en su grado medio, el pago de una multa de siete Unidades Tributarias Mensuales y la inhabilidad perpetua para conducir veh\u00edculos de tracci\u00f3n mec\u00e1nica.<br \/>\nNo obstante, este viernes 18 de octubre se dar\u00e1 conocer la sentencia en la sala del Tribunal Oral en Lo Penal de San Felipe.<br \/>\n<strong>Pablo Salinas Sald\u00edas<\/strong><\/p>\n<figure id=\"attachment_94793\" aria-describedby=\"caption-attachment-94793\" style=\"width: 580px\" class=\"wp-caption alignnone\"><img data-recalc-dims=\"1\" loading=\"lazy\" decoding=\"async\" class=\"size-full wp-image-94793\" src=\"https:\/\/i0.wp.com\/www.eltrabajo.cl\/portal\/wp-content\/uploads\/2019\/10\/CONDUCTOR-REFERENCIAL.jpg?resize=580%2C360\" alt=\"El automovilista fue juzgado en el Tribunal Oral en Lo Penal de San Felipe, siendo declarado culpable. La sentencia ser\u00e1 conocida este pr\u00f3ximo viernes 18 de octubre. (Fotograf\u00eda Referencial).\" width=\"580\" height=\"360\" srcset=\"https:\/\/i0.wp.com\/eltrabajo.cl\/portal\/wp-content\/uploads\/2019\/10\/CONDUCTOR-REFERENCIAL.jpg?w=580&amp;ssl=1 580w, https:\/\/i0.wp.com\/eltrabajo.cl\/portal\/wp-content\/uploads\/2019\/10\/CONDUCTOR-REFERENCIAL.jpg?resize=200%2C124&amp;ssl=1 200w, https:\/\/i0.wp.com\/eltrabajo.cl\/portal\/wp-content\/uploads\/2019\/10\/CONDUCTOR-REFERENCIAL.jpg?resize=300%2C186&amp;ssl=1 300w, https:\/\/i0.wp.com\/eltrabajo.cl\/portal\/wp-content\/uploads\/2019\/10\/CONDUCTOR-REFERENCIAL.jpg?resize=242%2C150&amp;ssl=1 242w, https:\/\/i0.wp.com\/eltrabajo.cl\/portal\/wp-content\/uploads\/2019\/10\/CONDUCTOR-REFERENCIAL.jpg?resize=400%2C248&amp;ssl=1 400w\" sizes=\"auto, (max-width: 580px) 100vw, 580px\" \/><figcaption id=\"caption-attachment-94793\" class=\"wp-caption-text\">El automovilista fue juzgado en el Tribunal Oral en Lo Penal de San Felipe, siendo declarado culpable. La sentencia ser\u00e1 conocida este pr\u00f3ximo viernes 18 de octubre. (Fotograf\u00eda Referencial).<\/figcaption><\/figure>\n","protected":false},"excerpt":{"rendered":"<p>Fiscal\u00eda persigue hasta 800 d\u00edas de presidio: Accidente de tr\u00e1nsito ocurri\u00f3 en Avenida Miraflores de San Felipe, el a\u00f1o 2017. La v\u00edctima result\u00f3 con diversas lesiones, denunci\u00e1ndose que el automovilista involucrado escap\u00f3&#8230;<\/p>\n","protected":false},"author":482,"featured_media":94793,"comment_status":"open","ping_status":"open","sticky":false,"template":"","format":"standard","meta":{"advanced_seo_description":"","jetpack_seo_html_title":"","jetpack_seo_noindex":false,"_jetpack_memberships_contains_paid_content":false,"footnotes":""},"categories":[97],"tags":[],"class_list":["post-94792","post","type-post","status-publish","format-standard","has-post-thumbnail","hentry","category-tribunales"],"jetpack_featured_media_url":"https:\/\/i0.wp.com\/eltrabajo.cl\/portal\/wp-content\/uploads\/2019\/10\/CONDUCTOR-REFERENCIAL.jpg?fit=580%2C360&ssl=1","jetpack_sharing_enabled":true,"jetpack_likes_enabled":true,"jetpack-related-posts":[],"_links":{"self":[{"href":"https:\/\/eltrabajo.cl\/portal\/wp-json\/wp\/v2\/posts\/94792","targetHints":{"allow":["GET"]}}],"collection":[{"href":"https:\/\/eltrabajo.cl\/portal\/wp-json\/wp\/v2\/posts"}],"about":[{"href":"https:\/\/eltrabajo.cl\/portal\/wp-json\/wp\/v2\/types\/post"}],"author":[{"embeddable":true,"href":"https:\/\/eltrabajo.cl\/portal\/wp-json\/wp\/v2\/users\/482"}],"replies":[{"embeddable":true,"href":"https:\/\/eltrabajo.cl\/portal\/wp-json\/wp\/v2\/comments?post=94792"}],"version-history":[{"count":0,"href":"https:\/\/eltrabajo.cl\/portal\/wp-json\/wp\/v2\/posts\/94792\/revisions"}],"wp:featuredmedia":[{"embeddable":true,"href":"https:\/\/eltrabajo.cl\/portal\/wp-json\/wp\/v2\/media\/94793"}],"wp:attachment":[{"href":"https:\/\/eltrabajo.cl\/portal\/wp-json\/wp\/v2\/media?parent=94792"}],"wp:term":[{"taxonomy":"category","embeddable":true,"href":"https:\/\/eltrabajo.cl\/portal\/wp-json\/wp\/v2\/categories?post=94792"},{"taxonomy":"post_tag","embeddable":true,"href":"https:\/\/eltrabajo.cl\/portal\/wp-json\/wp\/v2\/tags?post=94792"}],"curies":[{"name":"wp","href":"https:\/\/api.w.org\/{rel}","templated":true}]}}