{"id":94796,"date":"2019-10-16T05:02:24","date_gmt":"2019-10-16T08:02:24","guid":{"rendered":"http:\/\/www.eltrabajo.cl\/portal\/?p=94796"},"modified":"2019-10-15T20:45:28","modified_gmt":"2019-10-15T23:45:28","slug":"con-dos-conciertos-de-lujo-celebrara-freddy-pantoja-sus-30-anos-de-carrera-artistica","status":"publish","type":"post","link":"https:\/\/eltrabajo.cl\/portal\/con-dos-conciertos-de-lujo-celebrara-freddy-pantoja-sus-30-anos-de-carrera-artistica\/","title":{"rendered":"Con dos conciertos de lujo celebrar\u00e1 Freddy Pantoja sus 30 a\u00f1os de carrera art\u00edstica"},"content":{"rendered":"<p><span style=\"color: #ff0000;\"><strong>S\u00e1bado 19 en Los Andes, y el viernes 1\u00ba de noviembre en Curim\u00f3n:<\/strong><\/span><\/p>\n<p>Con dos conciertos estar\u00e1 celebrando sus 30 a\u00f1os de carrera art\u00edstica el popular cantante l\u00edrico aconcag\u00fcino Freddy Eric Pantoja Catal\u00e1n, quien lo har\u00e1 primeramente en el Centro Cultural de Los Andes este s\u00e1bado 19 de octubre, a las 19:30 horas absolutamente gratis para la comunidad, mientras que su segundo concierto lo ofrecer\u00e1 en Curim\u00f3n el viernes 1 de noviembre a las 20:00 horas, en el patio principal de la Biblioteca de Curim\u00f3n.<\/p>\n<p><span style=\"color: #ff0000;\"><strong>A SOLAS CON\u2026<\/strong><\/span><br \/>\nEs por el gran cari\u00f1o y notoria popularidad de la que goza Pantoja que ayer martes Diario El Trabajo habl\u00f3 con el artista.<br \/>\n<strong>&#8211; \u00bfC\u00f3mo fueron tus inicios art\u00edsticos y qui\u00e9nes te han ayudado?<\/strong><br \/>\n&#8211; Di mis primeros pasos como integrante y solista del Coro Municipal de Los Andes, donde comenc\u00e9 a mis ocho a\u00f1os de edad, participando en el concurso Crecer Cantando, en el Teatro Municipal de Vi\u00f1a del Mar, con muy buena cr\u00edtica.<br \/>\nEn 1989 particip\u00e9 en mi primer festival como solista, llev\u00e1ndome el primer lugar del certamen, y comenzando as\u00ed mi carrera musical, pero fue en 1998 cuando particip\u00e9 en el Festival Nacional Mexicano, en la localidad de Puyehue en la D\u00e9cima Regi\u00f3n, cuando tuve la posibilidad de realizar mi primera gira art\u00edstica al extranjero, viajando en 1999 a M\u00e9xico e interpretando la m\u00fasica de dicho pa\u00eds, lo que tuvo gran repercusi\u00f3n en mi carrera, pues al regreso de esta gira la reconocida cantante nacional Palmenia Pizarro hizo realidad mi sue\u00f1o de grabar mi primera producci\u00f3n discogr\u00e1fica \u2018Las Canciones de ayer con la fuerza de hoy\u2019, con marcadas influencias de la m\u00fasica mexicana. Fue en este momento cuando Palmenia me apadrin\u00f3 en la m\u00fasica y me hizo parte de su show, recorriendo los m\u00e1s grandes escenarios de Chile.<br \/>\n<strong>&#8211; \u00bfCu\u00e1ndo sientes que te consolidaste definitivamente?<\/strong><br \/>\n&#8211; Siento que fue en 2001, cuando fui reconocido por la Asociaci\u00f3n de Periodistas de Espect\u00e1culos de Chile, siendo nominado para la terna Revelaci\u00f3n del A\u00f1o, del Premio Apes; gracias a esto, fui conocido en todos los medios del pa\u00eds.<br \/>\n<strong>&#8211; \u00bfC\u00f3mo te ha ido fuera de Chile?<\/strong><br \/>\n&#8211; En 2004 realic\u00e9 una gira art\u00edstica a Europa, teniendo gran \u00e9xito en Alemania, Holanda, Suiza, Suecia y Finlandia, cantando para las respectivas colonias latinas residentes en dichos pa\u00edses todo mi repertorio, el que incluye la m\u00fasica mexicana, valses peruanos, boleros, tangos, bambucos, coplas espa\u00f1olas, folclore latinoamericano y algunas piezas de zarzuela, y arias famosas de la opera. En 2005 ingres\u00e9 a una de las compa\u00f1\u00edas de zarzuela m\u00e1s prestigiosa del pa\u00eds como solista, la del conocido bar\u00edtono Pedro Linares, present\u00e1ndome en importantes escenarios como el Teatro Municipal de Vi\u00f1a del Mar.<br \/>\n<strong>&#8211; \u00bfY en televisi\u00f3n cu\u00e1ndo hiciste tu debut profesional?<\/strong><br \/>\n&#8211; Durante los a\u00f1os 2006 y 2007, me di a conocer en una de mis facetas profesionales, cuando me desarroll\u00e9 como conductor de dos exitosos programas en el canal local VTV2, de Los Andes, gan\u00e1ndome el cari\u00f1o de la gente por las humanas entrevistas y los espacios musicales dentro de los programas \u2018De 10 a 12\u2019, y \u2018Los caminos de la vida\u2019 respectivamente. En 2007 fui uno de los ocho seleccionados de entre 600 postulantes, en un casting privado de Canal 13, para participar en el concurso de car\u00e1cter internacional Cantando por un sue\u00f1o, programa que ya hab\u00eda sido \u00e9xito en M\u00e9xico, Argentina y varios pa\u00edses de Latinoam\u00e9rica. Fue en este programa donde fui acompa\u00f1ado por la talentosa Lola Melnyck, con quien mantengo a\u00fan un fuerte lazo de amistad. Como resultado del concurso, fui uno de los tres finalistas, siendo seleccionado por el jurado como el Mejor Int\u00e9rprete del programa. Ese mismo a\u00f1o fui nombrado Andino destacado, por la Municipalidad de Los Andes y Embajador Musical, por los medios locales. El a\u00f1o 2010, gan\u00e9 el prestigioso Festival de la M\u00fasica Mexicana de Chanco, el m\u00e1s importante del pa\u00eds en su g\u00e9nero, siendo contratado para la celebraci\u00f3n del bicentenario de M\u00e9xico en Santiago, cantando para el embajador y la colonia de mexicanos residentes en Chile. En 2011 fui premiado por mi trayectoria en San Felipe, en una ceremonia realizada en el teatro municipal, tambi\u00e9n ese a\u00f1o grab\u00e9 mi primer disco, junto a la agrupaci\u00f3n musical llamada Banda Dorada, integrada por seis m\u00fasicos, disco que sali\u00f3 a la venta masivamente y en todas las radios del pa\u00eds, con toda la nueva movida norte\u00f1a que revoluciona M\u00e9xico desde hace un par de a\u00f1os. En 2013 lanc\u00e9 mi segundo disco junto a esta agrupaci\u00f3n, logrando gran aceptaci\u00f3n del p\u00fablico con mis \u00e9xitos M\u00f3ntame y El Taladro.<br \/>\nMuchos logros m\u00e1s podr\u00edamos destacar de Freddy Pantoja, hoy s\u00f3lo nos resta invitar a nuestros lectores para que no se pierdan estos conciertos de aniversario.<br \/>\n<strong>Roberto Gonz\u00e1lez Short<\/strong><\/p>\n<figure id=\"attachment_94797\" aria-describedby=\"caption-attachment-94797\" style=\"width: 580px\" class=\"wp-caption alignnone\"><img data-recalc-dims=\"1\" loading=\"lazy\" decoding=\"async\" class=\"size-full wp-image-94797\" src=\"https:\/\/i0.wp.com\/www.eltrabajo.cl\/portal\/wp-content\/uploads\/2019\/10\/Freddy-Pantoja1.jpg?resize=580%2C358\" alt=\"DOS GRANDES.- Aqu\u00ed vemos a Freddy Pantoja al lado de su \u2018Madrina\u2019 art\u00edstica, la gran Palmenia Pizarro.\" width=\"580\" height=\"358\" srcset=\"https:\/\/i0.wp.com\/eltrabajo.cl\/portal\/wp-content\/uploads\/2019\/10\/Freddy-Pantoja1.jpg?w=580&amp;ssl=1 580w, https:\/\/i0.wp.com\/eltrabajo.cl\/portal\/wp-content\/uploads\/2019\/10\/Freddy-Pantoja1.jpg?resize=200%2C123&amp;ssl=1 200w, https:\/\/i0.wp.com\/eltrabajo.cl\/portal\/wp-content\/uploads\/2019\/10\/Freddy-Pantoja1.jpg?resize=300%2C185&amp;ssl=1 300w, https:\/\/i0.wp.com\/eltrabajo.cl\/portal\/wp-content\/uploads\/2019\/10\/Freddy-Pantoja1.jpg?resize=243%2C150&amp;ssl=1 243w, https:\/\/i0.wp.com\/eltrabajo.cl\/portal\/wp-content\/uploads\/2019\/10\/Freddy-Pantoja1.jpg?resize=400%2C247&amp;ssl=1 400w\" sizes=\"auto, (max-width: 580px) 100vw, 580px\" \/><figcaption id=\"caption-attachment-94797\" class=\"wp-caption-text\">DOS GRANDES.- Aqu\u00ed vemos a Freddy Pantoja al lado de su \u2018Madrina\u2019 art\u00edstica, la gran Palmenia Pizarro.<\/figcaption><\/figure>\n<figure id=\"attachment_94799\" aria-describedby=\"caption-attachment-94799\" style=\"width: 580px\" class=\"wp-caption alignnone\"><img data-recalc-dims=\"1\" loading=\"lazy\" decoding=\"async\" class=\"size-full wp-image-94799\" src=\"https:\/\/i0.wp.com\/www.eltrabajo.cl\/portal\/wp-content\/uploads\/2019\/10\/Freddy-Pantoja3.jpg?resize=580%2C360\" alt=\"TREMENDO CHIQUILLO.- Aqu\u00ed lo vemos cuando era ni\u00f1o, y estudiaba en la antigua Escuela F 71 de Curim\u00f3n, ahora Colegio Assunta Pallota.\" width=\"580\" height=\"360\" srcset=\"https:\/\/i0.wp.com\/eltrabajo.cl\/portal\/wp-content\/uploads\/2019\/10\/Freddy-Pantoja3.jpg?w=580&amp;ssl=1 580w, https:\/\/i0.wp.com\/eltrabajo.cl\/portal\/wp-content\/uploads\/2019\/10\/Freddy-Pantoja3.jpg?resize=200%2C124&amp;ssl=1 200w, https:\/\/i0.wp.com\/eltrabajo.cl\/portal\/wp-content\/uploads\/2019\/10\/Freddy-Pantoja3.jpg?resize=300%2C186&amp;ssl=1 300w, https:\/\/i0.wp.com\/eltrabajo.cl\/portal\/wp-content\/uploads\/2019\/10\/Freddy-Pantoja3.jpg?resize=242%2C150&amp;ssl=1 242w, https:\/\/i0.wp.com\/eltrabajo.cl\/portal\/wp-content\/uploads\/2019\/10\/Freddy-Pantoja3.jpg?resize=400%2C248&amp;ssl=1 400w\" sizes=\"auto, (max-width: 580px) 100vw, 580px\" \/><figcaption id=\"caption-attachment-94799\" class=\"wp-caption-text\">TREMENDO CHIQUILLO.- Aqu\u00ed lo vemos cuando era ni\u00f1o, y estudiaba en la antigua Escuela F 71 de Curim\u00f3n, ahora Colegio Assunta Pallota.<\/figcaption><\/figure>\n<figure id=\"attachment_94798\" aria-describedby=\"caption-attachment-94798\" style=\"width: 580px\" class=\"wp-caption alignnone\"><img data-recalc-dims=\"1\" loading=\"lazy\" decoding=\"async\" class=\"size-full wp-image-94798\" src=\"https:\/\/i0.wp.com\/www.eltrabajo.cl\/portal\/wp-content\/uploads\/2019\/10\/Freddy-Pantoja2.jpg?resize=580%2C640\" alt=\"Freddy Pantoja, uno de los artistas m\u00e1s vers\u00e1tiles de Chile.\" width=\"580\" height=\"640\" srcset=\"https:\/\/i0.wp.com\/eltrabajo.cl\/portal\/wp-content\/uploads\/2019\/10\/Freddy-Pantoja2.jpg?w=580&amp;ssl=1 580w, https:\/\/i0.wp.com\/eltrabajo.cl\/portal\/wp-content\/uploads\/2019\/10\/Freddy-Pantoja2.jpg?resize=136%2C150&amp;ssl=1 136w, https:\/\/i0.wp.com\/eltrabajo.cl\/portal\/wp-content\/uploads\/2019\/10\/Freddy-Pantoja2.jpg?resize=272%2C300&amp;ssl=1 272w, https:\/\/i0.wp.com\/eltrabajo.cl\/portal\/wp-content\/uploads\/2019\/10\/Freddy-Pantoja2.jpg?resize=400%2C441&amp;ssl=1 400w\" sizes=\"auto, (max-width: 580px) 100vw, 580px\" \/><figcaption id=\"caption-attachment-94798\" class=\"wp-caption-text\">Freddy Pantoja, uno de los artistas m\u00e1s vers\u00e1tiles de Chile.<\/figcaption><\/figure>\n","protected":false},"excerpt":{"rendered":"<p>S\u00e1bado 19 en Los Andes, y el viernes 1\u00ba de noviembre en Curim\u00f3n: Con dos conciertos estar\u00e1 celebrando sus 30 a\u00f1os de carrera art\u00edstica el popular cantante l\u00edrico aconcag\u00fcino Freddy Eric Pantoja&#8230;<\/p>\n","protected":false},"author":482,"featured_media":94797,"comment_status":"open","ping_status":"open","sticky":false,"template":"","format":"standard","meta":{"advanced_seo_description":"","jetpack_seo_html_title":"","jetpack_seo_noindex":false,"_jetpack_memberships_contains_paid_content":false,"footnotes":""},"categories":[15],"tags":[],"class_list":["post-94796","post","type-post","status-publish","format-standard","has-post-thumbnail","hentry","category-comunidad"],"jetpack_featured_media_url":"https:\/\/i0.wp.com\/eltrabajo.cl\/portal\/wp-content\/uploads\/2019\/10\/Freddy-Pantoja1.jpg?fit=580%2C358&ssl=1","jetpack_sharing_enabled":true,"jetpack_likes_enabled":true,"jetpack-related-posts":[],"_links":{"self":[{"href":"https:\/\/eltrabajo.cl\/portal\/wp-json\/wp\/v2\/posts\/94796","targetHints":{"allow":["GET"]}}],"collection":[{"href":"https:\/\/eltrabajo.cl\/portal\/wp-json\/wp\/v2\/posts"}],"about":[{"href":"https:\/\/eltrabajo.cl\/portal\/wp-json\/wp\/v2\/types\/post"}],"author":[{"embeddable":true,"href":"https:\/\/eltrabajo.cl\/portal\/wp-json\/wp\/v2\/users\/482"}],"replies":[{"embeddable":true,"href":"https:\/\/eltrabajo.cl\/portal\/wp-json\/wp\/v2\/comments?post=94796"}],"version-history":[{"count":0,"href":"https:\/\/eltrabajo.cl\/portal\/wp-json\/wp\/v2\/posts\/94796\/revisions"}],"wp:featuredmedia":[{"embeddable":true,"href":"https:\/\/eltrabajo.cl\/portal\/wp-json\/wp\/v2\/media\/94797"}],"wp:attachment":[{"href":"https:\/\/eltrabajo.cl\/portal\/wp-json\/wp\/v2\/media?parent=94796"}],"wp:term":[{"taxonomy":"category","embeddable":true,"href":"https:\/\/eltrabajo.cl\/portal\/wp-json\/wp\/v2\/categories?post=94796"},{"taxonomy":"post_tag","embeddable":true,"href":"https:\/\/eltrabajo.cl\/portal\/wp-json\/wp\/v2\/tags?post=94796"}],"curies":[{"name":"wp","href":"https:\/\/api.w.org\/{rel}","templated":true}]}}