{"id":94801,"date":"2019-10-16T05:03:40","date_gmt":"2019-10-16T08:03:40","guid":{"rendered":"http:\/\/www.eltrabajo.cl\/portal\/?p=94801"},"modified":"2019-10-15T20:47:56","modified_gmt":"2019-10-15T23:47:56","slug":"vecina-preocupada-ante-posibilidad-de-perder-una-palmera-ubicada-frente-a-su-casa","status":"publish","type":"post","link":"https:\/\/eltrabajo.cl\/portal\/vecina-preocupada-ante-posibilidad-de-perder-una-palmera-ubicada-frente-a-su-casa\/","title":{"rendered":"Vecina preocupada ante posibilidad de perder una palmera ubicada frente a su casa"},"content":{"rendered":"<p><span style=\"color: #ff0000;\"><strong>Hermanos Carrera con Toro Mazote:<\/strong><\/span><\/p>\n<p>Preocupada est\u00e1 la vecina Mar\u00eda Jos\u00e9 Toro, quien deja muy en claro que no est\u00e1 contra el proyecto, menos contra el progreso, sin embargo se siente en duda porque est\u00e1n realizando trabajos en las afueras de su casa ubicada en Avenida Hermanos Carrera, trabajos que tienen que ver con la circunvalaci\u00f3n. Lo anterior porque pueden sacarle una palmera que lleva unos 30 a\u00f1os en el lugar.<br \/>\n\u00abBueno, primero quiero decir que no tengo ning\u00fan problema con el progreso del lugar, pero s\u00ed es relevante que ya hace una semana retiraron ya un \u00e1rbol cerca de donde yo tengo mi casa, y ahora tambi\u00e9n me preocupa la palmera que tambi\u00e9n est\u00e1 muy, muy cerca tambi\u00e9n, y es una palmera que tiene m\u00e1s de 30 a\u00f1os en el sector; entonces eso tambi\u00e9n me da una preocupaci\u00f3n personal, de decir bueno, con todos estos cambios, los clim\u00e1ticos que nos hacen tener todos los d\u00edas m\u00e1s conciencia, tenemos problemas con el agua, etc., y ahora que nos retiren una palmera sin decir ninguna informaci\u00f3n. Yo no tengo ninguna informaci\u00f3n pertinente del proyecto en general, me siento que obviamente hace una da\u00f1o, esa es la verdad\u00bb.<br \/>\nMar\u00eda Jos\u00e9 ley\u00f3 el papelito donde dice: \u2018AVISO DE INICIO DE OBRAS, SE INICIA OBRAS DE CONSTRUCCI\u00d3N HERMANOS CARRERA NORTE, DOMICILIO SIN MORADORES\u2019. \u00abEsa es toda la informaci\u00f3n que yo tengo del d\u00eda de ayer (jueves), yo me acerqu\u00e9 a vecinos de aqu\u00ed del lugar, algunos me dieron una informaci\u00f3n de que me sacaban la palmera, otros no, as\u00ed es que realmente yo estoy como en duda, se podr\u00eda decir no s\u00e9 lo que realmente va a ocurrir aqu\u00ed\u00bb, indica la vecina.<br \/>\n<strong>-O\u00bfO sea detalles t\u00e9cnicos mayores no le han entregado?<\/strong><br \/>\n&#8211; No, no, nunca, realmente no.<br \/>\n<strong>&#8211; \u00bfAlguna reuni\u00f3n con Serviu, con el encargado de este proyecto?<\/strong><br \/>\n&#8211; No, no realmente tampoco.<br \/>\n<strong>&#8211; O sea aparecieron de la noche a la ma\u00f1ana efectuando los trabajos.<\/strong><br \/>\n&#8211; Claro, y este papel yo lo recib\u00ed ahora, como sea yo veo aqu\u00ed dos semanas que est\u00e1n realizando esta obra, y bueno entonces usted me entrega este papel \u00bfreci\u00e9n ahora, despu\u00e9s de dos semanas?.<br \/>\n<strong>&#8211; Cuando ya se han iniciado.<\/strong><br \/>\n&#8211; S\u00ed, ninguna informaci\u00f3n m\u00e1s pertinente del proyecto y dejando en claro que no tengo ning\u00fan problema con el proyecto, sino que es principalmente la palmera.<br \/>\nEste proyecto tiene que ver con la circunvalaci\u00f3n.<\/p>\n<figure id=\"attachment_94802\" aria-describedby=\"caption-attachment-94802\" style=\"width: 580px\" class=\"wp-caption alignnone\"><img data-recalc-dims=\"1\" loading=\"lazy\" decoding=\"async\" class=\"size-full wp-image-94802\" src=\"https:\/\/i0.wp.com\/www.eltrabajo.cl\/portal\/wp-content\/uploads\/2019\/10\/Palmera-retroexcavadora.jpg?resize=580%2C359\" alt=\"Ac\u00e1 la retroexcavadora trabajando en Hermanos Carrera.\" width=\"580\" height=\"359\" srcset=\"https:\/\/i0.wp.com\/eltrabajo.cl\/portal\/wp-content\/uploads\/2019\/10\/Palmera-retroexcavadora.jpg?w=580&amp;ssl=1 580w, https:\/\/i0.wp.com\/eltrabajo.cl\/portal\/wp-content\/uploads\/2019\/10\/Palmera-retroexcavadora.jpg?resize=200%2C124&amp;ssl=1 200w, https:\/\/i0.wp.com\/eltrabajo.cl\/portal\/wp-content\/uploads\/2019\/10\/Palmera-retroexcavadora.jpg?resize=300%2C186&amp;ssl=1 300w, https:\/\/i0.wp.com\/eltrabajo.cl\/portal\/wp-content\/uploads\/2019\/10\/Palmera-retroexcavadora.jpg?resize=242%2C150&amp;ssl=1 242w, https:\/\/i0.wp.com\/eltrabajo.cl\/portal\/wp-content\/uploads\/2019\/10\/Palmera-retroexcavadora.jpg?resize=400%2C248&amp;ssl=1 400w\" sizes=\"auto, (max-width: 580px) 100vw, 580px\" \/><figcaption id=\"caption-attachment-94802\" class=\"wp-caption-text\">Ac\u00e1 la retroexcavadora trabajando en Hermanos Carrera.<\/figcaption><\/figure>\n<figure id=\"attachment_94803\" aria-describedby=\"caption-attachment-94803\" style=\"width: 580px\" class=\"wp-caption alignnone\"><img data-recalc-dims=\"1\" loading=\"lazy\" decoding=\"async\" class=\"size-full wp-image-94803\" src=\"https:\/\/i0.wp.com\/www.eltrabajo.cl\/portal\/wp-content\/uploads\/2019\/10\/Palmeras-Mar%C3%ADa-Jos%C3%A9-Toro-.jpg?resize=580%2C359\" alt=\"Mar\u00eda Jos\u00e9 Toro, vecina preocupada porque le pueden extraer la palmera ubicada frente a su domicilio ubicado en Avenida Hermanos Carrera.\" width=\"580\" height=\"359\" srcset=\"https:\/\/i0.wp.com\/eltrabajo.cl\/portal\/wp-content\/uploads\/2019\/10\/Palmeras-Mar%C3%ADa-Jos%C3%A9-Toro-.jpg?w=580&amp;ssl=1 580w, https:\/\/i0.wp.com\/eltrabajo.cl\/portal\/wp-content\/uploads\/2019\/10\/Palmeras-Mar%C3%ADa-Jos%C3%A9-Toro-.jpg?resize=200%2C124&amp;ssl=1 200w, https:\/\/i0.wp.com\/eltrabajo.cl\/portal\/wp-content\/uploads\/2019\/10\/Palmeras-Mar%C3%ADa-Jos%C3%A9-Toro-.jpg?resize=300%2C186&amp;ssl=1 300w, https:\/\/i0.wp.com\/eltrabajo.cl\/portal\/wp-content\/uploads\/2019\/10\/Palmeras-Mar%C3%ADa-Jos%C3%A9-Toro-.jpg?resize=242%2C150&amp;ssl=1 242w, https:\/\/i0.wp.com\/eltrabajo.cl\/portal\/wp-content\/uploads\/2019\/10\/Palmeras-Mar%C3%ADa-Jos%C3%A9-Toro-.jpg?resize=400%2C248&amp;ssl=1 400w\" sizes=\"auto, (max-width: 580px) 100vw, 580px\" \/><figcaption id=\"caption-attachment-94803\" class=\"wp-caption-text\">Mar\u00eda Jos\u00e9 Toro, vecina preocupada porque le pueden extraer la palmera ubicada frente a su domicilio ubicado en Avenida Hermanos Carrera.<\/figcaption><\/figure>\n","protected":false},"excerpt":{"rendered":"<p>Hermanos Carrera con Toro Mazote: Preocupada est\u00e1 la vecina Mar\u00eda Jos\u00e9 Toro, quien deja muy en claro que no est\u00e1 contra el proyecto, menos contra el progreso, sin embargo se siente en&#8230;<\/p>\n","protected":false},"author":482,"featured_media":94803,"comment_status":"open","ping_status":"open","sticky":false,"template":"","format":"standard","meta":{"advanced_seo_description":"","jetpack_seo_html_title":"","jetpack_seo_noindex":false,"_jetpack_memberships_contains_paid_content":false,"footnotes":""},"categories":[15],"tags":[],"class_list":["post-94801","post","type-post","status-publish","format-standard","has-post-thumbnail","hentry","category-comunidad"],"jetpack_featured_media_url":"https:\/\/i0.wp.com\/eltrabajo.cl\/portal\/wp-content\/uploads\/2019\/10\/Palmeras-Mar%C3%ADa-Jos%C3%A9-Toro-.jpg?fit=580%2C359&ssl=1","jetpack_sharing_enabled":true,"jetpack_likes_enabled":true,"jetpack-related-posts":[],"_links":{"self":[{"href":"https:\/\/eltrabajo.cl\/portal\/wp-json\/wp\/v2\/posts\/94801","targetHints":{"allow":["GET"]}}],"collection":[{"href":"https:\/\/eltrabajo.cl\/portal\/wp-json\/wp\/v2\/posts"}],"about":[{"href":"https:\/\/eltrabajo.cl\/portal\/wp-json\/wp\/v2\/types\/post"}],"author":[{"embeddable":true,"href":"https:\/\/eltrabajo.cl\/portal\/wp-json\/wp\/v2\/users\/482"}],"replies":[{"embeddable":true,"href":"https:\/\/eltrabajo.cl\/portal\/wp-json\/wp\/v2\/comments?post=94801"}],"version-history":[{"count":0,"href":"https:\/\/eltrabajo.cl\/portal\/wp-json\/wp\/v2\/posts\/94801\/revisions"}],"wp:featuredmedia":[{"embeddable":true,"href":"https:\/\/eltrabajo.cl\/portal\/wp-json\/wp\/v2\/media\/94803"}],"wp:attachment":[{"href":"https:\/\/eltrabajo.cl\/portal\/wp-json\/wp\/v2\/media?parent=94801"}],"wp:term":[{"taxonomy":"category","embeddable":true,"href":"https:\/\/eltrabajo.cl\/portal\/wp-json\/wp\/v2\/categories?post=94801"},{"taxonomy":"post_tag","embeddable":true,"href":"https:\/\/eltrabajo.cl\/portal\/wp-json\/wp\/v2\/tags?post=94801"}],"curies":[{"name":"wp","href":"https:\/\/api.w.org\/{rel}","templated":true}]}}