{"id":94808,"date":"2019-10-16T05:05:54","date_gmt":"2019-10-16T08:05:54","guid":{"rendered":"http:\/\/www.eltrabajo.cl\/portal\/?p=94808"},"modified":"2019-10-15T20:52:25","modified_gmt":"2019-10-15T23:52:25","slug":"denuncian-que-dos-encapuchados-asaltaron-a-menor-de-11-anos-para-robarle-un-celular","status":"publish","type":"post","link":"https:\/\/eltrabajo.cl\/portal\/denuncian-que-dos-encapuchados-asaltaron-a-menor-de-11-anos-para-robarle-un-celular\/","title":{"rendered":"Denuncian que dos encapuchados asaltaron a menor de 11 a\u00f1os para robarle un celular"},"content":{"rendered":"<p><span style=\"color: #ff0000;\"><strong>Villa Juan Pablo II: Madsre de v\u00edctima se quejan por p\u00e9sima atenci\u00f3n de Carabineros<\/strong><\/span><\/p>\n<p>Dos sujetos de color, presuntamente haitianos, asaltaron con un cuchillo a un menor de 11 a\u00f1os de edad, a quien le robaron un celular marca Samsung. El asalto se produjo este domingo en la cancha de la Villa Juan Pablo Segundo.<br \/>\nLa madre del menor, de quien resguardamos su identidad por seguridad, dijo a nuestro medio lo siguiente: \u00abEl d\u00eda domingo como a las 18:10 horas me pidi\u00f3 permiso para ir a jugar a la cancha. Yo por precauci\u00f3n le dije que llevara su celular, por si acaso, por si pasaba algo, y m\u00e1s menos como a las siete ven\u00edan saliendo. Como la cancha est\u00e1 al final, ellos vieron entrar dos sujetos en bicicleta que iban encapuchados, se bajaron de la bicicleta, andaban con un cuchillo de cocina en la mano y le pidieron que le entregara el celular, igual lo entreg\u00f3 al tiro, no opuso resistencia. Yo llam\u00e9 a Carabineros, vinieron a mi casa, me hicieron llenar un formulario, me hicieron un mont\u00f3n de preguntas, pero al final uno de ellos me cuestion\u00f3 que mi hijo de 11 a\u00f1os tuviera celular, entonces igual me sent\u00ed\u2026 extra\u00f1a, porque uno quiere que ellos les den confianza para que nuestros hijos puedan salir a la calle, pero al final me sent\u00ed m\u00e1s cuestionada que me ayudaran en algo\u00bb, dijo la vecina y madre del menor.<br \/>\n<strong>&#8211; \u00bfEllos le cuestionaron porque le hab\u00eda comprado un celular a su hijo? \u00bfHicieron algo m\u00e1s o se retiraron?<\/strong><br \/>\n&#8211; No, yo firm\u00e9 la denuncia y me dijeron que iban a llamar de fiscal\u00eda como para el procedimiento, pero ellos mismos me dijeron que al final ellos no pod\u00edan hacer nada, porque si encontraban a los tipos en la calle los iban a tomar detenidos y al final ni siquiera entraban a la c\u00e1rcel, porque me dijeron que no estaban m\u00e1s de doce horas y el fiscal los tiraba afuera al tiro. O sea al final ni siquiera, es como lo mismo, los atrapen o no los atrapen ellos est\u00e1n un rato en la c\u00e1rcel y los tiran afuera para que sigan haciendo delincuencia.<br \/>\n<strong>&#8211; S\u00ed, pero ac\u00e1 cambia la tipificaci\u00f3n del delito, esto es pr\u00e1cticamente un asalto, un robo con intimidaci\u00f3n porque andaban con cuchilla, entonces ya tiene una pena diferente, es raro que el carabinero, o sea el carabinero actu\u00f3 como fiscal y juez en el momento, le dio la resoluci\u00f3n de inmediato.<\/strong><br \/>\n&#8211; Claro, porque yo me sent\u00ed como de brazos cruzados, entonces yo igual por eso lo quise hacer p\u00fablico, porque al final si ellos no van a cuidar a nuestros hijos en la calle, vamos a tener que hacerlo nosotros, o sea mi hijo ni siquiera puede salir a jugar a la plaza, a la cancha, a ninguna hora porque esto fue a las siete de la tarde, estaba claro, entonces no tenemos seguridad ni siquiera llamando a Carabineros.<br \/>\n<strong>&#8211; \u00bfEst\u00e1n inseguros, abandonados, en el fondo en el sector?<\/strong><br \/>\n&#8211; Claro, porque uno queda de brazos cruzados, al final no tenemos apoyo.<br \/>\n<strong>&#8211; \u00bfSu hijo tuvo alguna herida, producto del asalto o solo el susto?<\/strong><br \/>\n&#8211; S\u00ed, yo creo m\u00e1s el susto. Lleg\u00f3 a la casa con una cara de preocupaci\u00f3n, porque yo creo que \u00e9l igual como ni\u00f1o estaba preocupado de que a lo mejor yo le dijera algo porque le hab\u00edan robado el celular, pero yo en realidad le dije que el celular me daba igual porque al final lo material lo puede recuperar, pero lo que pas\u00f3 es igual chocante, m\u00e1s para un ni\u00f1o de once a\u00f1os.<br \/>\n<strong>&#8211; \u00bfOiga y Carabineros trat\u00f3 por \u00faltimo de llamar al tel\u00e9fono o no? <\/strong><br \/>\n&#8211; No, nada, nada, solamente yo tuve que escribir en un papel lo que hab\u00eda sucedido. Me preguntaron el modelo, igual incluso me dijeron \u00bfun celular tan caro para su hijo?, entonces ah\u00ed fue donde les dije que a m\u00ed no me importaba el celular, que yo sab\u00eda que no lo iba a recuperar, pero yo quer\u00eda que por lo menos ellos hicieran algo, salieran a buscar a los tipos, a lo mejor andaban por ah\u00ed, por ubicaci\u00f3n que yo les di y nada, nada, me dijeron que me iban a llamar.<br \/>\n<strong>&#8211; \u00bfY hasta el d\u00eda de hoy?<\/strong><br \/>\n&#8211; Nada, nada, solamente ustedes que me han llamado para que esto se pueda hacer p\u00fablico.<br \/>\n<strong>&#8211; La noto como frustrada.<\/strong><br \/>\n&#8211; S\u00ed, porque uno como mam\u00e1 quiere proteger en todo momento a sus hijos, entonces me sent\u00ed de brazos cruzados al no poder hacer nada.<br \/>\nSeg\u00fan la v\u00edctima, los asaltantes son ciudadanos haitianos.<\/p>\n<p><span style=\"color: #ff0000;\"><strong>JJVV RECLAMA CONTRA CARABINEROS<\/strong><\/span><br \/>\nMientras tanto la secretaria de la Junta de Vecinos de la Villa Juan Pablo Segundo, Eli Mansilla, formul\u00f3 duras cr\u00edticas a Carabineros, se\u00f1alando lo siguiente: \u00abNosotros tambi\u00e9n tomamos conocimiento hoy, en lo cual compartimos la rabia con la se\u00f1ora porque no puede ser que a las seis de la tarde que salga mi hijo a jugar y que vengan dos delincuentes y lo asalten, porque aqu\u00ed no se trata de ser haitiano, chileno, venezolano, no, son dos delincuentes y que el ni\u00f1o fue asaltado y m\u00e1s encima llaman a Carabineros y carabineros cuestiona porque el ni\u00f1o anda con un tel\u00e9fono en la calle. Bueno la mam\u00e1 le pasa el tel\u00e9fono para estar en contacto y decirle: \u2018oye, vente para la casa\u2019, no s\u00e9, resguardo de ella para saber d\u00f3nde est\u00e1. Aqu\u00ed el problema son los delincuentes, no son los ni\u00f1os que salen a tres cuatro metros de la casa de uno. Nosotros ya tomamos conocimiento de esto, queremos ir a hablar con el que manda Carabineros, hacer una entrevista, vengan a dar una charla porque la respuesta de Carabineros siempre\u2026 no es positiva: \u2018No, no podemos hacer nada\u2019 \u00bfC\u00f3mo no van a poder hacer nada?, no pueden venir a ver en la tarde, yo tambi\u00e9n fui v\u00edctima de un asalto aqu\u00ed en mi casa, adentro, yo durmiendo, mis hijos debajo de la cama escondidos, me robaron. Yo llam\u00e9 a Carabineros y Carabineros no ven\u00eda en una hora, llam\u00e9 de nuevo y el carabinero me dice: \u2018Se\u00f1ora estamos ocupados y adem\u00e1s que usted tiene que cuidar m\u00e1s su casa\u2019, entonces \u00bfde qu\u00e9 estamos hablando?, si esas respuesta me las da \u00e9l, y el d\u00eda que yo me tome la justicia por mis manos\u2026 yo voy a caer presa, entonces si ellos no me dan un resguardo, \u00bfa qui\u00e9n se lo puedo pedir yo? Nosotros ya estamos en conocimiento y ahora haremos todo lo correspondiente para poder proteger y ayudar a m\u00e1s vecinos, por favor los vecinos que van a leer, cuiden, protejan a los otros ni\u00f1os, no porque no sea su hijo tiene que estar pendiente, alg\u00fan d\u00eda le va a tocar al suyo que va a estar solo y hay otra vecina que se lo va a cuidar\u00bb, se\u00f1ala.<br \/>\nM\u00e1s adelante agrega que \u00absi ustedes hicieran un censo de cu\u00e1ntas casas han sido robadas en nuestra Villa Juan Pablo Segundo, se dar\u00edan cuenta que son much\u00edsimos vecinos afectados. No hay casa que colinde con el potrero que no haya sido robada, y uno llama a Carabineros y dicen: \u2018Ay, estamos ocupados en otro procedimiento\u2019. Yo no entiendo c\u00f3mo si a las tres de la ma\u00f1ana existe solo un carro o son muy poquitos, es que no entiendo c\u00f3mo es, porque estos robos la mayor\u00eda est\u00e1n siendo en la madrugada, en el d\u00eda tambi\u00e9n se han entrado a robar a algunas casas, pero han sido menos que en la madrugada. A m\u00ed me gustar\u00eda trabajar en conjunto con Carabineros, pero ellos tampoco nos dan la posibilidad de poder trabajar con ellos, porque siempre las respuestas a nosotros, a las v\u00edctimas, es mala, se ponen agresivos con nosotros, siendo que uno es la v\u00edctima\u00bb, finaliz\u00f3 la secretaria.<\/p>\n<figure id=\"attachment_94809\" aria-describedby=\"caption-attachment-94809\" style=\"width: 580px\" class=\"wp-caption alignnone\"><img data-recalc-dims=\"1\" loading=\"lazy\" decoding=\"async\" class=\"size-full wp-image-94809\" src=\"https:\/\/i0.wp.com\/www.eltrabajo.cl\/portal\/wp-content\/uploads\/2019\/10\/asalto-Cancha.jpg?resize=580%2C360\" alt=\"En este lugar fue asaltado el menor de 11 a\u00f1os. Se trata de la cancha de la Villa Juan Pablo Segundo.\" width=\"580\" height=\"360\" srcset=\"https:\/\/i0.wp.com\/eltrabajo.cl\/portal\/wp-content\/uploads\/2019\/10\/asalto-Cancha.jpg?w=580&amp;ssl=1 580w, https:\/\/i0.wp.com\/eltrabajo.cl\/portal\/wp-content\/uploads\/2019\/10\/asalto-Cancha.jpg?resize=200%2C124&amp;ssl=1 200w, https:\/\/i0.wp.com\/eltrabajo.cl\/portal\/wp-content\/uploads\/2019\/10\/asalto-Cancha.jpg?resize=300%2C186&amp;ssl=1 300w, https:\/\/i0.wp.com\/eltrabajo.cl\/portal\/wp-content\/uploads\/2019\/10\/asalto-Cancha.jpg?resize=242%2C150&amp;ssl=1 242w, https:\/\/i0.wp.com\/eltrabajo.cl\/portal\/wp-content\/uploads\/2019\/10\/asalto-Cancha.jpg?resize=400%2C248&amp;ssl=1 400w\" sizes=\"auto, (max-width: 580px) 100vw, 580px\" \/><figcaption id=\"caption-attachment-94809\" class=\"wp-caption-text\">En este lugar fue asaltado el menor de 11 a\u00f1os. Se trata de la cancha de la Villa Juan Pablo Segundo.<\/figcaption><\/figure>\n<figure id=\"attachment_94810\" aria-describedby=\"caption-attachment-94810\" style=\"width: 580px\" class=\"wp-caption alignnone\"><img data-recalc-dims=\"1\" loading=\"lazy\" decoding=\"async\" class=\"size-full wp-image-94810\" src=\"https:\/\/i0.wp.com\/www.eltrabajo.cl\/portal\/wp-content\/uploads\/2019\/10\/asalto-Elizabeth-Mansilla.jpg?resize=580%2C638\" alt=\"Elizabeth Mansilla, secretaria de la Junta de Vecinos de Villa Juan Pablo Segundo.\" width=\"580\" height=\"638\" srcset=\"https:\/\/i0.wp.com\/eltrabajo.cl\/portal\/wp-content\/uploads\/2019\/10\/asalto-Elizabeth-Mansilla.jpg?w=580&amp;ssl=1 580w, https:\/\/i0.wp.com\/eltrabajo.cl\/portal\/wp-content\/uploads\/2019\/10\/asalto-Elizabeth-Mansilla.jpg?resize=136%2C150&amp;ssl=1 136w, https:\/\/i0.wp.com\/eltrabajo.cl\/portal\/wp-content\/uploads\/2019\/10\/asalto-Elizabeth-Mansilla.jpg?resize=273%2C300&amp;ssl=1 273w, https:\/\/i0.wp.com\/eltrabajo.cl\/portal\/wp-content\/uploads\/2019\/10\/asalto-Elizabeth-Mansilla.jpg?resize=400%2C440&amp;ssl=1 400w\" sizes=\"auto, (max-width: 580px) 100vw, 580px\" \/><figcaption id=\"caption-attachment-94810\" class=\"wp-caption-text\">Elizabeth Mansilla, secretaria de la Junta de Vecinos de Villa Juan Pablo Segundo.<\/figcaption><\/figure>\n","protected":false},"excerpt":{"rendered":"<p>Villa Juan Pablo II: Madsre de v\u00edctima se quejan por p\u00e9sima atenci\u00f3n de Carabineros Dos sujetos de color, presuntamente haitianos, asaltaron con un cuchillo a un menor de 11 a\u00f1os de edad,&#8230;<\/p>\n","protected":false},"author":482,"featured_media":94809,"comment_status":"open","ping_status":"open","sticky":false,"template":"","format":"standard","meta":{"advanced_seo_description":"","jetpack_seo_html_title":"","jetpack_seo_noindex":false,"_jetpack_memberships_contains_paid_content":false,"footnotes":""},"categories":[15],"tags":[],"class_list":["post-94808","post","type-post","status-publish","format-standard","has-post-thumbnail","hentry","category-comunidad"],"jetpack_featured_media_url":"https:\/\/i0.wp.com\/eltrabajo.cl\/portal\/wp-content\/uploads\/2019\/10\/asalto-Cancha.jpg?fit=580%2C360&ssl=1","jetpack_sharing_enabled":true,"jetpack_likes_enabled":true,"jetpack-related-posts":[],"_links":{"self":[{"href":"https:\/\/eltrabajo.cl\/portal\/wp-json\/wp\/v2\/posts\/94808","targetHints":{"allow":["GET"]}}],"collection":[{"href":"https:\/\/eltrabajo.cl\/portal\/wp-json\/wp\/v2\/posts"}],"about":[{"href":"https:\/\/eltrabajo.cl\/portal\/wp-json\/wp\/v2\/types\/post"}],"author":[{"embeddable":true,"href":"https:\/\/eltrabajo.cl\/portal\/wp-json\/wp\/v2\/users\/482"}],"replies":[{"embeddable":true,"href":"https:\/\/eltrabajo.cl\/portal\/wp-json\/wp\/v2\/comments?post=94808"}],"version-history":[{"count":0,"href":"https:\/\/eltrabajo.cl\/portal\/wp-json\/wp\/v2\/posts\/94808\/revisions"}],"wp:featuredmedia":[{"embeddable":true,"href":"https:\/\/eltrabajo.cl\/portal\/wp-json\/wp\/v2\/media\/94809"}],"wp:attachment":[{"href":"https:\/\/eltrabajo.cl\/portal\/wp-json\/wp\/v2\/media?parent=94808"}],"wp:term":[{"taxonomy":"category","embeddable":true,"href":"https:\/\/eltrabajo.cl\/portal\/wp-json\/wp\/v2\/categories?post=94808"},{"taxonomy":"post_tag","embeddable":true,"href":"https:\/\/eltrabajo.cl\/portal\/wp-json\/wp\/v2\/tags?post=94808"}],"curies":[{"name":"wp","href":"https:\/\/api.w.org\/{rel}","templated":true}]}}