{"id":94813,"date":"2019-10-17T05:01:33","date_gmt":"2019-10-17T08:01:33","guid":{"rendered":"http:\/\/www.eltrabajo.cl\/portal\/?p=94813"},"modified":"2019-10-16T20:36:13","modified_gmt":"2019-10-16T23:36:13","slug":"escolares-del-valle-de-aconcagua-aprenden-a-surfear-ingles-y-ciencias-en-un-solo-dia","status":"publish","type":"post","link":"https:\/\/eltrabajo.cl\/portal\/escolares-del-valle-de-aconcagua-aprenden-a-surfear-ingles-y-ciencias-en-un-solo-dia\/","title":{"rendered":"Escolares del Valle de Aconcagua aprenden a surfear, ingl\u00e9s y ciencias en un solo d\u00eda"},"content":{"rendered":"<p><span style=\"color: #ff0000;\"><strong>\u2018Entra al mar, descubre y mu\u00e9vete Con-Ciencia\u2019:<\/strong><\/span><\/p>\n<p>Es una gran aventura estudiantil la que cientos de estudiantes de todo el Valle de Aconcagua est\u00e1n experimentando en las jornadas \u2018Entra al mar, descubre y mu\u00e9vete Con-Ciencia\u2019, programa de trabajo que el Ministerio de Educaci\u00f3n en el contexto de la implementaci\u00f3n de pol\u00edticas de fomento de Actividad F\u00edsica y Salud, est\u00e1n desarrollando con todas las escuelas de las provincias de Los Andes y San Felipe.<br \/>\nSeg\u00fan explic\u00f3 a Diario El Trabajo el jefe del Departamento Provincial de Educaci\u00f3n San Felipe-Los Andes, Ricardo Castro Pinto, \u00abbuscamos con esta actividad que el Estudiante sea el protagonista de sus aprendizajes, por medio del fomento de los h\u00e1bitos de Vida Activa, estas actividades potencian el desarrollo de Articulaci\u00f3n Curricular Educaci\u00f3n F\u00edsica, Ingles y Ciencias Naturales, jornadas que se llevar\u00e1n a cabo en Playa La Boca de Concon, llamada \u2018Entra al Mar, descubre y mu\u00e9vete Con-Ciencia\u2019, consiste en desarrollar de manera vivencial dos talleres de manera simult\u00e1nea en esta playa, desde las 10:00 a 12:00 y 12:00 a 14:00 horas\u00bb, coment\u00f3 Castro.<\/p>\n<p><span style=\"color: #ff0000;\"><strong>MUCHO QUE HACER<\/strong><\/span><br \/>\nEntre las actividades para desarrollar los estudiantes tienen que llevar el Taller de Iniciaci\u00f3n Surf, con monitores nativos, esto incluye traje de surf, tabla e instructor, desarrollado por la ONG Valpo Surf; un Taller de Apreciaci\u00f3n y cuidado del borde costero, en conjunto con el Centro de investigaci\u00f3n en did\u00e1cticas de las Ciencias y Educaci\u00f3n Stem (CIDSTEM-PUCV). En esta oportunidad ser\u00e1 considerada una escuela p\u00fablica por comuna, que cuenten con alg\u00fan sello parte del Proyecto Educativo, entre ellos se observar\u00e1n Sello en Ingles o Sello Medioambiental.<\/p>\n<p><span style=\"color: #ff0000;\"><strong>MUNDO SURF<\/strong><\/span><br \/>\nCastro explic\u00f3 tambi\u00e9n que \u00abrespecto a estas actividades desarrolladas en Con-Con que tienen cuatro fechas, este martes fue el turno para las comunas de Santa Mar\u00eda y Panquehue, son jornadas enfocadas a que los chicos conozcan las ciencias, tengan su recreaci\u00f3n, practiquen el idioma ingl\u00e9s, entren al mar y descubran todo utilizando sus sentidos en actividades donde se articula el aprendizaje de Ingl\u00e9s, de Ciencias Naturales, Educaci\u00f3n F\u00edsica y tambi\u00e9n H\u00e1bitos de vida saludable, estos juegos les ayuda a motivarse y descubrir c\u00f3mo se practica el surf y otras actividades\u00bb, indic\u00f3 el jefe provincial de Educaci\u00f3n.<\/p>\n<p><span style=\"color: #ff0000;\"><strong>PR\u00d3XIMAS SALIDAS<\/strong><\/span><br \/>\nLa idea de estas actividades es que los estudiantes que por primera vez est\u00e1n viviendo esta experiencia, puedan reconocer, observar y vivir la disciplina del surf y la vinculaci\u00f3n con el mar.<br \/>\n<strong>Roberto Gonz\u00e1lez Short<\/strong><\/p>\n<figure id=\"attachment_94818\" aria-describedby=\"caption-attachment-94818\" style=\"width: 580px\" class=\"wp-caption alignnone\"><img data-recalc-dims=\"1\" loading=\"lazy\" decoding=\"async\" class=\"size-full wp-image-94818\" src=\"https:\/\/i0.wp.com\/www.eltrabajo.cl\/portal\/wp-content\/uploads\/2019\/10\/Acuatico1.jpg?resize=580%2C359\" alt=\"LOS PROTAGONISTAS.- Ni\u00f1os del Valle de Aconcagua est\u00e1n aprendiendo de manera divertida el idioma ingl\u00e9s, a surfear y otras disciplinas de la Vida Sana en Conc\u00f3n.\" width=\"580\" height=\"359\" srcset=\"https:\/\/i0.wp.com\/eltrabajo.cl\/portal\/wp-content\/uploads\/2019\/10\/Acuatico1.jpg?w=580&amp;ssl=1 580w, https:\/\/i0.wp.com\/eltrabajo.cl\/portal\/wp-content\/uploads\/2019\/10\/Acuatico1.jpg?resize=200%2C124&amp;ssl=1 200w, https:\/\/i0.wp.com\/eltrabajo.cl\/portal\/wp-content\/uploads\/2019\/10\/Acuatico1.jpg?resize=300%2C186&amp;ssl=1 300w, https:\/\/i0.wp.com\/eltrabajo.cl\/portal\/wp-content\/uploads\/2019\/10\/Acuatico1.jpg?resize=242%2C150&amp;ssl=1 242w, https:\/\/i0.wp.com\/eltrabajo.cl\/portal\/wp-content\/uploads\/2019\/10\/Acuatico1.jpg?resize=400%2C248&amp;ssl=1 400w\" sizes=\"auto, (max-width: 580px) 100vw, 580px\" \/><figcaption id=\"caption-attachment-94818\" class=\"wp-caption-text\">LOS PROTAGONISTAS.- Ni\u00f1os del Valle de Aconcagua est\u00e1n aprendiendo de manera divertida el idioma ingl\u00e9s, a surfear y otras disciplinas de la Vida Sana en Conc\u00f3n.<\/figcaption><\/figure>\n<figure id=\"attachment_94816\" aria-describedby=\"caption-attachment-94816\" style=\"width: 580px\" class=\"wp-caption alignnone\"><img data-recalc-dims=\"1\" loading=\"lazy\" decoding=\"async\" class=\"size-full wp-image-94816\" src=\"https:\/\/i0.wp.com\/www.eltrabajo.cl\/portal\/wp-content\/uploads\/2019\/10\/Acuatico4.jpg?resize=580%2C359\" alt=\"APRENDEN HACI\u00c9NDOLO.- Cada ni\u00f1o recibi\u00f3 sus trajes para surfear, tablas, explicaciones en espa\u00f1ol e ingl\u00e9s.\" width=\"580\" height=\"359\" srcset=\"https:\/\/i0.wp.com\/eltrabajo.cl\/portal\/wp-content\/uploads\/2019\/10\/Acuatico4.jpg?w=580&amp;ssl=1 580w, https:\/\/i0.wp.com\/eltrabajo.cl\/portal\/wp-content\/uploads\/2019\/10\/Acuatico4.jpg?resize=200%2C124&amp;ssl=1 200w, https:\/\/i0.wp.com\/eltrabajo.cl\/portal\/wp-content\/uploads\/2019\/10\/Acuatico4.jpg?resize=300%2C186&amp;ssl=1 300w, https:\/\/i0.wp.com\/eltrabajo.cl\/portal\/wp-content\/uploads\/2019\/10\/Acuatico4.jpg?resize=242%2C150&amp;ssl=1 242w, https:\/\/i0.wp.com\/eltrabajo.cl\/portal\/wp-content\/uploads\/2019\/10\/Acuatico4.jpg?resize=400%2C248&amp;ssl=1 400w\" sizes=\"auto, (max-width: 580px) 100vw, 580px\" \/><figcaption id=\"caption-attachment-94816\" class=\"wp-caption-text\">APRENDEN HACI\u00c9NDOLO.- Cada ni\u00f1o recibi\u00f3 sus trajes para surfear, tablas, explicaciones en espa\u00f1ol e ingl\u00e9s.<\/figcaption><\/figure>\n<figure id=\"attachment_94814\" aria-describedby=\"caption-attachment-94814\" style=\"width: 580px\" class=\"wp-caption alignnone\"><img data-recalc-dims=\"1\" loading=\"lazy\" decoding=\"async\" class=\"size-full wp-image-94814\" src=\"https:\/\/i0.wp.com\/www.eltrabajo.cl\/portal\/wp-content\/uploads\/2019\/10\/Acuatico2.jpg?resize=580%2C359\" alt=\"SU GRAN AVENTURA.- Aqu\u00ed tenemos a estos escolares haciendo de las suyas en el Oc\u00e9ano Pac\u00edfico.\" width=\"580\" height=\"359\" srcset=\"https:\/\/i0.wp.com\/eltrabajo.cl\/portal\/wp-content\/uploads\/2019\/10\/Acuatico2.jpg?w=580&amp;ssl=1 580w, https:\/\/i0.wp.com\/eltrabajo.cl\/portal\/wp-content\/uploads\/2019\/10\/Acuatico2.jpg?resize=200%2C124&amp;ssl=1 200w, https:\/\/i0.wp.com\/eltrabajo.cl\/portal\/wp-content\/uploads\/2019\/10\/Acuatico2.jpg?resize=300%2C186&amp;ssl=1 300w, https:\/\/i0.wp.com\/eltrabajo.cl\/portal\/wp-content\/uploads\/2019\/10\/Acuatico2.jpg?resize=242%2C150&amp;ssl=1 242w, https:\/\/i0.wp.com\/eltrabajo.cl\/portal\/wp-content\/uploads\/2019\/10\/Acuatico2.jpg?resize=400%2C248&amp;ssl=1 400w\" sizes=\"auto, (max-width: 580px) 100vw, 580px\" \/><figcaption id=\"caption-attachment-94814\" class=\"wp-caption-text\">SU GRAN AVENTURA.- Aqu\u00ed tenemos a estos escolares haciendo de las suyas en el Oc\u00e9ano Pac\u00edfico.<\/figcaption><\/figure>\n<figure id=\"attachment_94815\" aria-describedby=\"caption-attachment-94815\" style=\"width: 580px\" class=\"wp-caption alignnone\"><img data-recalc-dims=\"1\" loading=\"lazy\" decoding=\"async\" class=\"size-full wp-image-94815\" src=\"https:\/\/i0.wp.com\/www.eltrabajo.cl\/portal\/wp-content\/uploads\/2019\/10\/Acuatico3.jpg?resize=580%2C360\" alt=\"CURSO INOLVIDABLE.- Al finalizar la jornada cada participante recibi\u00f3 su diploma de participaci\u00f3n.\" width=\"580\" height=\"360\" srcset=\"https:\/\/i0.wp.com\/eltrabajo.cl\/portal\/wp-content\/uploads\/2019\/10\/Acuatico3.jpg?w=580&amp;ssl=1 580w, https:\/\/i0.wp.com\/eltrabajo.cl\/portal\/wp-content\/uploads\/2019\/10\/Acuatico3.jpg?resize=200%2C124&amp;ssl=1 200w, https:\/\/i0.wp.com\/eltrabajo.cl\/portal\/wp-content\/uploads\/2019\/10\/Acuatico3.jpg?resize=300%2C186&amp;ssl=1 300w, https:\/\/i0.wp.com\/eltrabajo.cl\/portal\/wp-content\/uploads\/2019\/10\/Acuatico3.jpg?resize=242%2C150&amp;ssl=1 242w, https:\/\/i0.wp.com\/eltrabajo.cl\/portal\/wp-content\/uploads\/2019\/10\/Acuatico3.jpg?resize=400%2C248&amp;ssl=1 400w\" sizes=\"auto, (max-width: 580px) 100vw, 580px\" \/><figcaption id=\"caption-attachment-94815\" class=\"wp-caption-text\">CURSO INOLVIDABLE.- Al finalizar la jornada cada participante recibi\u00f3 su diploma de participaci\u00f3n.<\/figcaption><\/figure>\n<figure id=\"attachment_94817\" aria-describedby=\"caption-attachment-94817\" style=\"width: 580px\" class=\"wp-caption alignnone\"><img data-recalc-dims=\"1\" loading=\"lazy\" decoding=\"async\" class=\"size-full wp-image-94817\" src=\"https:\/\/i0.wp.com\/www.eltrabajo.cl\/portal\/wp-content\/uploads\/2019\/10\/Acuatico_Ricardo-Castro.jpg?resize=580%2C618\" alt=\"Jefe del Departamento Provincial de Educaci\u00f3n San Felipe-Los Andes, Ricardo Castro Pinto.\" width=\"580\" height=\"618\" srcset=\"https:\/\/i0.wp.com\/eltrabajo.cl\/portal\/wp-content\/uploads\/2019\/10\/Acuatico_Ricardo-Castro.jpg?w=580&amp;ssl=1 580w, https:\/\/i0.wp.com\/eltrabajo.cl\/portal\/wp-content\/uploads\/2019\/10\/Acuatico_Ricardo-Castro.jpg?resize=141%2C150&amp;ssl=1 141w, https:\/\/i0.wp.com\/eltrabajo.cl\/portal\/wp-content\/uploads\/2019\/10\/Acuatico_Ricardo-Castro.jpg?resize=282%2C300&amp;ssl=1 282w, https:\/\/i0.wp.com\/eltrabajo.cl\/portal\/wp-content\/uploads\/2019\/10\/Acuatico_Ricardo-Castro.jpg?resize=400%2C426&amp;ssl=1 400w\" sizes=\"auto, (max-width: 580px) 100vw, 580px\" \/><figcaption id=\"caption-attachment-94817\" class=\"wp-caption-text\">Jefe del Departamento Provincial de Educaci\u00f3n San Felipe-Los Andes, Ricardo Castro Pinto.<\/figcaption><\/figure>\n","protected":false},"excerpt":{"rendered":"<p>\u2018Entra al mar, descubre y mu\u00e9vete Con-Ciencia\u2019: Es una gran aventura estudiantil la que cientos de estudiantes de todo el Valle de Aconcagua est\u00e1n experimentando en las jornadas \u2018Entra al mar, descubre&#8230;<\/p>\n","protected":false},"author":482,"featured_media":94814,"comment_status":"open","ping_status":"open","sticky":false,"template":"","format":"standard","meta":{"advanced_seo_description":"","jetpack_seo_html_title":"","jetpack_seo_noindex":false,"_jetpack_memberships_contains_paid_content":false,"footnotes":""},"categories":[15],"tags":[],"class_list":["post-94813","post","type-post","status-publish","format-standard","has-post-thumbnail","hentry","category-comunidad"],"jetpack_featured_media_url":"https:\/\/i0.wp.com\/eltrabajo.cl\/portal\/wp-content\/uploads\/2019\/10\/Acuatico2.jpg?fit=580%2C359&ssl=1","jetpack_sharing_enabled":true,"jetpack_likes_enabled":true,"jetpack-related-posts":[],"_links":{"self":[{"href":"https:\/\/eltrabajo.cl\/portal\/wp-json\/wp\/v2\/posts\/94813","targetHints":{"allow":["GET"]}}],"collection":[{"href":"https:\/\/eltrabajo.cl\/portal\/wp-json\/wp\/v2\/posts"}],"about":[{"href":"https:\/\/eltrabajo.cl\/portal\/wp-json\/wp\/v2\/types\/post"}],"author":[{"embeddable":true,"href":"https:\/\/eltrabajo.cl\/portal\/wp-json\/wp\/v2\/users\/482"}],"replies":[{"embeddable":true,"href":"https:\/\/eltrabajo.cl\/portal\/wp-json\/wp\/v2\/comments?post=94813"}],"version-history":[{"count":0,"href":"https:\/\/eltrabajo.cl\/portal\/wp-json\/wp\/v2\/posts\/94813\/revisions"}],"wp:featuredmedia":[{"embeddable":true,"href":"https:\/\/eltrabajo.cl\/portal\/wp-json\/wp\/v2\/media\/94814"}],"wp:attachment":[{"href":"https:\/\/eltrabajo.cl\/portal\/wp-json\/wp\/v2\/media?parent=94813"}],"wp:term":[{"taxonomy":"category","embeddable":true,"href":"https:\/\/eltrabajo.cl\/portal\/wp-json\/wp\/v2\/categories?post=94813"},{"taxonomy":"post_tag","embeddable":true,"href":"https:\/\/eltrabajo.cl\/portal\/wp-json\/wp\/v2\/tags?post=94813"}],"curies":[{"name":"wp","href":"https:\/\/api.w.org\/{rel}","templated":true}]}}