{"id":94820,"date":"2019-10-17T05:02:34","date_gmt":"2019-10-17T08:02:34","guid":{"rendered":"http:\/\/www.eltrabajo.cl\/portal\/?p=94820"},"modified":"2019-10-16T20:38:33","modified_gmt":"2019-10-16T23:38:33","slug":"fuego-destruye-por-completo-ampliacion-de-inmueble-en-pob-pedro-aguirre-cerda","status":"publish","type":"post","link":"https:\/\/eltrabajo.cl\/portal\/fuego-destruye-por-completo-ampliacion-de-inmueble-en-pob-pedro-aguirre-cerda\/","title":{"rendered":"Fuego destruye por completo ampliaci\u00f3n de inmueble en Pob. Pedro Aguirre Cerda"},"content":{"rendered":"<p>El incendio en una ampliaci\u00f3n de inmueble ubicado en la poblaci\u00f3n Pedro Aguirre Cerda fue la emergencia a la cual tuvo que concurrir Bomberos de San Felipe el martes en la noche, pasadas las 22:00 horas.<br \/>\nAs\u00ed lo indic\u00f3 el comandante Juan Carlos Herrera Lillo a nuestro medio: \u00abEfectivamente un incendio estructural pasado las 22:00 horas, en la poblaci\u00f3n Pedro Aguirre Cerda, donde hay una plazoleta, casa esquina. La verdad, la llegada de la primera unidad fue la Cuarta Compa\u00f1\u00eda que est\u00e1 a menos de 200 metros. La unidad lo dio por incendio declarado, era una ampliaci\u00f3n que se estaba propagando r\u00e1pidamente el fuego. Afortunadamente con el trabajo r\u00e1pido de las seis compa\u00f1\u00edas que llegaron al lugar se pudo controlar r\u00e1pidamente. Lo que m\u00e1s preocupaba era que el fuego no se subiera al segundo piso, entre medio de la techumbre, ah\u00ed la verdad son casas pareadas y ah\u00ed la verdad que el fuego se nos hubiera complicado mucho m\u00e1s. Afortunadamente se quem\u00f3 lo que estaba donde el fuego se hab\u00eda iniciado, y la propagaci\u00f3n y se pudo controlar r\u00e1pidamente\u00bb, se\u00f1al\u00f3 el comandante Juan Carlos Herrera Lillo.<br \/>\n<strong>&#8211; \u00bfDa\u00f1os solamente en la ampliaci\u00f3n?<\/strong><br \/>\n&#8211; S\u00ed, la verdad que fue una ampliaci\u00f3n que se quem\u00f3, se tuvo que destechar, el fuego estaba en el entretecho, se tuvo que tirar una gran cantidad de agua para poder controlarlo, poder evitar que el fuego se siguiera propagando. Son da\u00f1os bastante considerables que sufri\u00f3 ese sector, bastante da\u00f1o, yo creo que en su totalidad por el hecho que se tuvo que destechar, gran cantidad de planchas de la parte techumbre, porque el fuego estaba suscrito en el entretecho y cielo, para poder controlarlo r\u00e1pidamente.<br \/>\nEl comandante Juan Carlos Herrera destac\u00f3 el r\u00e1pido trabajo que evit\u00f3 que el fuego se siguiera propagando al segundo piso; \u00ablo que nos preocupaba bastante\u00bb, dijo.<br \/>\nAl incendio concurrieron seis compa\u00f1\u00edas. Las causas est\u00e1n siendo investigadas por el departamento t\u00e9cnico.<br \/>\nConsultado por la cantidad de personas damnificadas, se\u00f1al\u00f3 que por el momento era informaci\u00f3n que no manejaba.<br \/>\nEl inmueble est\u00e1 ubicado en la calle Manuel Carmona de la poblaci\u00f3n Pedro Aguirre Cerda.<\/p>\n<figure id=\"attachment_94821\" aria-describedby=\"caption-attachment-94821\" style=\"width: 580px\" class=\"wp-caption alignnone\"><img data-recalc-dims=\"1\" loading=\"lazy\" decoding=\"async\" class=\"size-full wp-image-94821\" src=\"https:\/\/i0.wp.com\/www.eltrabajo.cl\/portal\/wp-content\/uploads\/2019\/10\/Incendio-1.jpg?resize=580%2C360\" alt=\"Personal de Bomberos trabajando sobre el techo para combatir el fuego.\" width=\"580\" height=\"360\" srcset=\"https:\/\/i0.wp.com\/eltrabajo.cl\/portal\/wp-content\/uploads\/2019\/10\/Incendio-1.jpg?w=580&amp;ssl=1 580w, https:\/\/i0.wp.com\/eltrabajo.cl\/portal\/wp-content\/uploads\/2019\/10\/Incendio-1.jpg?resize=200%2C124&amp;ssl=1 200w, https:\/\/i0.wp.com\/eltrabajo.cl\/portal\/wp-content\/uploads\/2019\/10\/Incendio-1.jpg?resize=300%2C186&amp;ssl=1 300w, https:\/\/i0.wp.com\/eltrabajo.cl\/portal\/wp-content\/uploads\/2019\/10\/Incendio-1.jpg?resize=242%2C150&amp;ssl=1 242w, https:\/\/i0.wp.com\/eltrabajo.cl\/portal\/wp-content\/uploads\/2019\/10\/Incendio-1.jpg?resize=400%2C248&amp;ssl=1 400w\" sizes=\"auto, (max-width: 580px) 100vw, 580px\" \/><figcaption id=\"caption-attachment-94821\" class=\"wp-caption-text\">Personal de Bomberos trabajando sobre el techo para combatir el fuego.<\/figcaption><\/figure>\n<figure id=\"attachment_94822\" aria-describedby=\"caption-attachment-94822\" style=\"width: 580px\" class=\"wp-caption alignnone\"><img data-recalc-dims=\"1\" loading=\"lazy\" decoding=\"async\" class=\"size-full wp-image-94822\" src=\"https:\/\/i0.wp.com\/www.eltrabajo.cl\/portal\/wp-content\/uploads\/2019\/10\/Incendio-2.jpg?resize=580%2C359\" alt=\"Carabineros de San Felipe tambi\u00e9n se hicieron presentes en el lugar.\" width=\"580\" height=\"359\" srcset=\"https:\/\/i0.wp.com\/eltrabajo.cl\/portal\/wp-content\/uploads\/2019\/10\/Incendio-2.jpg?w=580&amp;ssl=1 580w, https:\/\/i0.wp.com\/eltrabajo.cl\/portal\/wp-content\/uploads\/2019\/10\/Incendio-2.jpg?resize=200%2C124&amp;ssl=1 200w, https:\/\/i0.wp.com\/eltrabajo.cl\/portal\/wp-content\/uploads\/2019\/10\/Incendio-2.jpg?resize=300%2C186&amp;ssl=1 300w, https:\/\/i0.wp.com\/eltrabajo.cl\/portal\/wp-content\/uploads\/2019\/10\/Incendio-2.jpg?resize=242%2C150&amp;ssl=1 242w, https:\/\/i0.wp.com\/eltrabajo.cl\/portal\/wp-content\/uploads\/2019\/10\/Incendio-2.jpg?resize=400%2C248&amp;ssl=1 400w\" sizes=\"auto, (max-width: 580px) 100vw, 580px\" \/><figcaption id=\"caption-attachment-94822\" class=\"wp-caption-text\">Carabineros de San Felipe tambi\u00e9n se hicieron presentes en el lugar.<\/figcaption><\/figure>\n<figure id=\"attachment_94823\" aria-describedby=\"caption-attachment-94823\" style=\"width: 580px\" class=\"wp-caption alignnone\"><img data-recalc-dims=\"1\" loading=\"lazy\" decoding=\"async\" class=\"size-full wp-image-94823\" src=\"https:\/\/i0.wp.com\/www.eltrabajo.cl\/portal\/wp-content\/uploads\/2019\/10\/incendio-3.jpg?resize=580%2C360\" alt=\"Lo que m\u00e1s preocupaba a Bomberos era evitar que el fuego alcanzara el segundo piso y la techumbre, pues se trata de casas pareadas.\" width=\"580\" height=\"360\" srcset=\"https:\/\/i0.wp.com\/eltrabajo.cl\/portal\/wp-content\/uploads\/2019\/10\/incendio-3.jpg?w=580&amp;ssl=1 580w, https:\/\/i0.wp.com\/eltrabajo.cl\/portal\/wp-content\/uploads\/2019\/10\/incendio-3.jpg?resize=200%2C124&amp;ssl=1 200w, https:\/\/i0.wp.com\/eltrabajo.cl\/portal\/wp-content\/uploads\/2019\/10\/incendio-3.jpg?resize=300%2C186&amp;ssl=1 300w, https:\/\/i0.wp.com\/eltrabajo.cl\/portal\/wp-content\/uploads\/2019\/10\/incendio-3.jpg?resize=242%2C150&amp;ssl=1 242w, https:\/\/i0.wp.com\/eltrabajo.cl\/portal\/wp-content\/uploads\/2019\/10\/incendio-3.jpg?resize=400%2C248&amp;ssl=1 400w\" sizes=\"auto, (max-width: 580px) 100vw, 580px\" \/><figcaption id=\"caption-attachment-94823\" class=\"wp-caption-text\">Lo que m\u00e1s preocupaba a Bomberos era evitar que el fuego alcanzara el segundo piso y la techumbre, pues se trata de casas pareadas.<\/figcaption><\/figure>\n","protected":false},"excerpt":{"rendered":"<p>El incendio en una ampliaci\u00f3n de inmueble ubicado en la poblaci\u00f3n Pedro Aguirre Cerda fue la emergencia a la cual tuvo que concurrir Bomberos de San Felipe el martes en la noche,&#8230;<\/p>\n","protected":false},"author":482,"featured_media":94821,"comment_status":"open","ping_status":"open","sticky":false,"template":"","format":"standard","meta":{"advanced_seo_description":"","jetpack_seo_html_title":"","jetpack_seo_noindex":false,"_jetpack_memberships_contains_paid_content":false,"footnotes":""},"categories":[21],"tags":[],"class_list":["post-94820","post","type-post","status-publish","format-standard","has-post-thumbnail","hentry","category-policial"],"jetpack_featured_media_url":"https:\/\/i0.wp.com\/eltrabajo.cl\/portal\/wp-content\/uploads\/2019\/10\/Incendio-1.jpg?fit=580%2C360&ssl=1","jetpack_sharing_enabled":true,"jetpack_likes_enabled":true,"jetpack-related-posts":[],"_links":{"self":[{"href":"https:\/\/eltrabajo.cl\/portal\/wp-json\/wp\/v2\/posts\/94820","targetHints":{"allow":["GET"]}}],"collection":[{"href":"https:\/\/eltrabajo.cl\/portal\/wp-json\/wp\/v2\/posts"}],"about":[{"href":"https:\/\/eltrabajo.cl\/portal\/wp-json\/wp\/v2\/types\/post"}],"author":[{"embeddable":true,"href":"https:\/\/eltrabajo.cl\/portal\/wp-json\/wp\/v2\/users\/482"}],"replies":[{"embeddable":true,"href":"https:\/\/eltrabajo.cl\/portal\/wp-json\/wp\/v2\/comments?post=94820"}],"version-history":[{"count":0,"href":"https:\/\/eltrabajo.cl\/portal\/wp-json\/wp\/v2\/posts\/94820\/revisions"}],"wp:featuredmedia":[{"embeddable":true,"href":"https:\/\/eltrabajo.cl\/portal\/wp-json\/wp\/v2\/media\/94821"}],"wp:attachment":[{"href":"https:\/\/eltrabajo.cl\/portal\/wp-json\/wp\/v2\/media?parent=94820"}],"wp:term":[{"taxonomy":"category","embeddable":true,"href":"https:\/\/eltrabajo.cl\/portal\/wp-json\/wp\/v2\/categories?post=94820"},{"taxonomy":"post_tag","embeddable":true,"href":"https:\/\/eltrabajo.cl\/portal\/wp-json\/wp\/v2\/tags?post=94820"}],"curies":[{"name":"wp","href":"https:\/\/api.w.org\/{rel}","templated":true}]}}