{"id":94854,"date":"2019-10-21T09:51:18","date_gmt":"2019-10-21T12:51:18","guid":{"rendered":"http:\/\/www.eltrabajo.cl\/portal\/?p=94854"},"modified":"2019-10-21T10:00:38","modified_gmt":"2019-10-21T13:00:38","slug":"actos-vandalicos-tras-pacifica-y-masiva-marcha-por-los-derechos-sociales","status":"publish","type":"post","link":"https:\/\/eltrabajo.cl\/portal\/actos-vandalicos-tras-pacifica-y-masiva-marcha-por-los-derechos-sociales\/","title":{"rendered":"Actos vand\u00e1licos tras pac\u00edfica y masiva marcha por los derechos sociales"},"content":{"rendered":"<p>Millonarios da\u00f1os en infraestructura p\u00fablica y privada:<\/p>\n<p>LOS ANDES.- Un triste despertar tuvo la ciudad de Los Andes ayer domingo, luego que con la luz del d\u00eda quedaran en evidencia los millonarios da\u00f1os a la infraestructura p\u00fablica y privada, dejada por los actos vand\u00e1licos tras la masiva y pac\u00edfica marcha por la reivindicaci\u00f3n de los derechos sociales.<br \/>\nLos incidentes y barricadas, tanto en el centro de Los Andes, como en algunos barrios perif\u00e9ricos y tambi\u00e9n en las comunas se iniciaron a eso de las 21:30 horas y se prolongaron hasta la madrugada, debiendo salir patrullas del Destacamento de Monta\u00f1a Yungay, a reforzar la labor de Carabineros.<br \/>\nLa turba de antisociales destroz\u00f3 por completo las sucursales de todos los bancos que est\u00e1n frente a la plaza de armas y tambi\u00e9n por calle Maip\u00fa. La furia de los exaltados se centr\u00f3 b\u00e1sicamente en los bancos Santander, Falabella y Credichile, que sufrieron millonarias p\u00e9rdidas.<br \/>\nTambi\u00e9n las oficinas de los servicios de Esval y Chilquinta fueron atacadas, siendo la de esta \u00faltima la que sufri\u00f3 mayores da\u00f1os en sus ventanales. La tienda ABCdin fue saqueada por los activistas, quienes sustrajeron todo lo que hallaron a mano, principalmente televisores, equipos computacionales y celular. Similar hecho se produjo en Tienda Johnson, donde incluso los manifestantes sacaron los maniqu\u00eds a la calle para encender fogatas.<br \/>\nTambi\u00e9n fue completamente saqueado Supermercado Santa Isabel de Av. Chacabuco, sufriendo da\u00f1os en sus ventanales. Lamentablemente edificios patrimoniales como la Gobernaci\u00f3n e Inspecci\u00f3n del Trabajo tampoco se salvaron de la acci\u00f3n delictiva y fueron atacados a pedradas, sufriendo da\u00f1os en ventanales.<br \/>\nIgual cosa ocurri\u00f3 con el edificio consistorial de Calle Esmeralda, el que tambi\u00e9n result\u00f3 con algunos da\u00f1os de menor consideraci\u00f3n. Seg\u00fan informaci\u00f3n preliminar, hubo varias personas detenidas en estos incidentes por diversos il\u00edcitos.<\/p>\n<p>&nbsp;<\/p>\n<p><img data-recalc-dims=\"1\" loading=\"lazy\" decoding=\"async\" class=\"size-full wp-image-94867\" src=\"https:\/\/i0.wp.com\/www.eltrabajo.cl\/portal\/wp-content\/uploads\/2019\/10\/Destrozos1-1.jpg?resize=580%2C359\" alt=\"Los incidentes s\u00f3lo se calmaron despu\u00e9s del Toque de Queda y la salida de patrullas del Destacamento Yungay a apoyar las labores de orden p\u00fablico de Carabineros.\" width=\"580\" height=\"359\" srcset=\"https:\/\/i0.wp.com\/eltrabajo.cl\/portal\/wp-content\/uploads\/2019\/10\/Destrozos1-1.jpg?w=580&amp;ssl=1 580w, https:\/\/i0.wp.com\/eltrabajo.cl\/portal\/wp-content\/uploads\/2019\/10\/Destrozos1-1.jpg?resize=200%2C124&amp;ssl=1 200w, https:\/\/i0.wp.com\/eltrabajo.cl\/portal\/wp-content\/uploads\/2019\/10\/Destrozos1-1.jpg?resize=300%2C186&amp;ssl=1 300w, https:\/\/i0.wp.com\/eltrabajo.cl\/portal\/wp-content\/uploads\/2019\/10\/Destrozos1-1.jpg?resize=242%2C150&amp;ssl=1 242w, https:\/\/i0.wp.com\/eltrabajo.cl\/portal\/wp-content\/uploads\/2019\/10\/Destrozos1-1.jpg?resize=400%2C248&amp;ssl=1 400w\" sizes=\"auto, (max-width: 580px) 100vw, 580px\" \/><\/p>\n<p>Los incidentes s\u00f3lo se calmaron despu\u00e9s del Toque de Queda y la salida de patrullas del Destacamento Yungay a apoyar las labores de orden p\u00fablico de Carabineros.&nbsp;<\/p>\n<figure id=\"attachment_94868\" aria-describedby=\"caption-attachment-94868\" style=\"width: 580px\" class=\"wp-caption alignnone\"><img data-recalc-dims=\"1\" loading=\"lazy\" decoding=\"async\" class=\"size-full wp-image-94868\" src=\"https:\/\/i0.wp.com\/www.eltrabajo.cl\/portal\/wp-content\/uploads\/2019\/10\/destrozos2-1.jpg?resize=580%2C359\" alt=\"Este banco qued\u00f3 con da\u00f1os en su inmueble, como lo muestra esta gr\u00e1fica.\" width=\"580\" height=\"359\" srcset=\"https:\/\/i0.wp.com\/eltrabajo.cl\/portal\/wp-content\/uploads\/2019\/10\/destrozos2-1.jpg?w=580&amp;ssl=1 580w, https:\/\/i0.wp.com\/eltrabajo.cl\/portal\/wp-content\/uploads\/2019\/10\/destrozos2-1.jpg?resize=200%2C124&amp;ssl=1 200w, https:\/\/i0.wp.com\/eltrabajo.cl\/portal\/wp-content\/uploads\/2019\/10\/destrozos2-1.jpg?resize=300%2C186&amp;ssl=1 300w, https:\/\/i0.wp.com\/eltrabajo.cl\/portal\/wp-content\/uploads\/2019\/10\/destrozos2-1.jpg?resize=242%2C150&amp;ssl=1 242w, https:\/\/i0.wp.com\/eltrabajo.cl\/portal\/wp-content\/uploads\/2019\/10\/destrozos2-1.jpg?resize=400%2C248&amp;ssl=1 400w\" sizes=\"auto, (max-width: 580px) 100vw, 580px\" \/><figcaption id=\"caption-attachment-94868\" class=\"wp-caption-text\">Este banco qued\u00f3 con da\u00f1os en su inmueble, como lo muestra esta gr\u00e1fica.<\/figcaption><\/figure>\n<p>&nbsp;<\/p>\n","protected":false},"excerpt":{"rendered":"<p>Millonarios da\u00f1os en infraestructura p\u00fablica y privada: LOS ANDES.- Un triste despertar tuvo la ciudad de Los Andes ayer domingo, luego que con la luz del d\u00eda quedaran en evidencia los millonarios&#8230;<\/p>\n","protected":false},"author":482,"featured_media":94867,"comment_status":"open","ping_status":"open","sticky":false,"template":"","format":"standard","meta":{"advanced_seo_description":"","jetpack_seo_html_title":"","jetpack_seo_noindex":false,"_jetpack_memberships_contains_paid_content":false,"footnotes":""},"categories":[21],"tags":[],"class_list":["post-94854","post","type-post","status-publish","format-standard","has-post-thumbnail","hentry","category-policial"],"jetpack_featured_media_url":"https:\/\/i0.wp.com\/eltrabajo.cl\/portal\/wp-content\/uploads\/2019\/10\/Destrozos1-1.jpg?fit=580%2C359&ssl=1","jetpack_sharing_enabled":true,"jetpack_likes_enabled":true,"jetpack-related-posts":[],"_links":{"self":[{"href":"https:\/\/eltrabajo.cl\/portal\/wp-json\/wp\/v2\/posts\/94854","targetHints":{"allow":["GET"]}}],"collection":[{"href":"https:\/\/eltrabajo.cl\/portal\/wp-json\/wp\/v2\/posts"}],"about":[{"href":"https:\/\/eltrabajo.cl\/portal\/wp-json\/wp\/v2\/types\/post"}],"author":[{"embeddable":true,"href":"https:\/\/eltrabajo.cl\/portal\/wp-json\/wp\/v2\/users\/482"}],"replies":[{"embeddable":true,"href":"https:\/\/eltrabajo.cl\/portal\/wp-json\/wp\/v2\/comments?post=94854"}],"version-history":[{"count":0,"href":"https:\/\/eltrabajo.cl\/portal\/wp-json\/wp\/v2\/posts\/94854\/revisions"}],"wp:featuredmedia":[{"embeddable":true,"href":"https:\/\/eltrabajo.cl\/portal\/wp-json\/wp\/v2\/media\/94867"}],"wp:attachment":[{"href":"https:\/\/eltrabajo.cl\/portal\/wp-json\/wp\/v2\/media?parent=94854"}],"wp:term":[{"taxonomy":"category","embeddable":true,"href":"https:\/\/eltrabajo.cl\/portal\/wp-json\/wp\/v2\/categories?post=94854"},{"taxonomy":"post_tag","embeddable":true,"href":"https:\/\/eltrabajo.cl\/portal\/wp-json\/wp\/v2\/tags?post=94854"}],"curies":[{"name":"wp","href":"https:\/\/api.w.org\/{rel}","templated":true}]}}