{"id":94873,"date":"2019-10-21T10:09:31","date_gmt":"2019-10-21T13:09:31","guid":{"rendered":"http:\/\/www.eltrabajo.cl\/portal\/?p=94873"},"modified":"2019-10-21T10:09:31","modified_gmt":"2019-10-21T13:09:31","slug":"descontento-social-se-hizo-sentir-en-aconcagua","status":"publish","type":"post","link":"https:\/\/eltrabajo.cl\/portal\/descontento-social-se-hizo-sentir-en-aconcagua\/","title":{"rendered":"Descontento social se hizo sentir en Aconcagua"},"content":{"rendered":"<p>Saqueos y destrucci\u00f3n tambi\u00e9n se viven en San Felipe<\/p>\n<p>Carabineros debi\u00f3 hacer uso de gases lacrim\u00f3genos para disuadir a los manifestantes durante la noche de este s\u00e1bado en ambas provincias, registr\u00e1ndose diversos da\u00f1os en farmacias, supermercados y entidades bancarias. Hasta ayer en la tarde hab\u00edan 67 detenidos.<br \/>\nSerios incidentes se registraron desde la tarde noche de este s\u00e1bado tras el descontento social que impera en el pa\u00eds con el inicio de protestas pac\u00edficas de la ciudadan\u00eda por las calles de las provincias de San Felipe y Los Andes, que dieron paso a los saqueos y da\u00f1os a la propiedad privada.<br \/>\nEn el caso de la provincia de San Felipe, el gobernador Claudio Rodr\u00edguez Cataldo, tras sostener ayer domingo una reuni\u00f3n con el alto mando de Carabineros, la Polic\u00eda de Investigaciones y los jefes de servicios para definir los planes de acci\u00f3n a seguir en las \u00faltimas horas, indic\u00f3 que tras las manifestaciones en San Felipe, un total 67 personas fueron detenidas por des\u00f3rdenes p\u00fablicos y da\u00f1os, quedando a disposici\u00f3n de la Fiscal\u00eda.<br \/>\nA modo de resumen, un grupo de desconocidos en medio de la marcha por las calles de San Felipe, comenzaron saquear la Farmacia Ahumada de Calle Prat sustrayendo diversos productos, provocando a su vez diversos da\u00f1os a la propiedad, como surgi\u00f3 adem\u00e1s en Tienda Los Tres Hermanos de Calle Santo Domingo y Farmacia Cruz Verde de Calle Merced.<br \/>\nAsimismo, el cajero de Banco Estado, Banco Scotiabank, Banco Chile, AFP Provida, Tricot y edificio Municipal de San Felipe resultaron con diversos da\u00f1os de consideraci\u00f3n producto de actos vand\u00e1licos, afectando adem\u00e1s a la empresa MTS en sector de Curim\u00f3n.<br \/>\nEn otros puntos de la comuna como en Supermercado Santa Isabel de Avenida Yungay y Supermercado Unimarc en Enc\u00f3n, fueron saqueados por desconocidos.<br \/>\nEn sectores como 21 de Mayo, Hacienda Quilpu\u00e9, Tres Esquinas y Panquehue los manifestantes encendieron barricadas en la ruta. En la comuna de Llay Llay, Peaje Las Vegas fue completamente quemado por desconocidos, registr\u00e1ndose otro foco de incendio en la empresa Anglo American en el sector Chagres de Catemu y en las casetas del Peaje de la nueva Ruta CH 60.<br \/>\n\u00abOtros da\u00f1os son los ocasionados en la Prefectura de Carabineros Aconcagua la que se intent\u00f3 atacar en dos oportunidades, no resultando lesionado alg\u00fan Carabinero. En la comuna de Llay se inici\u00f3 una marcha por el centro de la ciudad donde se producen da\u00f1os y quema del Peaje Las Vegas, resultaron varias casetas quemadas. En Catemu se inici\u00f3 una marcha sin incidentes, sin embargo posteriormente a ellas se registran varias barricadas frente a la Municipalidad y se producen en horas de la noche da\u00f1os considerables en la empresa Anglo American, efectuando da\u00f1os a la Tenencia de Carabineros de Catemu, sin Carabineros lesionados\u00bb, afirm\u00f3 Rodr\u00edguez.<br \/>\nEl gobernador refiri\u00f3 adem\u00e1s que en la comuna de Putaendo se realizaron manifestaciones por el centro de la comuna y cortes de tr\u00e1nsito por barricadas en la ruta que une San Felipe y Putaendo. \u00abHay un total de detenidos de 67 personas que est\u00e1n pasando a control de detenci\u00f3n por diversa \u00edndole. Un hecho que llam\u00f3 la atenci\u00f3n es con el saqueo de Supermercado Unimarc en sector hacia Putaendo, estos hechos hay que se\u00f1alarlos y nos producen una enorme tristeza. El llamado es a la tranquilidad de las personas, el Gobierno va a ser uso de todos los instrumentos que la Ley le permiten\u00bb.<br \/>\nDe igual forma en la provincia de Los Andes se registraron violentos disturbios en el frontis de la Tercera Comisar\u00eda de Los Andes, saqueos en locales comerciales y da\u00f1os a la propiedad privada, donde Carabineros debi\u00f3 hacer uso de gases lacrim\u00f3genos para disuadir a los manifestantes durante la jornada de este s\u00e1bado.<br \/>\nLas autoridades locales informaron que las clases se encuentran suspendidas para el d\u00eda de hoy lunes en todos los colegios municipales.<br \/>\nPablo Salinas Sald\u00edas<\/p>\n<figure id=\"attachment_94870\" aria-describedby=\"caption-attachment-94870\" style=\"width: 580px\" class=\"wp-caption alignnone\"><img data-recalc-dims=\"1\" loading=\"lazy\" decoding=\"async\" class=\"size-full wp-image-94870\" src=\"https:\/\/i0.wp.com\/www.eltrabajo.cl\/portal\/wp-content\/uploads\/2019\/10\/PEAJE-LLAMAS-1.jpg?resize=580%2C358\" alt=\"Peaje Las Vegas de Llay Llay fue completamente incendiado por manifestantes.\" width=\"580\" height=\"358\" srcset=\"https:\/\/i0.wp.com\/eltrabajo.cl\/portal\/wp-content\/uploads\/2019\/10\/PEAJE-LLAMAS-1.jpg?w=580&amp;ssl=1 580w, https:\/\/i0.wp.com\/eltrabajo.cl\/portal\/wp-content\/uploads\/2019\/10\/PEAJE-LLAMAS-1.jpg?resize=200%2C123&amp;ssl=1 200w, https:\/\/i0.wp.com\/eltrabajo.cl\/portal\/wp-content\/uploads\/2019\/10\/PEAJE-LLAMAS-1.jpg?resize=300%2C185&amp;ssl=1 300w, https:\/\/i0.wp.com\/eltrabajo.cl\/portal\/wp-content\/uploads\/2019\/10\/PEAJE-LLAMAS-1.jpg?resize=243%2C150&amp;ssl=1 243w, https:\/\/i0.wp.com\/eltrabajo.cl\/portal\/wp-content\/uploads\/2019\/10\/PEAJE-LLAMAS-1.jpg?resize=400%2C247&amp;ssl=1 400w\" sizes=\"auto, (max-width: 580px) 100vw, 580px\" \/><figcaption id=\"caption-attachment-94870\" class=\"wp-caption-text\">Peaje Las Vegas de Llay Llay fue completamente incendiado por manifestantes.<\/figcaption><\/figure>\n<p>&nbsp;<\/p>\n<figure id=\"attachment_94874\" aria-describedby=\"caption-attachment-94874\" style=\"width: 580px\" class=\"wp-caption alignnone\"><img data-recalc-dims=\"1\" loading=\"lazy\" decoding=\"async\" class=\"size-full wp-image-94874\" src=\"https:\/\/i0.wp.com\/www.eltrabajo.cl\/portal\/wp-content\/uploads\/2019\/10\/banco-bbva.jpg?resize=580%2C359\" alt=\"Banco Scotiabank con da\u00f1os de consideraci\u00f3n.\" width=\"580\" height=\"359\" srcset=\"https:\/\/i0.wp.com\/eltrabajo.cl\/portal\/wp-content\/uploads\/2019\/10\/banco-bbva.jpg?w=580&amp;ssl=1 580w, https:\/\/i0.wp.com\/eltrabajo.cl\/portal\/wp-content\/uploads\/2019\/10\/banco-bbva.jpg?resize=200%2C124&amp;ssl=1 200w, https:\/\/i0.wp.com\/eltrabajo.cl\/portal\/wp-content\/uploads\/2019\/10\/banco-bbva.jpg?resize=300%2C186&amp;ssl=1 300w, https:\/\/i0.wp.com\/eltrabajo.cl\/portal\/wp-content\/uploads\/2019\/10\/banco-bbva.jpg?resize=242%2C150&amp;ssl=1 242w, https:\/\/i0.wp.com\/eltrabajo.cl\/portal\/wp-content\/uploads\/2019\/10\/banco-bbva.jpg?resize=400%2C248&amp;ssl=1 400w\" sizes=\"auto, (max-width: 580px) 100vw, 580px\" \/><figcaption id=\"caption-attachment-94874\" class=\"wp-caption-text\">Banco Scotiabank con da\u00f1os de consideraci\u00f3n.<\/figcaption><\/figure>\n<p>&nbsp;<\/p>\n<figure id=\"attachment_94865\" aria-describedby=\"caption-attachment-94865\" style=\"width: 580px\" class=\"wp-caption alignnone\"><img data-recalc-dims=\"1\" loading=\"lazy\" decoding=\"async\" class=\"size-full wp-image-94865\" src=\"https:\/\/i0.wp.com\/www.eltrabajo.cl\/portal\/wp-content\/uploads\/2019\/10\/TRES-HERMANOS-1.jpg?resize=580%2C360\" alt=\"Tienda Los Tres Hermanos fue saqueada por desconocidos durante las manifestaciones.\" width=\"580\" height=\"360\" srcset=\"https:\/\/i0.wp.com\/eltrabajo.cl\/portal\/wp-content\/uploads\/2019\/10\/TRES-HERMANOS-1.jpg?w=580&amp;ssl=1 580w, https:\/\/i0.wp.com\/eltrabajo.cl\/portal\/wp-content\/uploads\/2019\/10\/TRES-HERMANOS-1.jpg?resize=200%2C124&amp;ssl=1 200w, https:\/\/i0.wp.com\/eltrabajo.cl\/portal\/wp-content\/uploads\/2019\/10\/TRES-HERMANOS-1.jpg?resize=300%2C186&amp;ssl=1 300w, https:\/\/i0.wp.com\/eltrabajo.cl\/portal\/wp-content\/uploads\/2019\/10\/TRES-HERMANOS-1.jpg?resize=242%2C150&amp;ssl=1 242w, https:\/\/i0.wp.com\/eltrabajo.cl\/portal\/wp-content\/uploads\/2019\/10\/TRES-HERMANOS-1.jpg?resize=400%2C248&amp;ssl=1 400w\" sizes=\"auto, (max-width: 580px) 100vw, 580px\" \/><figcaption id=\"caption-attachment-94865\" class=\"wp-caption-text\">Tienda Los Tres Hermanos fue saqueada por desconocidos durante las manifestaciones.<\/figcaption><\/figure>\n<p>&nbsp;<\/p>\n<figure id=\"attachment_94869\" aria-describedby=\"caption-attachment-94869\" style=\"width: 580px\" class=\"wp-caption alignnone\"><img data-recalc-dims=\"1\" loading=\"lazy\" decoding=\"async\" class=\"size-full wp-image-94869\" src=\"https:\/\/i0.wp.com\/www.eltrabajo.cl\/portal\/wp-content\/uploads\/2019\/10\/farmacia-ahumada-1.jpg?resize=580%2C358\" alt=\"Los da\u00f1os ocasionados a la Farmacia Ahumada de San Felipe.\" width=\"580\" height=\"358\" srcset=\"https:\/\/i0.wp.com\/eltrabajo.cl\/portal\/wp-content\/uploads\/2019\/10\/farmacia-ahumada-1.jpg?w=580&amp;ssl=1 580w, https:\/\/i0.wp.com\/eltrabajo.cl\/portal\/wp-content\/uploads\/2019\/10\/farmacia-ahumada-1.jpg?resize=200%2C123&amp;ssl=1 200w, https:\/\/i0.wp.com\/eltrabajo.cl\/portal\/wp-content\/uploads\/2019\/10\/farmacia-ahumada-1.jpg?resize=300%2C185&amp;ssl=1 300w, https:\/\/i0.wp.com\/eltrabajo.cl\/portal\/wp-content\/uploads\/2019\/10\/farmacia-ahumada-1.jpg?resize=243%2C150&amp;ssl=1 243w, https:\/\/i0.wp.com\/eltrabajo.cl\/portal\/wp-content\/uploads\/2019\/10\/farmacia-ahumada-1.jpg?resize=400%2C247&amp;ssl=1 400w\" sizes=\"auto, (max-width: 580px) 100vw, 580px\" \/><figcaption id=\"caption-attachment-94869\" class=\"wp-caption-text\">Los da\u00f1os ocasionados a la Farmacia Ahumada de San Felipe.<\/figcaption><\/figure>\n<p>&nbsp;<\/p>\n<figure id=\"attachment_94871\" aria-describedby=\"caption-attachment-94871\" style=\"width: 580px\" class=\"wp-caption alignnone\"><img data-recalc-dims=\"1\" loading=\"lazy\" decoding=\"async\" class=\"size-full wp-image-94871\" src=\"https:\/\/i0.wp.com\/www.eltrabajo.cl\/portal\/wp-content\/uploads\/2019\/10\/shell-1-1.jpg?resize=580%2C360\" alt=\"Durante la jornada de ayer domingo un alto n\u00famero de automovilistas comenzaron a cargar combustible en distintas bencineras de San Felipe, ante temor de desabastecimiento.\" width=\"580\" height=\"360\" srcset=\"https:\/\/i0.wp.com\/eltrabajo.cl\/portal\/wp-content\/uploads\/2019\/10\/shell-1-1.jpg?w=580&amp;ssl=1 580w, https:\/\/i0.wp.com\/eltrabajo.cl\/portal\/wp-content\/uploads\/2019\/10\/shell-1-1.jpg?resize=200%2C124&amp;ssl=1 200w, https:\/\/i0.wp.com\/eltrabajo.cl\/portal\/wp-content\/uploads\/2019\/10\/shell-1-1.jpg?resize=300%2C186&amp;ssl=1 300w, https:\/\/i0.wp.com\/eltrabajo.cl\/portal\/wp-content\/uploads\/2019\/10\/shell-1-1.jpg?resize=242%2C150&amp;ssl=1 242w, https:\/\/i0.wp.com\/eltrabajo.cl\/portal\/wp-content\/uploads\/2019\/10\/shell-1-1.jpg?resize=400%2C248&amp;ssl=1 400w\" sizes=\"auto, (max-width: 580px) 100vw, 580px\" \/><figcaption id=\"caption-attachment-94871\" class=\"wp-caption-text\">Durante la jornada de ayer domingo un alto n\u00famero de automovilistas comenzaron a cargar combustible en distintas bencineras de San Felipe, ante temor de desabastecimiento.<\/figcaption><\/figure>\n<p>&nbsp;<\/p>\n","protected":false},"excerpt":{"rendered":"<p>Saqueos y destrucci\u00f3n tambi\u00e9n se viven en San Felipe Carabineros debi\u00f3 hacer uso de gases lacrim\u00f3genos para disuadir a los manifestantes durante la noche de este s\u00e1bado en ambas provincias, registr\u00e1ndose diversos&#8230;<\/p>\n","protected":false},"author":482,"featured_media":94870,"comment_status":"open","ping_status":"open","sticky":false,"template":"","format":"standard","meta":{"advanced_seo_description":"","jetpack_seo_html_title":"","jetpack_seo_noindex":false,"_jetpack_memberships_contains_paid_content":false,"footnotes":""},"categories":[21],"tags":[],"class_list":["post-94873","post","type-post","status-publish","format-standard","has-post-thumbnail","hentry","category-policial"],"jetpack_featured_media_url":"https:\/\/i0.wp.com\/eltrabajo.cl\/portal\/wp-content\/uploads\/2019\/10\/PEAJE-LLAMAS-1.jpg?fit=580%2C358&ssl=1","jetpack_sharing_enabled":true,"jetpack_likes_enabled":true,"jetpack-related-posts":[],"_links":{"self":[{"href":"https:\/\/eltrabajo.cl\/portal\/wp-json\/wp\/v2\/posts\/94873","targetHints":{"allow":["GET"]}}],"collection":[{"href":"https:\/\/eltrabajo.cl\/portal\/wp-json\/wp\/v2\/posts"}],"about":[{"href":"https:\/\/eltrabajo.cl\/portal\/wp-json\/wp\/v2\/types\/post"}],"author":[{"embeddable":true,"href":"https:\/\/eltrabajo.cl\/portal\/wp-json\/wp\/v2\/users\/482"}],"replies":[{"embeddable":true,"href":"https:\/\/eltrabajo.cl\/portal\/wp-json\/wp\/v2\/comments?post=94873"}],"version-history":[{"count":0,"href":"https:\/\/eltrabajo.cl\/portal\/wp-json\/wp\/v2\/posts\/94873\/revisions"}],"wp:featuredmedia":[{"embeddable":true,"href":"https:\/\/eltrabajo.cl\/portal\/wp-json\/wp\/v2\/media\/94870"}],"wp:attachment":[{"href":"https:\/\/eltrabajo.cl\/portal\/wp-json\/wp\/v2\/media?parent=94873"}],"wp:term":[{"taxonomy":"category","embeddable":true,"href":"https:\/\/eltrabajo.cl\/portal\/wp-json\/wp\/v2\/categories?post=94873"},{"taxonomy":"post_tag","embeddable":true,"href":"https:\/\/eltrabajo.cl\/portal\/wp-json\/wp\/v2\/tags?post=94873"}],"curies":[{"name":"wp","href":"https:\/\/api.w.org\/{rel}","templated":true}]}}