{"id":94882,"date":"2019-10-21T16:26:28","date_gmt":"2019-10-21T19:26:28","guid":{"rendered":"http:\/\/www.eltrabajo.cl\/portal\/?p=94882"},"modified":"2019-10-21T17:00:25","modified_gmt":"2019-10-21T20:00:25","slug":"incendian-municipio-de-catemu-y-amenazan-a-su-alcalde-boris-luksic","status":"publish","type":"post","link":"https:\/\/eltrabajo.cl\/portal\/incendian-municipio-de-catemu-y-amenazan-a-su-alcalde-boris-luksic\/","title":{"rendered":"Incendian municipio de Catemu y amenazan a su alcalde Boris Luksic"},"content":{"rendered":"<p>La municipalidad de Catemu result\u00f3 da\u00f1ada producto del fuego. Esto ocurri\u00f3 la noche del domingo. As\u00ed lo confirm\u00f3 el alcalde de esa comuna Boris Luksic. \u00abLo que pasa que esto es muy divertido, incendiaron una parte importante de la municipalidad, la verdad que aqu\u00ed la gente m\u00e1s vulnerable es la que se siente perjudicada en definitiva, porque nosotros no vamos a poder atender en varios d\u00edas, hay que recuperar documentos, no hay computadores, no hay escritorios, estamos empezando a limpiar con todos los funcionarios desde jefes de departamentos hasta los auxiliares y bueno claro la verdad est\u00e1 desbordado\u00bb, se\u00f1al\u00f3 el alcalde.<br \/>\nReconoce que ha visto varias protestas pero nunca vio este nivel de violencia, \u00abpero tampoco este nivel de aprovechamiento, cuanto vez autos de \u00faltimo modelo saqueando los supermercados, llevando plasmas y televisores es notable es realmente, y ha sobrepasado a todo el mundo no hay fuerza que los detenga, lo \u00fanico que espero que la irritaci\u00f3n social en definitiva los haga retroceder a estos violentistas porque c\u00f3mo se dice siempre somos los pacifistas que queremos que el pa\u00eds avanza\u00bb, dijo Luksic.<br \/>\nNo le cabe duda que con estos hechos se instala el miedo, \u00abno me cabe duda ayer vecinos de Las Compuertas, Cerrillos, El \u00d1ilhue, San Jos\u00e9, estaban cuidando las escuelas, familias que hoy tienen que trabajar, anoche no durmieron viendo que alguien no viniera, lo mismo en El Cobre mucha gente me llam\u00f3 para decirme que estaban dispuestos a ir a defenderme si alguien me iba a webear a la casa, le verdad c\u00f3mo retomas la cosa de la normalidad en un pa\u00eds que no lo est\u00e1 y que adem\u00e1s entiendo que hoy en d\u00eda llamado para partir con barricadas cosas por el estilo, pero los que convocan a este tipo de manifestaci\u00f3n y a esta irritaci\u00f3n social lo hacen pensando en un tema pacifico, pero hace ya en Chile las manifestaciones pacificas comienzan pacificas y no terminan pacificas y lo estamos viendo, y los m\u00e1s perjudicados nuevamente los pobres y los vulnerables\u00bb, se\u00f1al\u00f3 el alcalde.<br \/>\nEl fuego tambi\u00e9n afect\u00f3 al colegio particular subvencionado California, porque se encuentra al lado de la Municipalidad de Catemu, \u00abgracias a Dios no se quem\u00f3 en completo tiene una parte incendiada, pareciera que las salas de clases eso no, pero est\u00e1 justo detr\u00e1s de la municipalidad, entonces claro se propag\u00f3 el fuego hacia all\u00e1, hacia unos vecinos nuestros que gracias a Dios no pas\u00f3 a mayores\u00bb indic\u00f3.<br \/>\nDijo que este incendio fue un problema para Bomberos, \u00abporque cuando vinieron a trabajar les disparaban entonces, si claro aqu\u00ed hubo balacera casi toda la noche entonces ante eso es muy complicado\u00bb, manifest\u00f3 Luksic.<br \/>\nDescart\u00f3 que Bomberos haya pedido cortar la luz a Chilquinta, \u00ablo que pasa es que la barricada del puente en Chagres prendieron fuego a unas moras y esas moras quemaron un transformador o lo que alimenta el transformador y ah\u00ed Catemu estuvo sin luz en la zona urbana hasta altas horas\u00bb, aclar\u00f3 el edil<br \/>\nAnte amenazas, el alcalde Boris Luksic estuvo durante la noche de este domingo con protecci\u00f3n policial. Se\u00f1alar que Dideco y Finanzas no se vieron afectadas, porque est\u00e1n en otras instalaciones de la comuna.<\/p>\n<figure id=\"attachment_94883\" aria-describedby=\"caption-attachment-94883\" style=\"width: 580px\" class=\"wp-caption alignnone\"><img data-recalc-dims=\"1\" loading=\"lazy\" decoding=\"async\" class=\"size-full wp-image-94883\" src=\"https:\/\/i0.wp.com\/www.eltrabajo.cl\/portal\/wp-content\/uploads\/2019\/10\/muni3.jpg?resize=580%2C358\" alt=\"Da\u00f1os en otra parte de la municipalidad de Catemu.\" width=\"580\" height=\"358\" srcset=\"https:\/\/i0.wp.com\/eltrabajo.cl\/portal\/wp-content\/uploads\/2019\/10\/muni3.jpg?w=580&amp;ssl=1 580w, https:\/\/i0.wp.com\/eltrabajo.cl\/portal\/wp-content\/uploads\/2019\/10\/muni3.jpg?resize=200%2C123&amp;ssl=1 200w, https:\/\/i0.wp.com\/eltrabajo.cl\/portal\/wp-content\/uploads\/2019\/10\/muni3.jpg?resize=300%2C185&amp;ssl=1 300w, https:\/\/i0.wp.com\/eltrabajo.cl\/portal\/wp-content\/uploads\/2019\/10\/muni3.jpg?resize=243%2C150&amp;ssl=1 243w, https:\/\/i0.wp.com\/eltrabajo.cl\/portal\/wp-content\/uploads\/2019\/10\/muni3.jpg?resize=400%2C247&amp;ssl=1 400w\" sizes=\"auto, (max-width: 580px) 100vw, 580px\" \/><figcaption id=\"caption-attachment-94883\" class=\"wp-caption-text\">Da\u00f1os en otra parte de la municipalidad de Catemu.<\/figcaption><\/figure>\n<p>&nbsp;<\/p>\n<figure id=\"attachment_94885\" aria-describedby=\"caption-attachment-94885\" style=\"width: 580px\" class=\"wp-caption alignnone\"><img data-recalc-dims=\"1\" loading=\"lazy\" decoding=\"async\" class=\"size-full wp-image-94885\" src=\"https:\/\/i0.wp.com\/www.eltrabajo.cl\/portal\/wp-content\/uploads\/2019\/10\/Muni-2.jpg?resize=580%2C360\" alt=\"Da\u00f1os al interior en los archivos.\" width=\"580\" height=\"360\" srcset=\"https:\/\/i0.wp.com\/eltrabajo.cl\/portal\/wp-content\/uploads\/2019\/10\/Muni-2.jpg?w=580&amp;ssl=1 580w, https:\/\/i0.wp.com\/eltrabajo.cl\/portal\/wp-content\/uploads\/2019\/10\/Muni-2.jpg?resize=200%2C124&amp;ssl=1 200w, https:\/\/i0.wp.com\/eltrabajo.cl\/portal\/wp-content\/uploads\/2019\/10\/Muni-2.jpg?resize=300%2C186&amp;ssl=1 300w, https:\/\/i0.wp.com\/eltrabajo.cl\/portal\/wp-content\/uploads\/2019\/10\/Muni-2.jpg?resize=242%2C150&amp;ssl=1 242w, https:\/\/i0.wp.com\/eltrabajo.cl\/portal\/wp-content\/uploads\/2019\/10\/Muni-2.jpg?resize=400%2C248&amp;ssl=1 400w\" sizes=\"auto, (max-width: 580px) 100vw, 580px\" \/><figcaption id=\"caption-attachment-94885\" class=\"wp-caption-text\">Da\u00f1os al interior en los archivos.<\/figcaption><\/figure>\n<figure id=\"attachment_94886\" aria-describedby=\"caption-attachment-94886\" style=\"width: 580px\" class=\"wp-caption alignnone\"><img data-recalc-dims=\"1\" loading=\"lazy\" decoding=\"async\" class=\"size-full wp-image-94886\" src=\"https:\/\/i0.wp.com\/www.eltrabajo.cl\/portal\/wp-content\/uploads\/2019\/10\/Muni.jpg?resize=580%2C360\" alt=\"El frontis de la municipalidad de Catemu.\" width=\"580\" height=\"360\" srcset=\"https:\/\/i0.wp.com\/eltrabajo.cl\/portal\/wp-content\/uploads\/2019\/10\/Muni.jpg?w=580&amp;ssl=1 580w, https:\/\/i0.wp.com\/eltrabajo.cl\/portal\/wp-content\/uploads\/2019\/10\/Muni.jpg?resize=200%2C124&amp;ssl=1 200w, https:\/\/i0.wp.com\/eltrabajo.cl\/portal\/wp-content\/uploads\/2019\/10\/Muni.jpg?resize=300%2C186&amp;ssl=1 300w, https:\/\/i0.wp.com\/eltrabajo.cl\/portal\/wp-content\/uploads\/2019\/10\/Muni.jpg?resize=242%2C150&amp;ssl=1 242w, https:\/\/i0.wp.com\/eltrabajo.cl\/portal\/wp-content\/uploads\/2019\/10\/Muni.jpg?resize=400%2C248&amp;ssl=1 400w\" sizes=\"auto, (max-width: 580px) 100vw, 580px\" \/><figcaption id=\"caption-attachment-94886\" class=\"wp-caption-text\">El frontis de la municipalidad de Catemu.<\/figcaption><\/figure>\n","protected":false},"excerpt":{"rendered":"<p>La municipalidad de Catemu result\u00f3 da\u00f1ada producto del fuego. Esto ocurri\u00f3 la noche del domingo. As\u00ed lo confirm\u00f3 el alcalde de esa comuna Boris Luksic. \u00abLo que pasa que esto es muy&#8230;<\/p>\n","protected":false},"author":482,"featured_media":94883,"comment_status":"open","ping_status":"open","sticky":false,"template":"","format":"standard","meta":{"advanced_seo_description":"","jetpack_seo_html_title":"","jetpack_seo_noindex":false,"_jetpack_memberships_contains_paid_content":false,"footnotes":""},"categories":[21],"tags":[],"class_list":["post-94882","post","type-post","status-publish","format-standard","has-post-thumbnail","hentry","category-policial"],"jetpack_featured_media_url":"https:\/\/i0.wp.com\/eltrabajo.cl\/portal\/wp-content\/uploads\/2019\/10\/muni3.jpg?fit=580%2C358&ssl=1","jetpack_sharing_enabled":true,"jetpack_likes_enabled":true,"jetpack-related-posts":[],"_links":{"self":[{"href":"https:\/\/eltrabajo.cl\/portal\/wp-json\/wp\/v2\/posts\/94882","targetHints":{"allow":["GET"]}}],"collection":[{"href":"https:\/\/eltrabajo.cl\/portal\/wp-json\/wp\/v2\/posts"}],"about":[{"href":"https:\/\/eltrabajo.cl\/portal\/wp-json\/wp\/v2\/types\/post"}],"author":[{"embeddable":true,"href":"https:\/\/eltrabajo.cl\/portal\/wp-json\/wp\/v2\/users\/482"}],"replies":[{"embeddable":true,"href":"https:\/\/eltrabajo.cl\/portal\/wp-json\/wp\/v2\/comments?post=94882"}],"version-history":[{"count":0,"href":"https:\/\/eltrabajo.cl\/portal\/wp-json\/wp\/v2\/posts\/94882\/revisions"}],"wp:featuredmedia":[{"embeddable":true,"href":"https:\/\/eltrabajo.cl\/portal\/wp-json\/wp\/v2\/media\/94883"}],"wp:attachment":[{"href":"https:\/\/eltrabajo.cl\/portal\/wp-json\/wp\/v2\/media?parent=94882"}],"wp:term":[{"taxonomy":"category","embeddable":true,"href":"https:\/\/eltrabajo.cl\/portal\/wp-json\/wp\/v2\/categories?post=94882"},{"taxonomy":"post_tag","embeddable":true,"href":"https:\/\/eltrabajo.cl\/portal\/wp-json\/wp\/v2\/tags?post=94882"}],"curies":[{"name":"wp","href":"https:\/\/api.w.org\/{rel}","templated":true}]}}