{"id":94888,"date":"2019-10-21T16:28:56","date_gmt":"2019-10-21T19:28:56","guid":{"rendered":"http:\/\/www.eltrabajo.cl\/portal\/?p=94888"},"modified":"2019-10-21T16:59:51","modified_gmt":"2019-10-21T19:59:51","slug":"incendio-consumio-totalmente-historica-casona-de-avenida-sargento-aldea","status":"publish","type":"post","link":"https:\/\/eltrabajo.cl\/portal\/incendio-consumio-totalmente-historica-casona-de-avenida-sargento-aldea\/","title":{"rendered":"Incendio consumi\u00f3 totalmente hist\u00f3rica casona de Avenida Sargento Aldea"},"content":{"rendered":"<p>Bomberos calific\u00f3 hecho intencional:<br \/>\nCerca de las 04:00 horas de ayer lunes Bomberos por tercera vez concurri\u00f3 a combatir el fuego en el mismo inmueble que habr\u00eda sido provocado por terceras personas.<br \/>\nTotalmente destruida por un gigantesco incendio result\u00f3 la hist\u00f3rica casona ubicada en Calle Sargento Aldea de San Felipe, donde Bomberos acudi\u00f3 en tres ocasiones durante la jornada de este domingo y madrugada del lunes evitando la propagaci\u00f3n hacia las dependencias del Cesfam Segismundo Iturra.<br \/>\nEl comandante de Bomberos de San Felipe, Juan Carlos Herrera Lillo, inform\u00f3 a Diario El Trabajo que el origen del fuego habr\u00eda sido intencional por terceros, sin registrarse personas lesionadas ni voluntarios heridos tras las dos horas de arduo trabajo en la reducci\u00f3n de las llamas.<br \/>\n\u00abFue intencional por terceras personas, la verdad que se concurri\u00f3 tres veces y ya como a las 04:00 horas fue desastroso, porque ya estaba totalmente descontrolado. Hab\u00edan indigentes que viv\u00edan ah\u00ed, la preocupaci\u00f3n era que el fuego se propagara hacia la parte del Cesfam, donde hay unas bombonas de gas en la parte trasera, donde est\u00e1 la poblaci\u00f3n que estaba asustada por la gran cantidad de fuego que hab\u00eda, as\u00ed que fueron momentos complicados.<br \/>\nEl comandante de Bomberos agreg\u00f3 que el extenso trabajo del combate de las llamas se extendi\u00f3 hasta cerca de las 6:00 de la madrugada de este lunes sin registrarse otras viviendas afectadas a ra\u00edz del violento incendio.<br \/>\n\u00abLa verdad que nosotros no ingresamos a la casa ya que como estaba colapsando, se trabaj\u00f3 desde afuera para combatir ese incendio y mientras no la echen abajo y con las manifestaciones que est\u00e1n pasando, podr\u00edamos tener nuevamente en llamas. No hubieron personas lesionadas, ni bomberos lesionados, la comunidad dio toda las facilidades para el trabajo de los Bomberos. Se estuvo trabajando hasta las 06:00 horas y concurrieron cinco compa\u00f1\u00edas\u00bb, concluy\u00f3 Herrera.<br \/>\nPablo Salinas Sald\u00edas<\/p>\n<figure id=\"attachment_94884\" aria-describedby=\"caption-attachment-94884\" style=\"width: 580px\" class=\"wp-caption alignnone\"><img data-recalc-dims=\"1\" loading=\"lazy\" decoding=\"async\" class=\"size-full wp-image-94884\" src=\"https:\/\/i0.wp.com\/www.eltrabajo.cl\/portal\/wp-content\/uploads\/2019\/10\/INCENDIO-CASONA-1.jpg?resize=580%2C359\" alt=\"Las llamas consumieron totalmente la hist\u00f3rica casona ubicada en avenida Sargento Aldea en San Felipe.\" width=\"580\" height=\"359\" srcset=\"https:\/\/i0.wp.com\/eltrabajo.cl\/portal\/wp-content\/uploads\/2019\/10\/INCENDIO-CASONA-1.jpg?w=580&amp;ssl=1 580w, https:\/\/i0.wp.com\/eltrabajo.cl\/portal\/wp-content\/uploads\/2019\/10\/INCENDIO-CASONA-1.jpg?resize=200%2C124&amp;ssl=1 200w, https:\/\/i0.wp.com\/eltrabajo.cl\/portal\/wp-content\/uploads\/2019\/10\/INCENDIO-CASONA-1.jpg?resize=300%2C186&amp;ssl=1 300w, https:\/\/i0.wp.com\/eltrabajo.cl\/portal\/wp-content\/uploads\/2019\/10\/INCENDIO-CASONA-1.jpg?resize=242%2C150&amp;ssl=1 242w, https:\/\/i0.wp.com\/eltrabajo.cl\/portal\/wp-content\/uploads\/2019\/10\/INCENDIO-CASONA-1.jpg?resize=400%2C248&amp;ssl=1 400w\" sizes=\"auto, (max-width: 580px) 100vw, 580px\" \/><figcaption id=\"caption-attachment-94884\" class=\"wp-caption-text\">Las llamas consumieron totalmente la hist\u00f3rica casona ubicada en avenida Sargento Aldea en San Felipe.<\/figcaption><\/figure>\n<p>&nbsp;<\/p>\n","protected":false},"excerpt":{"rendered":"<p>Bomberos calific\u00f3 hecho intencional: Cerca de las 04:00 horas de ayer lunes Bomberos por tercera vez concurri\u00f3 a combatir el fuego en el mismo inmueble que habr\u00eda sido provocado por terceras personas&#8230;.<\/p>\n","protected":false},"author":482,"featured_media":94884,"comment_status":"open","ping_status":"open","sticky":false,"template":"","format":"standard","meta":{"advanced_seo_description":"","jetpack_seo_html_title":"","jetpack_seo_noindex":false,"_jetpack_memberships_contains_paid_content":false,"footnotes":""},"categories":[21],"tags":[],"class_list":["post-94888","post","type-post","status-publish","format-standard","has-post-thumbnail","hentry","category-policial"],"jetpack_featured_media_url":"https:\/\/i0.wp.com\/eltrabajo.cl\/portal\/wp-content\/uploads\/2019\/10\/INCENDIO-CASONA-1.jpg?fit=580%2C359&ssl=1","jetpack_sharing_enabled":true,"jetpack_likes_enabled":true,"jetpack-related-posts":[],"_links":{"self":[{"href":"https:\/\/eltrabajo.cl\/portal\/wp-json\/wp\/v2\/posts\/94888","targetHints":{"allow":["GET"]}}],"collection":[{"href":"https:\/\/eltrabajo.cl\/portal\/wp-json\/wp\/v2\/posts"}],"about":[{"href":"https:\/\/eltrabajo.cl\/portal\/wp-json\/wp\/v2\/types\/post"}],"author":[{"embeddable":true,"href":"https:\/\/eltrabajo.cl\/portal\/wp-json\/wp\/v2\/users\/482"}],"replies":[{"embeddable":true,"href":"https:\/\/eltrabajo.cl\/portal\/wp-json\/wp\/v2\/comments?post=94888"}],"version-history":[{"count":0,"href":"https:\/\/eltrabajo.cl\/portal\/wp-json\/wp\/v2\/posts\/94888\/revisions"}],"wp:featuredmedia":[{"embeddable":true,"href":"https:\/\/eltrabajo.cl\/portal\/wp-json\/wp\/v2\/media\/94884"}],"wp:attachment":[{"href":"https:\/\/eltrabajo.cl\/portal\/wp-json\/wp\/v2\/media?parent=94888"}],"wp:term":[{"taxonomy":"category","embeddable":true,"href":"https:\/\/eltrabajo.cl\/portal\/wp-json\/wp\/v2\/categories?post=94888"},{"taxonomy":"post_tag","embeddable":true,"href":"https:\/\/eltrabajo.cl\/portal\/wp-json\/wp\/v2\/tags?post=94888"}],"curies":[{"name":"wp","href":"https:\/\/api.w.org\/{rel}","templated":true}]}}