{"id":94891,"date":"2019-10-21T16:52:10","date_gmt":"2019-10-21T19:52:10","guid":{"rendered":"http:\/\/www.eltrabajo.cl\/portal\/?p=94891"},"modified":"2019-10-21T17:09:02","modified_gmt":"2019-10-21T20:09:02","slug":"continuan-intensas-manifestaciones-por-descontento-social-en-san-felipe","status":"publish","type":"post","link":"https:\/\/eltrabajo.cl\/portal\/continuan-intensas-manifestaciones-por-descontento-social-en-san-felipe\/","title":{"rendered":"Contin\u00faan intensas manifestaciones por descontento social en San Felipe"},"content":{"rendered":"<p>Carabineros detuvo a 29 personas este domingo:<\/p>\n<p>Toque de queda se inici\u00f3 a partir de las 18:00 horas hasta las 06:00 horas de hoy martes.<\/p>\n<p>Por tercer d\u00eda consecutivo continuaron las manifestaciones por las calles San Felipe. A eso del mediod\u00eda de ayer lunes cientos de j\u00f3venes y adultos se aglomeraron en Avenida Yungay para expresar pac\u00edficamente y circular por las arterias expresando el descontento social que impera en el pa\u00eds.<br \/>\nAlternadamente se han registrado diversos da\u00f1os y saqueos a supermercados y tiendas comerciales resultando un total de 29 detenidos por Carabineros por da\u00f1os y des\u00f3rdenes durante la jornada del domingo.<br \/>\nEl gobernador de San Felipe, Claudio Rodr\u00edguez Cataldo, inform\u00f3 de la ocurrencia deda\u00f1os y saqueos a diferentes tiendas y supermercados de la comuna, \u00abhubo roturas de vidrio en la Gobernaci\u00f3n de San Felipe, da\u00f1os y robo en la tienda ABcdin, da\u00f1os y robo al Supermercado Acuenta de Avenida Maip\u00fa, Supermercado Tottus, Caja 18 en Calle Portus, Supermercado Santa Isabel de Calle Merced, la Tienda Full Deportes de Calle Coimas, Tienda Claro de Calle Prat, hubo saqueos en el Supermercado Unimarc de Enc\u00f3n e incendio en la casona de Calle Sargento Aldea, eso gener\u00f3 preocupaci\u00f3n en los funcionarios del Cesfam Segismundo Iturra, b\u00e1sicamente temor\u00bb.<br \/>\nHasta el cierre de esta nota, las manifestaciones continuaban en el centro de la comuna de San Felipe, inform\u00e1ndose oficialmente que el toque de queda se adelant\u00f3 a partir desde las 18:00 horas hasta las 06:00 de hoy martes 22 de octubre.<br \/>\nPablo Salinas Sald\u00edas<\/p>\n<figure id=\"attachment_94896\" aria-describedby=\"caption-attachment-94896\" style=\"width: 580px\" class=\"wp-caption alignnone\"><img data-recalc-dims=\"1\" loading=\"lazy\" decoding=\"async\" class=\"size-full wp-image-94896\" src=\"https:\/\/i0.wp.com\/www.eltrabajo.cl\/portal\/wp-content\/uploads\/2019\/10\/PROTESTAS1.jpg?resize=580%2C359\" alt=\"La comunidad marchando por el centro de la comuna de San Felipe.\" width=\"580\" height=\"359\" srcset=\"https:\/\/i0.wp.com\/eltrabajo.cl\/portal\/wp-content\/uploads\/2019\/10\/PROTESTAS1.jpg?w=580&amp;ssl=1 580w, https:\/\/i0.wp.com\/eltrabajo.cl\/portal\/wp-content\/uploads\/2019\/10\/PROTESTAS1.jpg?resize=200%2C124&amp;ssl=1 200w, https:\/\/i0.wp.com\/eltrabajo.cl\/portal\/wp-content\/uploads\/2019\/10\/PROTESTAS1.jpg?resize=300%2C186&amp;ssl=1 300w, https:\/\/i0.wp.com\/eltrabajo.cl\/portal\/wp-content\/uploads\/2019\/10\/PROTESTAS1.jpg?resize=242%2C150&amp;ssl=1 242w, https:\/\/i0.wp.com\/eltrabajo.cl\/portal\/wp-content\/uploads\/2019\/10\/PROTESTAS1.jpg?resize=400%2C248&amp;ssl=1 400w\" sizes=\"auto, (max-width: 580px) 100vw, 580px\" \/><figcaption id=\"caption-attachment-94896\" class=\"wp-caption-text\">La comunidad marchando por el centro de la comuna de San Felipe.<\/figcaption><\/figure>\n<p>&nbsp;<\/p>\n<figure id=\"attachment_94897\" aria-describedby=\"caption-attachment-94897\" style=\"width: 580px\" class=\"wp-caption alignnone\"><img data-recalc-dims=\"1\" loading=\"lazy\" decoding=\"async\" class=\"size-full wp-image-94897\" src=\"https:\/\/i0.wp.com\/www.eltrabajo.cl\/portal\/wp-content\/uploads\/2019\/10\/PROTESTAS2.jpg?resize=580%2C358\" alt=\"Los manifestantes se aglomeraron en frente a la cancha de tenis al mediod\u00eda de este lunes.\" width=\"580\" height=\"358\" srcset=\"https:\/\/i0.wp.com\/eltrabajo.cl\/portal\/wp-content\/uploads\/2019\/10\/PROTESTAS2.jpg?w=580&amp;ssl=1 580w, https:\/\/i0.wp.com\/eltrabajo.cl\/portal\/wp-content\/uploads\/2019\/10\/PROTESTAS2.jpg?resize=200%2C123&amp;ssl=1 200w, https:\/\/i0.wp.com\/eltrabajo.cl\/portal\/wp-content\/uploads\/2019\/10\/PROTESTAS2.jpg?resize=300%2C185&amp;ssl=1 300w, https:\/\/i0.wp.com\/eltrabajo.cl\/portal\/wp-content\/uploads\/2019\/10\/PROTESTAS2.jpg?resize=243%2C150&amp;ssl=1 243w, https:\/\/i0.wp.com\/eltrabajo.cl\/portal\/wp-content\/uploads\/2019\/10\/PROTESTAS2.jpg?resize=400%2C247&amp;ssl=1 400w\" sizes=\"auto, (max-width: 580px) 100vw, 580px\" \/><figcaption id=\"caption-attachment-94897\" class=\"wp-caption-text\">Los manifestantes se aglomeraron en frente a la cancha de tenis al mediod\u00eda de este lunes.<\/figcaption><\/figure>\n<p>&nbsp;<\/p>\n<figure id=\"attachment_94895\" aria-describedby=\"caption-attachment-94895\" style=\"width: 580px\" class=\"wp-caption alignnone\"><img data-recalc-dims=\"1\" loading=\"lazy\" decoding=\"async\" class=\"size-full wp-image-94895\" src=\"https:\/\/i0.wp.com\/www.eltrabajo.cl\/portal\/wp-content\/uploads\/2019\/10\/PROTESTAS3.jpg?resize=580%2C360\" alt=\"Los vecinos salieron de sus casas para manifestarse por la Plaza de Armas de San Felipe.\" width=\"580\" height=\"360\" srcset=\"https:\/\/i0.wp.com\/eltrabajo.cl\/portal\/wp-content\/uploads\/2019\/10\/PROTESTAS3.jpg?w=580&amp;ssl=1 580w, https:\/\/i0.wp.com\/eltrabajo.cl\/portal\/wp-content\/uploads\/2019\/10\/PROTESTAS3.jpg?resize=200%2C124&amp;ssl=1 200w, https:\/\/i0.wp.com\/eltrabajo.cl\/portal\/wp-content\/uploads\/2019\/10\/PROTESTAS3.jpg?resize=300%2C186&amp;ssl=1 300w, https:\/\/i0.wp.com\/eltrabajo.cl\/portal\/wp-content\/uploads\/2019\/10\/PROTESTAS3.jpg?resize=242%2C150&amp;ssl=1 242w, https:\/\/i0.wp.com\/eltrabajo.cl\/portal\/wp-content\/uploads\/2019\/10\/PROTESTAS3.jpg?resize=400%2C248&amp;ssl=1 400w\" sizes=\"auto, (max-width: 580px) 100vw, 580px\" \/><figcaption id=\"caption-attachment-94895\" class=\"wp-caption-text\">Los vecinos salieron de sus casas para manifestarse por la Plaza de Armas de San Felipe.<\/figcaption><\/figure>\n<p>&nbsp;<\/p>\n","protected":false},"excerpt":{"rendered":"<p>Carabineros detuvo a 29 personas este domingo: Toque de queda se inici\u00f3 a partir de las 18:00 horas hasta las 06:00 horas de hoy martes. Por tercer d\u00eda consecutivo continuaron las manifestaciones&#8230;<\/p>\n","protected":false},"author":482,"featured_media":94896,"comment_status":"open","ping_status":"open","sticky":false,"template":"","format":"standard","meta":{"advanced_seo_description":"","jetpack_seo_html_title":"","jetpack_seo_noindex":false,"_jetpack_memberships_contains_paid_content":false,"footnotes":""},"categories":[21],"tags":[],"class_list":["post-94891","post","type-post","status-publish","format-standard","has-post-thumbnail","hentry","category-policial"],"jetpack_featured_media_url":"https:\/\/i0.wp.com\/eltrabajo.cl\/portal\/wp-content\/uploads\/2019\/10\/PROTESTAS1.jpg?fit=580%2C359&ssl=1","jetpack_sharing_enabled":true,"jetpack_likes_enabled":true,"jetpack-related-posts":[],"_links":{"self":[{"href":"https:\/\/eltrabajo.cl\/portal\/wp-json\/wp\/v2\/posts\/94891","targetHints":{"allow":["GET"]}}],"collection":[{"href":"https:\/\/eltrabajo.cl\/portal\/wp-json\/wp\/v2\/posts"}],"about":[{"href":"https:\/\/eltrabajo.cl\/portal\/wp-json\/wp\/v2\/types\/post"}],"author":[{"embeddable":true,"href":"https:\/\/eltrabajo.cl\/portal\/wp-json\/wp\/v2\/users\/482"}],"replies":[{"embeddable":true,"href":"https:\/\/eltrabajo.cl\/portal\/wp-json\/wp\/v2\/comments?post=94891"}],"version-history":[{"count":0,"href":"https:\/\/eltrabajo.cl\/portal\/wp-json\/wp\/v2\/posts\/94891\/revisions"}],"wp:featuredmedia":[{"embeddable":true,"href":"https:\/\/eltrabajo.cl\/portal\/wp-json\/wp\/v2\/media\/94896"}],"wp:attachment":[{"href":"https:\/\/eltrabajo.cl\/portal\/wp-json\/wp\/v2\/media?parent=94891"}],"wp:term":[{"taxonomy":"category","embeddable":true,"href":"https:\/\/eltrabajo.cl\/portal\/wp-json\/wp\/v2\/categories?post=94891"},{"taxonomy":"post_tag","embeddable":true,"href":"https:\/\/eltrabajo.cl\/portal\/wp-json\/wp\/v2\/tags?post=94891"}],"curies":[{"name":"wp","href":"https:\/\/api.w.org\/{rel}","templated":true}]}}