{"id":94923,"date":"2019-10-22T16:43:51","date_gmt":"2019-10-22T19:43:51","guid":{"rendered":"http:\/\/www.eltrabajo.cl\/portal\/?p=94923"},"modified":"2019-10-22T16:43:51","modified_gmt":"2019-10-22T19:43:51","slug":"el-lado-b-de-las-manifestaciones-vandalos-efectuan-danos-y-saqueos-en-san-felipe","status":"publish","type":"post","link":"https:\/\/eltrabajo.cl\/portal\/el-lado-b-de-las-manifestaciones-vandalos-efectuan-danos-y-saqueos-en-san-felipe\/","title":{"rendered":"El lado B de las manifestaciones: V\u00e1ndalos efect\u00faan da\u00f1os y saqueos en San Felipe"},"content":{"rendered":"<p><strong>Durante la jornada del lunes:<\/strong><\/p>\n<p>Carabineros report\u00f3 un total de 46 detenidos por hurto, des\u00f3rdenes, robo en lugar no habitado, orden vigente y por infringir el toque de queda.<br \/>\nPese a las pac\u00edficas marchas y cacerolazos en distintos puntos de la provincia de San Felipe, alternadamente grupos de v\u00e1ndalos efectuaron diversos saqueos y da\u00f1os a la propiedad que empa\u00f1an las verdaderas demandas sociales y el descontento que atraviesa el pa\u00eds.<br \/>\nEn horas de la tarde del pasado lunes, desconocidos irrumpieron en Tienda Bonis de Calle Salinas en San Felipe, sustrayendo diversos productos y al mismo ocasionando da\u00f1os a la propiedad, misma situaci\u00f3n ocurrida en Carnicer\u00eda JO de Calle Traslavi\u00f1a esquina Santo Domingo en San Felipe. Asimismo, el edificio de la Municipalidad de San Felipe sufri\u00f3 algunas roturas de vidrios luego de ser apedreado por un grupo de encapuchados.<br \/>\nEn Autopista Los Andes a la altura de San Rafael, un bus sin pasajeros de la empresa JM result\u00f3 completamente quemado debiendo ser sofocado por personal de Bomberos. Para este martes al igual que la jornada del lunes, la ciudad de San Felipe sigue custodiada por Carabineros al igual que efectivos militares que recorren la comuna.<br \/>\nEl comisario de Carabineros, mayor Mauricio Guzm\u00e1n Yuri, inform\u00f3 que durante el lunes un total de 46 personas fueron detenidas por delitos de hurto, des\u00f3rdenes, orden vigente, robo en lugar no habitado e infringir el toque de queda. Durante la ma\u00f1ana del martes, 17 de los imputados fueron sometidos a control de detenci\u00f3n en el Juzgado de Garant\u00eda de San Felipe para ser formalizados por la Fiscal\u00eda.<br \/>\nEl jefe de la Fuerza Nacional de la Regi\u00f3n de Valpara\u00edso, confirm\u00f3 hace pocos minutos que el Toque de Queda para el d\u00eda de hoy martes rige desde las 18:00 horas hasta las 05:30 horas de este mi\u00e9rcoles en toda la regi\u00f3n, que incluye las provincias de San Felipe y Los Andes.<br \/>\n<strong>Pablo Salinas Sald\u00edas<\/strong><\/p>\n<figure id=\"attachment_94924\" aria-describedby=\"caption-attachment-94924\" style=\"width: 580px\" class=\"wp-caption alignnone\"><img data-recalc-dims=\"1\" loading=\"lazy\" decoding=\"async\" class=\"size-full wp-image-94924\" src=\"https:\/\/i0.wp.com\/www.eltrabajo.cl\/portal\/wp-content\/uploads\/2019\/10\/BONIS1-1.jpg?resize=580%2C360\" alt=\"Tienda Bonis ubicada en Calle Salinas de San Felipe, fue saqueada por desconocidos la tarde del lunes.\" width=\"580\" height=\"360\" srcset=\"https:\/\/i0.wp.com\/eltrabajo.cl\/portal\/wp-content\/uploads\/2019\/10\/BONIS1-1.jpg?w=580&amp;ssl=1 580w, https:\/\/i0.wp.com\/eltrabajo.cl\/portal\/wp-content\/uploads\/2019\/10\/BONIS1-1.jpg?resize=200%2C124&amp;ssl=1 200w, https:\/\/i0.wp.com\/eltrabajo.cl\/portal\/wp-content\/uploads\/2019\/10\/BONIS1-1.jpg?resize=300%2C186&amp;ssl=1 300w, https:\/\/i0.wp.com\/eltrabajo.cl\/portal\/wp-content\/uploads\/2019\/10\/BONIS1-1.jpg?resize=242%2C150&amp;ssl=1 242w, https:\/\/i0.wp.com\/eltrabajo.cl\/portal\/wp-content\/uploads\/2019\/10\/BONIS1-1.jpg?resize=400%2C248&amp;ssl=1 400w\" sizes=\"auto, (max-width: 580px) 100vw, 580px\" \/><figcaption id=\"caption-attachment-94924\" class=\"wp-caption-text\">Tienda Bonis ubicada en Calle Salinas de San Felipe, fue saqueada por desconocidos la tarde del lunes.<\/figcaption><\/figure>\n<figure id=\"attachment_94910\" aria-describedby=\"caption-attachment-94910\" style=\"width: 580px\" class=\"wp-caption alignnone\"><img data-recalc-dims=\"1\" loading=\"lazy\" decoding=\"async\" class=\"size-full wp-image-94910\" src=\"https:\/\/i0.wp.com\/www.eltrabajo.cl\/portal\/wp-content\/uploads\/2019\/10\/BUSQUEMADO1.jpg?resize=580%2C359\" alt=\"Un bus de la empresa JM result\u00f3 completamente quemado.\" width=\"580\" height=\"359\" srcset=\"https:\/\/i0.wp.com\/eltrabajo.cl\/portal\/wp-content\/uploads\/2019\/10\/BUSQUEMADO1.jpg?w=580&amp;ssl=1 580w, https:\/\/i0.wp.com\/eltrabajo.cl\/portal\/wp-content\/uploads\/2019\/10\/BUSQUEMADO1.jpg?resize=200%2C124&amp;ssl=1 200w, https:\/\/i0.wp.com\/eltrabajo.cl\/portal\/wp-content\/uploads\/2019\/10\/BUSQUEMADO1.jpg?resize=300%2C186&amp;ssl=1 300w, https:\/\/i0.wp.com\/eltrabajo.cl\/portal\/wp-content\/uploads\/2019\/10\/BUSQUEMADO1.jpg?resize=242%2C150&amp;ssl=1 242w, https:\/\/i0.wp.com\/eltrabajo.cl\/portal\/wp-content\/uploads\/2019\/10\/BUSQUEMADO1.jpg?resize=400%2C248&amp;ssl=1 400w\" sizes=\"auto, (max-width: 580px) 100vw, 580px\" \/><figcaption id=\"caption-attachment-94910\" class=\"wp-caption-text\">Un bus de la empresa JM result\u00f3 completamente quemado.<\/figcaption><\/figure>\n<p>&nbsp;<\/p>\n<figure id=\"attachment_94914\" aria-describedby=\"caption-attachment-94914\" style=\"width: 580px\" class=\"wp-caption alignnone\"><img data-recalc-dims=\"1\" loading=\"lazy\" decoding=\"async\" class=\"size-full wp-image-94914\" src=\"https:\/\/i0.wp.com\/www.eltrabajo.cl\/portal\/wp-content\/uploads\/2019\/10\/MUNICIPIO1.jpg?resize=580%2C360\" alt=\"V\u00e1ndalos apedrearon los vidrios de la Municipalidad de San Felipe.\" width=\"580\" height=\"360\" srcset=\"https:\/\/i0.wp.com\/eltrabajo.cl\/portal\/wp-content\/uploads\/2019\/10\/MUNICIPIO1.jpg?w=580&amp;ssl=1 580w, https:\/\/i0.wp.com\/eltrabajo.cl\/portal\/wp-content\/uploads\/2019\/10\/MUNICIPIO1.jpg?resize=200%2C124&amp;ssl=1 200w, https:\/\/i0.wp.com\/eltrabajo.cl\/portal\/wp-content\/uploads\/2019\/10\/MUNICIPIO1.jpg?resize=300%2C186&amp;ssl=1 300w, https:\/\/i0.wp.com\/eltrabajo.cl\/portal\/wp-content\/uploads\/2019\/10\/MUNICIPIO1.jpg?resize=242%2C150&amp;ssl=1 242w, https:\/\/i0.wp.com\/eltrabajo.cl\/portal\/wp-content\/uploads\/2019\/10\/MUNICIPIO1.jpg?resize=400%2C248&amp;ssl=1 400w\" sizes=\"auto, (max-width: 580px) 100vw, 580px\" \/><figcaption id=\"caption-attachment-94914\" class=\"wp-caption-text\">V\u00e1ndalos apedrearon los vidrios de la Municipalidad de San Felipe.<\/figcaption><\/figure>\n<p>&nbsp;<\/p>\n<figure id=\"attachment_94913\" aria-describedby=\"caption-attachment-94913\" style=\"width: 580px\" class=\"wp-caption alignnone\"><img data-recalc-dims=\"1\" loading=\"lazy\" decoding=\"async\" class=\"size-full wp-image-94913\" src=\"https:\/\/i0.wp.com\/www.eltrabajo.cl\/portal\/wp-content\/uploads\/2019\/10\/MILITARES1.jpg?resize=580%2C359\" alt=\"Efectivos militares circulando por las calles de San Felipe.\" width=\"580\" height=\"359\" srcset=\"https:\/\/i0.wp.com\/eltrabajo.cl\/portal\/wp-content\/uploads\/2019\/10\/MILITARES1.jpg?w=580&amp;ssl=1 580w, https:\/\/i0.wp.com\/eltrabajo.cl\/portal\/wp-content\/uploads\/2019\/10\/MILITARES1.jpg?resize=200%2C124&amp;ssl=1 200w, https:\/\/i0.wp.com\/eltrabajo.cl\/portal\/wp-content\/uploads\/2019\/10\/MILITARES1.jpg?resize=300%2C186&amp;ssl=1 300w, https:\/\/i0.wp.com\/eltrabajo.cl\/portal\/wp-content\/uploads\/2019\/10\/MILITARES1.jpg?resize=242%2C150&amp;ssl=1 242w, https:\/\/i0.wp.com\/eltrabajo.cl\/portal\/wp-content\/uploads\/2019\/10\/MILITARES1.jpg?resize=400%2C248&amp;ssl=1 400w\" sizes=\"auto, (max-width: 580px) 100vw, 580px\" \/><figcaption id=\"caption-attachment-94913\" class=\"wp-caption-text\">Efectivos militares circulando por las calles de San Felipe.<\/figcaption><\/figure>\n","protected":false},"excerpt":{"rendered":"<p>Durante la jornada del lunes: Carabineros report\u00f3 un total de 46 detenidos por hurto, des\u00f3rdenes, robo en lugar no habitado, orden vigente y por infringir el toque de queda. Pese a las&#8230;<\/p>\n","protected":false},"author":482,"featured_media":94910,"comment_status":"open","ping_status":"open","sticky":false,"template":"","format":"standard","meta":{"advanced_seo_description":"","jetpack_seo_html_title":"","jetpack_seo_noindex":false,"_jetpack_memberships_contains_paid_content":false,"footnotes":""},"categories":[21],"tags":[],"class_list":["post-94923","post","type-post","status-publish","format-standard","has-post-thumbnail","hentry","category-policial"],"jetpack_featured_media_url":"https:\/\/i0.wp.com\/eltrabajo.cl\/portal\/wp-content\/uploads\/2019\/10\/BUSQUEMADO1.jpg?fit=580%2C359&ssl=1","jetpack_sharing_enabled":true,"jetpack_likes_enabled":true,"jetpack-related-posts":[],"_links":{"self":[{"href":"https:\/\/eltrabajo.cl\/portal\/wp-json\/wp\/v2\/posts\/94923","targetHints":{"allow":["GET"]}}],"collection":[{"href":"https:\/\/eltrabajo.cl\/portal\/wp-json\/wp\/v2\/posts"}],"about":[{"href":"https:\/\/eltrabajo.cl\/portal\/wp-json\/wp\/v2\/types\/post"}],"author":[{"embeddable":true,"href":"https:\/\/eltrabajo.cl\/portal\/wp-json\/wp\/v2\/users\/482"}],"replies":[{"embeddable":true,"href":"https:\/\/eltrabajo.cl\/portal\/wp-json\/wp\/v2\/comments?post=94923"}],"version-history":[{"count":0,"href":"https:\/\/eltrabajo.cl\/portal\/wp-json\/wp\/v2\/posts\/94923\/revisions"}],"wp:featuredmedia":[{"embeddable":true,"href":"https:\/\/eltrabajo.cl\/portal\/wp-json\/wp\/v2\/media\/94910"}],"wp:attachment":[{"href":"https:\/\/eltrabajo.cl\/portal\/wp-json\/wp\/v2\/media?parent=94923"}],"wp:term":[{"taxonomy":"category","embeddable":true,"href":"https:\/\/eltrabajo.cl\/portal\/wp-json\/wp\/v2\/categories?post=94923"},{"taxonomy":"post_tag","embeddable":true,"href":"https:\/\/eltrabajo.cl\/portal\/wp-json\/wp\/v2\/tags?post=94923"}],"curies":[{"name":"wp","href":"https:\/\/api.w.org\/{rel}","templated":true}]}}