{"id":94958,"date":"2019-10-23T19:48:24","date_gmt":"2019-10-23T22:48:24","guid":{"rendered":"http:\/\/www.eltrabajo.cl\/portal\/?p=94958"},"modified":"2019-10-23T19:48:24","modified_gmt":"2019-10-23T22:48:24","slug":"tres-personas-heridas-en-violenta-colision-en-avenida-maipu-con-santo-domingo","status":"publish","type":"post","link":"https:\/\/eltrabajo.cl\/portal\/tres-personas-heridas-en-violenta-colision-en-avenida-maipu-con-santo-domingo\/","title":{"rendered":"Tres personas heridas en violenta colisi\u00f3n en Avenida Maip\u00fa con Santo Domingo"},"content":{"rendered":"<p>Una violenta colisi\u00f3n entre dos autom\u00f3viles se registr\u00f3 en horas de esta tarde en Santo Domingo esquina Avenida Maip\u00fa, resultando tres personas lesionadas de diversa consideraci\u00f3n.<\/p>\n<p>El hecho se registr\u00f3 a eso de las 17,15 horas, cuando un autom\u00f3vil de color azul se desplazaba supuestamente por calle Santo Domingo, seg\u00fan reconoci\u00f3 escuetamente el conductor de dicho veh\u00edculo, en tanto el otro veh\u00edculo lo hac\u00eda por Avenida Maip\u00fa.<\/p>\n<p>Las causas del accidente est\u00e1n siendo investigadas ya que en dicha intersecci\u00f3n existe sem\u00e1foro, desconoci\u00e9ndose cu\u00e1l de los conductores no habr\u00eda respetado la se\u00f1al luminosa.<\/p>\n<p>A ra\u00edz del impacto ambos veh\u00edculos resultaron con serios da\u00f1os.<\/p>\n<p>Al lugar del accidente concurrieron voluntarios de Bomberos, personal de SAMU y efectivos de Carabineros.<\/p>\n<figure id=\"attachment_94962\" aria-describedby=\"caption-attachment-94962\" style=\"width: 580px\" class=\"wp-caption alignnone\"><img data-recalc-dims=\"1\" loading=\"lazy\" decoding=\"async\" class=\"size-full wp-image-94962\" src=\"https:\/\/i0.wp.com\/www.eltrabajo.cl\/portal\/wp-content\/uploads\/2019\/10\/colision-maipu-santo-domingo-1.jpg?resize=580%2C360\" alt=\"El autom\u00f3vil azul se desplazaba por Santo Domingo, seg\u00fan reconoci\u00f3 escuetamente su conductor.\" width=\"580\" height=\"360\" srcset=\"https:\/\/i0.wp.com\/eltrabajo.cl\/portal\/wp-content\/uploads\/2019\/10\/colision-maipu-santo-domingo-1.jpg?w=580&amp;ssl=1 580w, https:\/\/i0.wp.com\/eltrabajo.cl\/portal\/wp-content\/uploads\/2019\/10\/colision-maipu-santo-domingo-1.jpg?resize=200%2C124&amp;ssl=1 200w, https:\/\/i0.wp.com\/eltrabajo.cl\/portal\/wp-content\/uploads\/2019\/10\/colision-maipu-santo-domingo-1.jpg?resize=300%2C186&amp;ssl=1 300w, https:\/\/i0.wp.com\/eltrabajo.cl\/portal\/wp-content\/uploads\/2019\/10\/colision-maipu-santo-domingo-1.jpg?resize=242%2C150&amp;ssl=1 242w, https:\/\/i0.wp.com\/eltrabajo.cl\/portal\/wp-content\/uploads\/2019\/10\/colision-maipu-santo-domingo-1.jpg?resize=400%2C248&amp;ssl=1 400w\" sizes=\"auto, (max-width: 580px) 100vw, 580px\" \/><figcaption id=\"caption-attachment-94962\" class=\"wp-caption-text\">El autom\u00f3vil azul se desplazaba por Santo Domingo, seg\u00fan reconoci\u00f3 escuetamente su conductor.<\/figcaption><\/figure>\n<figure id=\"attachment_94963\" aria-describedby=\"caption-attachment-94963\" style=\"width: 580px\" class=\"wp-caption alignnone\"><img data-recalc-dims=\"1\" loading=\"lazy\" decoding=\"async\" class=\"size-full wp-image-94963\" src=\"https:\/\/i0.wp.com\/www.eltrabajo.cl\/portal\/wp-content\/uploads\/2019\/10\/colision-maipu-santo-domingo-2.jpg?resize=580%2C360\" alt=\"Personal del SAMU asiste a los heridos en el lugar del suceso, en medio de un numeroso grupo de curiosos que observaban la impactante escena.\" width=\"580\" height=\"360\" srcset=\"https:\/\/i0.wp.com\/eltrabajo.cl\/portal\/wp-content\/uploads\/2019\/10\/colision-maipu-santo-domingo-2.jpg?w=580&amp;ssl=1 580w, https:\/\/i0.wp.com\/eltrabajo.cl\/portal\/wp-content\/uploads\/2019\/10\/colision-maipu-santo-domingo-2.jpg?resize=200%2C124&amp;ssl=1 200w, https:\/\/i0.wp.com\/eltrabajo.cl\/portal\/wp-content\/uploads\/2019\/10\/colision-maipu-santo-domingo-2.jpg?resize=300%2C186&amp;ssl=1 300w, https:\/\/i0.wp.com\/eltrabajo.cl\/portal\/wp-content\/uploads\/2019\/10\/colision-maipu-santo-domingo-2.jpg?resize=242%2C150&amp;ssl=1 242w, https:\/\/i0.wp.com\/eltrabajo.cl\/portal\/wp-content\/uploads\/2019\/10\/colision-maipu-santo-domingo-2.jpg?resize=400%2C248&amp;ssl=1 400w\" sizes=\"auto, (max-width: 580px) 100vw, 580px\" \/><figcaption id=\"caption-attachment-94963\" class=\"wp-caption-text\">Personal del SAMU asiste a los heridos en el lugar del suceso, en medio de un numeroso grupo de curiosos que observaban la impactante escena.<\/figcaption><\/figure>\n<figure id=\"attachment_94964\" aria-describedby=\"caption-attachment-94964\" style=\"width: 579px\" class=\"wp-caption alignnone\"><img data-recalc-dims=\"1\" loading=\"lazy\" decoding=\"async\" class=\"size-full wp-image-94964\" src=\"https:\/\/i0.wp.com\/www.eltrabajo.cl\/portal\/wp-content\/uploads\/2019\/10\/colision-maipu-santo-domingo-3-copia.jpg?resize=579%2C435\" alt=\"El veh\u00edculo blanco termin\u00f3 estrell\u00e1ndose con un grueso riel de acero instalado a modo de tensor en el lugar, sufriendo serios da\u00f1os al igual que el otro autom\u00f3vil.\" width=\"579\" height=\"435\" srcset=\"https:\/\/i0.wp.com\/eltrabajo.cl\/portal\/wp-content\/uploads\/2019\/10\/colision-maipu-santo-domingo-3-copia.jpg?w=579&amp;ssl=1 579w, https:\/\/i0.wp.com\/eltrabajo.cl\/portal\/wp-content\/uploads\/2019\/10\/colision-maipu-santo-domingo-3-copia.jpg?resize=200%2C150&amp;ssl=1 200w, https:\/\/i0.wp.com\/eltrabajo.cl\/portal\/wp-content\/uploads\/2019\/10\/colision-maipu-santo-domingo-3-copia.jpg?resize=300%2C225&amp;ssl=1 300w, https:\/\/i0.wp.com\/eltrabajo.cl\/portal\/wp-content\/uploads\/2019\/10\/colision-maipu-santo-domingo-3-copia.jpg?resize=400%2C301&amp;ssl=1 400w\" sizes=\"auto, (max-width: 579px) 100vw, 579px\" \/><figcaption id=\"caption-attachment-94964\" class=\"wp-caption-text\">El veh\u00edculo blanco termin\u00f3 estrell\u00e1ndose con un grueso riel de acero instalado a modo de tensor en el lugar, sufriendo serios da\u00f1os al igual que el otro autom\u00f3vil.<\/figcaption><\/figure>\n","protected":false},"excerpt":{"rendered":"<p>Una violenta colisi\u00f3n entre dos autom\u00f3viles se registr\u00f3 en horas de esta tarde en Santo Domingo esquina Avenida Maip\u00fa, resultando tres personas lesionadas de diversa consideraci\u00f3n. El hecho se registr\u00f3 a eso&#8230;<\/p>\n","protected":false},"author":482,"featured_media":94963,"comment_status":"open","ping_status":"open","sticky":false,"template":"","format":"standard","meta":{"advanced_seo_description":"","jetpack_seo_html_title":"","jetpack_seo_noindex":false,"_jetpack_memberships_contains_paid_content":false,"footnotes":""},"categories":[21],"tags":[],"class_list":["post-94958","post","type-post","status-publish","format-standard","has-post-thumbnail","hentry","category-policial"],"jetpack_featured_media_url":"https:\/\/i0.wp.com\/eltrabajo.cl\/portal\/wp-content\/uploads\/2019\/10\/colision-maipu-santo-domingo-2.jpg?fit=580%2C360&ssl=1","jetpack_sharing_enabled":true,"jetpack_likes_enabled":true,"jetpack-related-posts":[],"_links":{"self":[{"href":"https:\/\/eltrabajo.cl\/portal\/wp-json\/wp\/v2\/posts\/94958","targetHints":{"allow":["GET"]}}],"collection":[{"href":"https:\/\/eltrabajo.cl\/portal\/wp-json\/wp\/v2\/posts"}],"about":[{"href":"https:\/\/eltrabajo.cl\/portal\/wp-json\/wp\/v2\/types\/post"}],"author":[{"embeddable":true,"href":"https:\/\/eltrabajo.cl\/portal\/wp-json\/wp\/v2\/users\/482"}],"replies":[{"embeddable":true,"href":"https:\/\/eltrabajo.cl\/portal\/wp-json\/wp\/v2\/comments?post=94958"}],"version-history":[{"count":0,"href":"https:\/\/eltrabajo.cl\/portal\/wp-json\/wp\/v2\/posts\/94958\/revisions"}],"wp:featuredmedia":[{"embeddable":true,"href":"https:\/\/eltrabajo.cl\/portal\/wp-json\/wp\/v2\/media\/94963"}],"wp:attachment":[{"href":"https:\/\/eltrabajo.cl\/portal\/wp-json\/wp\/v2\/media?parent=94958"}],"wp:term":[{"taxonomy":"category","embeddable":true,"href":"https:\/\/eltrabajo.cl\/portal\/wp-json\/wp\/v2\/categories?post=94958"},{"taxonomy":"post_tag","embeddable":true,"href":"https:\/\/eltrabajo.cl\/portal\/wp-json\/wp\/v2\/tags?post=94958"}],"curies":[{"name":"wp","href":"https:\/\/api.w.org\/{rel}","templated":true}]}}