{"id":94978,"date":"2019-10-25T04:01:00","date_gmt":"2019-10-25T07:01:00","guid":{"rendered":"http:\/\/www.eltrabajo.cl\/portal\/?p=94978"},"modified":"2019-10-25T04:53:44","modified_gmt":"2019-10-25T07:53:44","slug":"este-fin-de-semana-vuelve-el-futbol-a-san-felipe","status":"publish","type":"post","link":"https:\/\/eltrabajo.cl\/portal\/este-fin-de-semana-vuelve-el-futbol-a-san-felipe\/","title":{"rendered":"Este fin de semana vuelve el f\u00fatbol a San Felipe"},"content":{"rendered":"<p><span style=\"color: #ff0000;\"><strong>El domingo habr\u00e1 f\u00fatbol en la cancha Parras\u00eda<\/strong><\/span><\/p>\n<p>El inicio del toque de queda a las 22 horas har\u00e1 posible que este domingo -de no mediar otro cambio de horario- se pueda realizar la fecha 23\u00aa del campeonato central de la Liga Vecinal. En la actualidad el certamen es dominado de forma c\u00f3moda por Los Amigos al tener 4 puntos de ventaja (58-54) sobre la Villa Los \u00c1lamos.<\/p>\n<p><strong>Programaci\u00f3n fecha 23\u00aa, domingo 27 de octubre <\/strong><br \/>\nVilla Los \u00c1lamos \u2013 Uni\u00f3n Esperanza; Pedro Aguirre Cerda \u2013 Los Amigos; Barcelona \u2013 Hern\u00e1n P\u00e9rez Quijanes; Resto del Mundo \u2013 Andacollo; Tsunami \u2013 Carlos Barrera; Santos \u2013 Uni\u00f3n Esfuerzo; Aconcagua \u2013 Villa Argelia.<\/p>\n<p><strong>El torneo S\u00faper M\u00e1ster se va de descanso con dos l\u00edderes<\/strong><br \/>\nYa con la confirmaci\u00f3n oficial que el torneo fue suspendido hasta nuevo aviso, solo queda revisar los resultados que arroj\u00f3 la cuarta fecha del torneo S\u00faper M\u00e1ster de la Liga Vecinal.<br \/>\nEl torneo sigue siendo liderado por la Villa Argelia y el Santos, conjuntos que en la jornada pasada se impusieron a Uni\u00f3n Esperanza y el Barcelona, respectivamente. La gran novedad que dej\u00f3 la cita nocturna en la cancha Parras\u00eda fue el sorpresivo empate de la Ferreter\u00eda Oriente con Tsunami.<\/p>\n<p><strong>Resultados:<\/strong><br \/>\nLiga Vecinal 2 \u2013 Los del Valle 1; Santos 5 \u2013 Barcelona 0; Villa Argelia 1 \u2013 Uni\u00f3n Esperanza 0; Villa Los Amigos 2 \u2013 Hern\u00e1n P\u00e9rez Quijanes 2; Tsunami 0 \u2013 Ferreter\u00eda Oriente 0.<\/p>\n<p><strong>Tabla de Posiciones<\/strong><br \/>\nLugar Ptos.<br \/>\nVilla Argelia 12<br \/>\nSantos 12<br \/>\nFerreter\u00eda Oriente 10<br \/>\nTsunami 6<br \/>\nVilla Los Amigos 5<br \/>\nLiga Vecinal 3<br \/>\nLos del Valle 2<br \/>\nHern\u00e1n P\u00e9rez Quijanes 2<br \/>\nUni\u00f3n Esperanza 1<br \/>\nBarcelona 1<\/p>\n<p><span style=\"color: #ff0000;\"><strong>Habr\u00e1 f\u00fatbol amateur en San Felipe <\/strong><\/span><br \/>\nEl cambio de horario del Toque de Queda har\u00e1 posible que se pueda jugar de manera completamente normal la fecha n\u00famero 6 de la segunda rueda del torneo de la Asociaci\u00f3n de F\u00fatbol Amateur de San Felipe. \u00abDebemos tratar de recuperar la normalidad, as\u00ed que jugaremos si es que se mantiene esta medida\u00bb, se\u00f1al\u00f3 el timonel del ente rector del balompi\u00e9 aficionado sanfelipe\u00f1o, Ra\u00fal Reinoso.<br \/>\nProgramaci\u00f3n de la fecha:<br \/>\nUlises Vera \u2013 Uni\u00f3n Sargento Aldea; Libertad \u2013 Juventud La Troya; Manuel Rodr\u00edguez \u2013 Arturo Prat; Mario Inostroza \u2013 Uni\u00f3n Delicias; Alianza \u2013 Alberto Pentzke.<\/p>\n<figure id=\"attachment_94980\" aria-describedby=\"caption-attachment-94980\" style=\"width: 580px\" class=\"wp-caption alignnone\"><img data-recalc-dims=\"1\" loading=\"lazy\" decoding=\"async\" class=\"size-full wp-image-94980\" src=\"https:\/\/i0.wp.com\/www.eltrabajo.cl\/portal\/wp-content\/uploads\/2019\/10\/liga-vecinal.jpg?resize=580%2C360\" alt=\"La Liga Vecinal mantendr\u00e1 activo solo uno de sus torneos.\" width=\"580\" height=\"360\" srcset=\"https:\/\/i0.wp.com\/eltrabajo.cl\/portal\/wp-content\/uploads\/2019\/10\/liga-vecinal.jpg?w=580&amp;ssl=1 580w, https:\/\/i0.wp.com\/eltrabajo.cl\/portal\/wp-content\/uploads\/2019\/10\/liga-vecinal.jpg?resize=200%2C124&amp;ssl=1 200w, https:\/\/i0.wp.com\/eltrabajo.cl\/portal\/wp-content\/uploads\/2019\/10\/liga-vecinal.jpg?resize=300%2C186&amp;ssl=1 300w, https:\/\/i0.wp.com\/eltrabajo.cl\/portal\/wp-content\/uploads\/2019\/10\/liga-vecinal.jpg?resize=242%2C150&amp;ssl=1 242w, https:\/\/i0.wp.com\/eltrabajo.cl\/portal\/wp-content\/uploads\/2019\/10\/liga-vecinal.jpg?resize=400%2C248&amp;ssl=1 400w\" sizes=\"auto, (max-width: 580px) 100vw, 580px\" \/><figcaption id=\"caption-attachment-94980\" class=\"wp-caption-text\">La Liga Vecinal mantendr\u00e1 activo solo uno de sus torneos.<\/figcaption><\/figure>\n<figure id=\"attachment_94979\" aria-describedby=\"caption-attachment-94979\" style=\"width: 580px\" class=\"wp-caption alignnone\"><img data-recalc-dims=\"1\" loading=\"lazy\" decoding=\"async\" class=\"size-full wp-image-94979\" src=\"https:\/\/i0.wp.com\/www.eltrabajo.cl\/portal\/wp-content\/uploads\/2019\/10\/futbol-amateur.jpg?resize=580%2C359\" alt=\"Si se mantiene el actual horario del toque de queda, se jugar\u00e1 la fecha del torneo de la asociaci\u00f3n de f\u00fatbol local.\" width=\"580\" height=\"359\" srcset=\"https:\/\/i0.wp.com\/eltrabajo.cl\/portal\/wp-content\/uploads\/2019\/10\/futbol-amateur.jpg?w=580&amp;ssl=1 580w, https:\/\/i0.wp.com\/eltrabajo.cl\/portal\/wp-content\/uploads\/2019\/10\/futbol-amateur.jpg?resize=200%2C124&amp;ssl=1 200w, https:\/\/i0.wp.com\/eltrabajo.cl\/portal\/wp-content\/uploads\/2019\/10\/futbol-amateur.jpg?resize=300%2C186&amp;ssl=1 300w, https:\/\/i0.wp.com\/eltrabajo.cl\/portal\/wp-content\/uploads\/2019\/10\/futbol-amateur.jpg?resize=242%2C150&amp;ssl=1 242w, https:\/\/i0.wp.com\/eltrabajo.cl\/portal\/wp-content\/uploads\/2019\/10\/futbol-amateur.jpg?resize=400%2C248&amp;ssl=1 400w\" sizes=\"auto, (max-width: 580px) 100vw, 580px\" \/><figcaption id=\"caption-attachment-94979\" class=\"wp-caption-text\">Si se mantiene el actual horario del toque de queda, se jugar\u00e1 la fecha del torneo de la asociaci\u00f3n de f\u00fatbol local.<\/figcaption><\/figure>\n","protected":false},"excerpt":{"rendered":"<p>El domingo habr\u00e1 f\u00fatbol en la cancha Parras\u00eda El inicio del toque de queda a las 22 horas har\u00e1 posible que este domingo -de no mediar otro cambio de horario- se pueda&#8230;<\/p>\n","protected":false},"author":482,"featured_media":94980,"comment_status":"open","ping_status":"open","sticky":false,"template":"","format":"standard","meta":{"advanced_seo_description":"","jetpack_seo_html_title":"","jetpack_seo_noindex":false,"_jetpack_memberships_contains_paid_content":false,"footnotes":""},"categories":[19],"tags":[],"class_list":["post-94978","post","type-post","status-publish","format-standard","has-post-thumbnail","hentry","category-deportes"],"jetpack_featured_media_url":"https:\/\/i0.wp.com\/eltrabajo.cl\/portal\/wp-content\/uploads\/2019\/10\/liga-vecinal.jpg?fit=580%2C360&ssl=1","jetpack_sharing_enabled":true,"jetpack_likes_enabled":true,"jetpack-related-posts":[],"_links":{"self":[{"href":"https:\/\/eltrabajo.cl\/portal\/wp-json\/wp\/v2\/posts\/94978","targetHints":{"allow":["GET"]}}],"collection":[{"href":"https:\/\/eltrabajo.cl\/portal\/wp-json\/wp\/v2\/posts"}],"about":[{"href":"https:\/\/eltrabajo.cl\/portal\/wp-json\/wp\/v2\/types\/post"}],"author":[{"embeddable":true,"href":"https:\/\/eltrabajo.cl\/portal\/wp-json\/wp\/v2\/users\/482"}],"replies":[{"embeddable":true,"href":"https:\/\/eltrabajo.cl\/portal\/wp-json\/wp\/v2\/comments?post=94978"}],"version-history":[{"count":0,"href":"https:\/\/eltrabajo.cl\/portal\/wp-json\/wp\/v2\/posts\/94978\/revisions"}],"wp:featuredmedia":[{"embeddable":true,"href":"https:\/\/eltrabajo.cl\/portal\/wp-json\/wp\/v2\/media\/94980"}],"wp:attachment":[{"href":"https:\/\/eltrabajo.cl\/portal\/wp-json\/wp\/v2\/media?parent=94978"}],"wp:term":[{"taxonomy":"category","embeddable":true,"href":"https:\/\/eltrabajo.cl\/portal\/wp-json\/wp\/v2\/categories?post=94978"},{"taxonomy":"post_tag","embeddable":true,"href":"https:\/\/eltrabajo.cl\/portal\/wp-json\/wp\/v2\/tags?post=94978"}],"curies":[{"name":"wp","href":"https:\/\/api.w.org\/{rel}","templated":true}]}}